{"id":504,"date":"2016-02-26T13:21:52","date_gmt":"2016-02-26T13:21:52","guid":{"rendered":"http:\/\/www.andrefelizardo.com.br\/blog\/?p=504"},"modified":"2016-12-26T11:49:07","modified_gmt":"2016-12-26T11:49:07","slug":"facebook-reactions-o-que-muda-para-as-marcas","status":"publish","type":"post","link":"http:\/\/www.andrefelizardo.com.br\/blog\/facebook-reactions-o-que-muda-para-as-marcas\/","title":{"rendered":"Facebook Reactions: O que muda para as marcas?"},"content":{"rendered":"<p>O Facebook lan\u00e7ou essa semana, mundialmente, o <strong>Facebook Reactions<\/strong> ou Facebook Rea\u00e7\u00f5es, traduzindo. S\u00e3o novas op\u00e7\u00f5es ao curtir,\u00a0acompanhe comigo aqui embaixo o que muda para sua marca.<\/p>\n<p><!--more--><\/p>\n<p><a href=\"http:\/\/www.andrefelizardo.com.br\/blog\/wp-content\/uploads\/2016\/02\/facebook-reactions-02.jpeg\" rel=\"attachment wp-att-508\"><img decoding=\"async\" class=\"aligncenter wp-image-508 lazyload\" data-src=\"http:\/\/www.andrefelizardo.com.br\/blog\/wp-content\/uploads\/2016\/02\/facebook-reactions-02-300x200.jpeg\" alt=\"Facebook Reactions Mobile\" width=\"419\" height=\"246\" src=\"data:image\/svg+xml;base64,PHN2ZyB3aWR0aD0iMSIgaGVpZ2h0PSIxIiB4bWxucz0iaHR0cDovL3d3dy53My5vcmcvMjAwMC9zdmciPjwvc3ZnPg==\" style=\"--smush-placeholder-width: 419px; --smush-placeholder-aspect-ratio: 419\/246;\" \/><\/a><\/p>\n<p>Finalmente! A alguns meses, se voc\u00ea acompanha as novidades da rede social do tio Mark Zuckerberg, foi divulgado que ter\u00edamos mais bot\u00f5es al\u00e9m do curtir, comentar e compartilhar.<\/p>\n<p>Por algum tempo at\u00e9 se comentou que ter\u00edamos um bot\u00e3o <em>Dislike,\u00a0<\/em>algo como um\u00a0<em>N\u00e3o curtir<\/em>.<\/p>\n<p>Na \u00faltima quarta-feira (24) foi anunciado que gradualmente os novos bot\u00f5es estariam sendo disponibilizados e na\u00a0quinta-feira, no Brasil todos j\u00e1 estavam com essas novas op\u00e7\u00f5es.<\/p>\n<ul>\n<li><a href=\"#como-utilizar\">Como utilizar o Facebook Reactions?<\/a><\/li>\n<li><a href=\"#o-que-muda\">O que muda para as marcas?<\/a><\/li>\n<li><a href=\"#reacao-zangada\">A rea\u00e7\u00e3o <em>zangada<\/em> \u00e9 realmente ruim?<\/a><\/li>\n<li><a href=\"#conclusao\">Conclus\u00e3o<\/a><\/li>\n<\/ul>\n<h2><a name=\"como-utilizar\"><\/a>Como utilizar o Facebook Reactions?<\/h2>\n<p>Se voc\u00ea est\u00e1 acessando atrav\u00e9s do PC \u00e9 bem simples, basta parar o mouse, alguns segundos sobre a op\u00e7\u00e3o curtir e os divertidos <em>bal\u00f5eszinhos<\/em> ir\u00e3o aparecer, depois clique na op\u00e7\u00e3o que voc\u00ea deseja.<\/p>\n<p>J\u00e1 no mobile, primeiro, atualize o seu aplicativo do Facebook na loja do seu sistema.<\/p>\n<p>Depois, ao abrir o app, pressione por alguns segundos a op\u00e7\u00e3o curtir, depois deslize o dedo at\u00e9 a op\u00e7\u00e3o deseja. Neste caso, se quiser cancelar, arraste o dedo para baixo.<\/p>\n<h2><a name=\"o-que-muda\"><\/a>O que muda para as marcas?<\/h2>\n<p>Segundo a <a href=\"http:\/\/www.camilaporto.com.br\/\" target=\"_blank\">Camila Porto<\/a>, autora do livro Facebook Marketing e grande guru no quesito Facebook no Brasil, a novidade\u00a0vai trazer mais op\u00e7\u00f5es de engajamento para os f\u00e3s, e consequentemente mais informa\u00e7\u00f5es e dados para serem analisadas pelas empresas para medir o desempenho dos conte\u00fados.<\/p>\n<p>Ainda segundo ela, as marcas devem temer o emoji zangado, que representa um descontentamento. Com suas palavras: &#8220;Muitas rea\u00e7\u00f5es assim podem ser ruins para a imagem da empresa&#8221;, e neste ponto eu discordo um pouco.<\/p>\n<h2><a name=\"reacao-zangada\"><\/a>A rea\u00e7\u00e3o zangada \u00e9 realmente ruim?<\/h2>\n<p>Para as m\u00e9tricas do Facebook Insights, qualquer uma das rea\u00e7\u00f5es escolhida tem o mesmo peso, e conta como engajamento para a sua marca.<\/p>\n<p>Portanto, pense no seguinte caso:<\/p>\n<p>Tivemos o horr\u00edvel desastre ecol\u00f3gico\u00a0com Mariana e cidades pr\u00f3ximas. Em seguida, tivemos as rea\u00e7\u00f5es devidas ao descaso da Samarco em\u00a0dar suporte a popula\u00e7\u00e3o prejudicada.<\/p>\n<p>Antigamente, uma pessoa que ficou irritada com algum post, que deixava claro o descaso da Samarco s\u00f3 tinha a op\u00e7\u00e3o curtir, o que era um pouco contradit\u00f3rio. Curtir algo ruim, ou que voc\u00ea n\u00e3o concorda?<\/p>\n<h2><a name=\"conclusao\"><\/a>Conclus\u00e3o<\/h2>\n<p>A partir de agora, com as op\u00e7\u00f5es de Triste e Zangado, as pessoas tem mais formas de expressar a real sensa\u00e7\u00e3o com uma postagem de sua p\u00e1gina.\u00a0E a sua p\u00e1gina, seja com o Curtir, seja com o Zangado vai estar gerando engajamento com os f\u00e3s, e n\u00e3o \u00e9 isso que estamos buscando todos os dias?<\/p>\n<p>Se quiser testar os novos bot\u00f5es, aproveita e testa com a <a href=\"http:\/\/www.facebook.com\/andrefelizardopage\" target=\"_blank\">minha p\u00e1gina<\/a> e fique por dentro de mais Insights de Marketing Digital.<\/p>\n<p>&nbsp;<\/p>\n","protected":false},"excerpt":{"rendered":"<p>O Facebook lan\u00e7ou essa semana, mundialmente, o Facebook Reactions ou Facebook Rea\u00e7\u00f5es, traduzindo. S\u00e3o novas op\u00e7\u00f5es ao curtir,\u00a0acompanhe comigo aqui embaixo o que muda para sua marca.<\/p>\n","protected":false},"author":1,"featured_media":507,"comment_status":"open","ping_status":"open","sticky":false,"template":"","format":"standard","meta":{"_jetpack_newsletter_access":"","_jetpack_dont_email_post_to_subs":true,"_jetpack_newsletter_tier_id":0,"_jetpack_memberships_contains_paywalled_content":false,"_jetpack_memberships_contains_paid_content":false,"footnotes":""},"categories":[6,105],"tags":[22,38,39,106],"class_list":["post-504","post","type-post","status-publish","format-standard","has-post-thumbnail","hentry","category-marketing","category-marketing-digital","tag-facebook","tag-marketing","tag-marketing-digital","tag-redes-sociais"],"yoast_head":"<!-- This site is optimized with the Yoast SEO plugin v27.5 - https:\/\/yoast.com\/product\/yoast-seo-wordpress\/ -->\n<title>Facebook Reactions: O que muda para as marcas? - Blog do Andr\u00e9 Felizardo<\/title>\n<meta name=\"description\" content=\"Facebook Reactions: as novas rea\u00e7\u00f5es do Facebook. Aprenda a utiliz\u00e1-las e tirar proveito delas gerando mais engajamento para sua marca.\" \/>\n<meta name=\"robots\" content=\"index, follow, max-snippet:-1, max-image-preview:large, max-video-preview:-1\" \/>\n<link rel=\"canonical\" href=\"http:\/\/www.andrefelizardo.com.br\/blog\/facebook-reactions-o-que-muda-para-as-marcas\/\" \/>\n<meta property=\"og:locale\" content=\"pt_BR\" \/>\n<meta property=\"og:type\" content=\"article\" \/>\n<meta property=\"og:title\" content=\"Facebook Reactions: O que muda para as marcas? - Blog do Andr\u00e9 Felizardo\" \/>\n<meta property=\"og:description\" content=\"Facebook Reactions: as novas rea\u00e7\u00f5es do Facebook. Aprenda a utiliz\u00e1-las e tirar proveito delas gerando mais engajamento para sua marca.\" \/>\n<meta property=\"og:url\" content=\"http:\/\/www.andrefelizardo.com.br\/blog\/facebook-reactions-o-que-muda-para-as-marcas\/\" \/>\n<meta property=\"og:site_name\" content=\"Blog do Andr\u00e9 Felizardo\" \/>\n<meta property=\"article:published_time\" content=\"2016-02-26T13:21:52+00:00\" \/>\n<meta property=\"article:modified_time\" content=\"2016-12-26T11:49:07+00:00\" \/>\n<meta property=\"og:image\" content=\"http:\/\/www.andrefelizardo.com.br\/blog\/wp-content\/uploads\/2016\/02\/facebook-reactions.png\" \/>\n\t<meta property=\"og:image:width\" content=\"1575\" \/>\n\t<meta property=\"og:image:height\" content=\"951\" \/>\n\t<meta property=\"og:image:type\" content=\"image\/png\" \/>\n<meta name=\"author\" content=\"Andr\u00e9 Felizardo\" \/>\n<meta name=\"twitter:card\" content=\"summary_large_image\" \/>\n<meta name=\"twitter:label1\" content=\"Escrito por\" \/>\n\t<meta name=\"twitter:data1\" content=\"Andr\u00e9 Felizardo\" \/>\n\t<meta name=\"twitter:label2\" content=\"Est. tempo de leitura\" \/>\n\t<meta name=\"twitter:data2\" content=\"3 minutos\" \/>\n<script type=\"application\/ld+json\" class=\"yoast-schema-graph\">{\"@context\":\"https:\\\/\\\/schema.org\",\"@graph\":[{\"@type\":\"Article\",\"@id\":\"http:\\\/\\\/www.andrefelizardo.com.br\\\/blog\\\/facebook-reactions-o-que-muda-para-as-marcas\\\/#article\",\"isPartOf\":{\"@id\":\"http:\\\/\\\/www.andrefelizardo.com.br\\\/blog\\\/facebook-reactions-o-que-muda-para-as-marcas\\\/\"},\"author\":{\"name\":\"Andr\u00e9 Felizardo\",\"@id\":\"http:\\\/\\\/www.andrefelizardo.com.br\\\/blog\\\/#\\\/schema\\\/person\\\/7ffba68b251851fb519600e2e387a02b\"},\"headline\":\"Facebook Reactions: O que muda para as marcas?\",\"datePublished\":\"2016-02-26T13:21:52+00:00\",\"dateModified\":\"2016-12-26T11:49:07+00:00\",\"mainEntityOfPage\":{\"@id\":\"http:\\\/\\\/www.andrefelizardo.com.br\\\/blog\\\/facebook-reactions-o-que-muda-para-as-marcas\\\/\"},\"wordCount\":510,\"commentCount\":0,\"image\":{\"@id\":\"http:\\\/\\\/www.andrefelizardo.com.br\\\/blog\\\/facebook-reactions-o-que-muda-para-as-marcas\\\/#primaryimage\"},\"thumbnailUrl\":\"http:\\\/\\\/www.andrefelizardo.com.br\\\/blog\\\/wp-content\\\/uploads\\\/2016\\\/02\\\/facebook-reactions.png\",\"keywords\":[\"facebook\",\"marketing\",\"marketing digital\",\"redes sociais\"],\"articleSection\":[\"Marketing\",\"Marketing Digital\"],\"inLanguage\":\"pt-BR\",\"potentialAction\":[{\"@type\":\"CommentAction\",\"name\":\"Comment\",\"target\":[\"http:\\\/\\\/www.andrefelizardo.com.br\\\/blog\\\/facebook-reactions-o-que-muda-para-as-marcas\\\/#respond\"]}]},{\"@type\":\"WebPage\",\"@id\":\"http:\\\/\\\/www.andrefelizardo.com.br\\\/blog\\\/facebook-reactions-o-que-muda-para-as-marcas\\\/\",\"url\":\"http:\\\/\\\/www.andrefelizardo.com.br\\\/blog\\\/facebook-reactions-o-que-muda-para-as-marcas\\\/\",\"name\":\"Facebook Reactions: O que muda para as marcas? - Blog do Andr\u00e9 Felizardo\",\"isPartOf\":{\"@id\":\"http:\\\/\\\/www.andrefelizardo.com.br\\\/blog\\\/#website\"},\"primaryImageOfPage\":{\"@id\":\"http:\\\/\\\/www.andrefelizardo.com.br\\\/blog\\\/facebook-reactions-o-que-muda-para-as-marcas\\\/#primaryimage\"},\"image\":{\"@id\":\"http:\\\/\\\/www.andrefelizardo.com.br\\\/blog\\\/facebook-reactions-o-que-muda-para-as-marcas\\\/#primaryimage\"},\"thumbnailUrl\":\"http:\\\/\\\/www.andrefelizardo.com.br\\\/blog\\\/wp-content\\\/uploads\\\/2016\\\/02\\\/facebook-reactions.png\",\"datePublished\":\"2016-02-26T13:21:52+00:00\",\"dateModified\":\"2016-12-26T11:49:07+00:00\",\"author\":{\"@id\":\"http:\\\/\\\/www.andrefelizardo.com.br\\\/blog\\\/#\\\/schema\\\/person\\\/7ffba68b251851fb519600e2e387a02b\"},\"description\":\"Facebook Reactions: as novas rea\u00e7\u00f5es do Facebook. Aprenda a utiliz\u00e1-las e tirar proveito delas gerando mais engajamento para sua marca.\",\"breadcrumb\":{\"@id\":\"http:\\\/\\\/www.andrefelizardo.com.br\\\/blog\\\/facebook-reactions-o-que-muda-para-as-marcas\\\/#breadcrumb\"},\"inLanguage\":\"pt-BR\",\"potentialAction\":[{\"@type\":\"ReadAction\",\"target\":[\"http:\\\/\\\/www.andrefelizardo.com.br\\\/blog\\\/facebook-reactions-o-que-muda-para-as-marcas\\\/\"]}]},{\"@type\":\"ImageObject\",\"inLanguage\":\"pt-BR\",\"@id\":\"http:\\\/\\\/www.andrefelizardo.com.br\\\/blog\\\/facebook-reactions-o-que-muda-para-as-marcas\\\/#primaryimage\",\"url\":\"http:\\\/\\\/www.andrefelizardo.com.br\\\/blog\\\/wp-content\\\/uploads\\\/2016\\\/02\\\/facebook-reactions.png\",\"contentUrl\":\"http:\\\/\\\/www.andrefelizardo.com.br\\\/blog\\\/wp-content\\\/uploads\\\/2016\\\/02\\\/facebook-reactions.png\",\"width\":1575,\"height\":951,\"caption\":\"Facebook Reactions\"},{\"@type\":\"BreadcrumbList\",\"@id\":\"http:\\\/\\\/www.andrefelizardo.com.br\\\/blog\\\/facebook-reactions-o-que-muda-para-as-marcas\\\/#breadcrumb\",\"itemListElement\":[{\"@type\":\"ListItem\",\"position\":1,\"name\":\"In\u00edcio\",\"item\":\"http:\\\/\\\/www.andrefelizardo.com.br\\\/blog\\\/\"},{\"@type\":\"ListItem\",\"position\":2,\"name\":\"Facebook Reactions: O que muda para as marcas?\"}]},{\"@type\":\"WebSite\",\"@id\":\"http:\\\/\\\/www.andrefelizardo.com.br\\\/blog\\\/#website\",\"url\":\"http:\\\/\\\/www.andrefelizardo.com.br\\\/blog\\\/\",\"name\":\"Blog do Andr\u00e9 Felizardo\",\"description\":\"Programa\u00e7\u00e3o de dev para dev\",\"potentialAction\":[{\"@type\":\"SearchAction\",\"target\":{\"@type\":\"EntryPoint\",\"urlTemplate\":\"http:\\\/\\\/www.andrefelizardo.com.br\\\/blog\\\/?s={search_term_string}\"},\"query-input\":{\"@type\":\"PropertyValueSpecification\",\"valueRequired\":true,\"valueName\":\"search_term_string\"}}],\"inLanguage\":\"pt-BR\"},{\"@type\":\"Person\",\"@id\":\"http:\\\/\\\/www.andrefelizardo.com.br\\\/blog\\\/#\\\/schema\\\/person\\\/7ffba68b251851fb519600e2e387a02b\",\"name\":\"Andr\u00e9 Felizardo\",\"image\":{\"@type\":\"ImageObject\",\"inLanguage\":\"pt-BR\",\"@id\":\"http:\\\/\\\/www.andrefelizardo.com.br\\\/blog\\\/wp-content\\\/wphb-cache\\\/gravatar\\\/9f9\\\/9f92d8b773ef5acf9b462d6dab41d783x96.jpg\",\"url\":\"http:\\\/\\\/www.andrefelizardo.com.br\\\/blog\\\/wp-content\\\/wphb-cache\\\/gravatar\\\/9f9\\\/9f92d8b773ef5acf9b462d6dab41d783x96.jpg\",\"contentUrl\":\"http:\\\/\\\/www.andrefelizardo.com.br\\\/blog\\\/wp-content\\\/wphb-cache\\\/gravatar\\\/9f9\\\/9f92d8b773ef5acf9b462d6dab41d783x96.jpg\",\"caption\":\"Andr\u00e9 Felizardo\"},\"sameAs\":[\"http:\\\/\\\/www.andrefelizardo.com.br\"],\"url\":\"http:\\\/\\\/www.andrefelizardo.com.br\\\/blog\\\/author\\\/andrefelizardo\\\/\"}]}<\/script>\n<!-- \/ Yoast SEO plugin. -->","yoast_head_json":{"title":"Facebook Reactions: O que muda para as marcas? - Blog do Andr\u00e9 Felizardo","description":"Facebook Reactions: as novas rea\u00e7\u00f5es do Facebook. Aprenda a utiliz\u00e1-las e tirar proveito delas gerando mais engajamento para sua marca.","robots":{"index":"index","follow":"follow","max-snippet":"max-snippet:-1","max-image-preview":"max-image-preview:large","max-video-preview":"max-video-preview:-1"},"canonical":"http:\/\/www.andrefelizardo.com.br\/blog\/facebook-reactions-o-que-muda-para-as-marcas\/","og_locale":"pt_BR","og_type":"article","og_title":"Facebook Reactions: O que muda para as marcas? - Blog do Andr\u00e9 Felizardo","og_description":"Facebook Reactions: as novas rea\u00e7\u00f5es do Facebook. Aprenda a utiliz\u00e1-las e tirar proveito delas gerando mais engajamento para sua marca.","og_url":"http:\/\/www.andrefelizardo.com.br\/blog\/facebook-reactions-o-que-muda-para-as-marcas\/","og_site_name":"Blog do Andr\u00e9 Felizardo","article_published_time":"2016-02-26T13:21:52+00:00","article_modified_time":"2016-12-26T11:49:07+00:00","og_image":[{"width":1575,"height":951,"url":"http:\/\/www.andrefelizardo.com.br\/blog\/wp-content\/uploads\/2016\/02\/facebook-reactions.png","type":"image\/png"}],"author":"Andr\u00e9 Felizardo","twitter_card":"summary_large_image","twitter_misc":{"Escrito por":"Andr\u00e9 Felizardo","Est. tempo de leitura":"3 minutos"},"schema":{"@context":"https:\/\/schema.org","@graph":[{"@type":"Article","@id":"http:\/\/www.andrefelizardo.com.br\/blog\/facebook-reactions-o-que-muda-para-as-marcas\/#article","isPartOf":{"@id":"http:\/\/www.andrefelizardo.com.br\/blog\/facebook-reactions-o-que-muda-para-as-marcas\/"},"author":{"name":"Andr\u00e9 Felizardo","@id":"http:\/\/www.andrefelizardo.com.br\/blog\/#\/schema\/person\/7ffba68b251851fb519600e2e387a02b"},"headline":"Facebook Reactions: O que muda para as marcas?","datePublished":"2016-02-26T13:21:52+00:00","dateModified":"2016-12-26T11:49:07+00:00","mainEntityOfPage":{"@id":"http:\/\/www.andrefelizardo.com.br\/blog\/facebook-reactions-o-que-muda-para-as-marcas\/"},"wordCount":510,"commentCount":0,"image":{"@id":"http:\/\/www.andrefelizardo.com.br\/blog\/facebook-reactions-o-que-muda-para-as-marcas\/#primaryimage"},"thumbnailUrl":"http:\/\/www.andrefelizardo.com.br\/blog\/wp-content\/uploads\/2016\/02\/facebook-reactions.png","keywords":["facebook","marketing","marketing digital","redes sociais"],"articleSection":["Marketing","Marketing Digital"],"inLanguage":"pt-BR","potentialAction":[{"@type":"CommentAction","name":"Comment","target":["http:\/\/www.andrefelizardo.com.br\/blog\/facebook-reactions-o-que-muda-para-as-marcas\/#respond"]}]},{"@type":"WebPage","@id":"http:\/\/www.andrefelizardo.com.br\/blog\/facebook-reactions-o-que-muda-para-as-marcas\/","url":"http:\/\/www.andrefelizardo.com.br\/blog\/facebook-reactions-o-que-muda-para-as-marcas\/","name":"Facebook Reactions: O que muda para as marcas? - Blog do Andr\u00e9 Felizardo","isPartOf":{"@id":"http:\/\/www.andrefelizardo.com.br\/blog\/#website"},"primaryImageOfPage":{"@id":"http:\/\/www.andrefelizardo.com.br\/blog\/facebook-reactions-o-que-muda-para-as-marcas\/#primaryimage"},"image":{"@id":"http:\/\/www.andrefelizardo.com.br\/blog\/facebook-reactions-o-que-muda-para-as-marcas\/#primaryimage"},"thumbnailUrl":"http:\/\/www.andrefelizardo.com.br\/blog\/wp-content\/uploads\/2016\/02\/facebook-reactions.png","datePublished":"2016-02-26T13:21:52+00:00","dateModified":"2016-12-26T11:49:07+00:00","author":{"@id":"http:\/\/www.andrefelizardo.com.br\/blog\/#\/schema\/person\/7ffba68b251851fb519600e2e387a02b"},"description":"Facebook Reactions: as novas rea\u00e7\u00f5es do Facebook. Aprenda a utiliz\u00e1-las e tirar proveito delas gerando mais engajamento para sua marca.","breadcrumb":{"@id":"http:\/\/www.andrefelizardo.com.br\/blog\/facebook-reactions-o-que-muda-para-as-marcas\/#breadcrumb"},"inLanguage":"pt-BR","potentialAction":[{"@type":"ReadAction","target":["http:\/\/www.andrefelizardo.com.br\/blog\/facebook-reactions-o-que-muda-para-as-marcas\/"]}]},{"@type":"ImageObject","inLanguage":"pt-BR","@id":"http:\/\/www.andrefelizardo.com.br\/blog\/facebook-reactions-o-que-muda-para-as-marcas\/#primaryimage","url":"http:\/\/www.andrefelizardo.com.br\/blog\/wp-content\/uploads\/2016\/02\/facebook-reactions.png","contentUrl":"http:\/\/www.andrefelizardo.com.br\/blog\/wp-content\/uploads\/2016\/02\/facebook-reactions.png","width":1575,"height":951,"caption":"Facebook Reactions"},{"@type":"BreadcrumbList","@id":"http:\/\/www.andrefelizardo.com.br\/blog\/facebook-reactions-o-que-muda-para-as-marcas\/#breadcrumb","itemListElement":[{"@type":"ListItem","position":1,"name":"In\u00edcio","item":"http:\/\/www.andrefelizardo.com.br\/blog\/"},{"@type":"ListItem","position":2,"name":"Facebook Reactions: O que muda para as marcas?"}]},{"@type":"WebSite","@id":"http:\/\/www.andrefelizardo.com.br\/blog\/#website","url":"http:\/\/www.andrefelizardo.com.br\/blog\/","name":"Blog do Andr\u00e9 Felizardo","description":"Programa\u00e7\u00e3o de dev para dev","potentialAction":[{"@type":"SearchAction","target":{"@type":"EntryPoint","urlTemplate":"http:\/\/www.andrefelizardo.com.br\/blog\/?s={search_term_string}"},"query-input":{"@type":"PropertyValueSpecification","valueRequired":true,"valueName":"search_term_string"}}],"inLanguage":"pt-BR"},{"@type":"Person","@id":"http:\/\/www.andrefelizardo.com.br\/blog\/#\/schema\/person\/7ffba68b251851fb519600e2e387a02b","name":"Andr\u00e9 Felizardo","image":{"@type":"ImageObject","inLanguage":"pt-BR","@id":"http:\/\/www.andrefelizardo.com.br\/blog\/wp-content\/wphb-cache\/gravatar\/9f9\/9f92d8b773ef5acf9b462d6dab41d783x96.jpg","url":"http:\/\/www.andrefelizardo.com.br\/blog\/wp-content\/wphb-cache\/gravatar\/9f9\/9f92d8b773ef5acf9b462d6dab41d783x96.jpg","contentUrl":"http:\/\/www.andrefelizardo.com.br\/blog\/wp-content\/wphb-cache\/gravatar\/9f9\/9f92d8b773ef5acf9b462d6dab41d783x96.jpg","caption":"Andr\u00e9 Felizardo"},"sameAs":["http:\/\/www.andrefelizardo.com.br"],"url":"http:\/\/www.andrefelizardo.com.br\/blog\/author\/andrefelizardo\/"}]}},"jetpack_featured_media_url":"http:\/\/www.andrefelizardo.com.br\/blog\/wp-content\/uploads\/2016\/02\/facebook-reactions.png","jetpack_shortlink":"https:\/\/wp.me\/p6EP66-88","jetpack-related-posts":[{"id":732,"url":"http:\/\/www.andrefelizardo.com.br\/blog\/primeiro-ano-serio-do-blog-balanco-2016\/","url_meta":{"origin":504,"position":0},"title":"Primeiro ano (s\u00e9rio) do blog &#8211; Balan\u00e7o 2016","author":"Andr\u00e9 Felizardo","date":"13 de dezembro de 2016","format":false,"excerpt":"Estamos na \u00e9poca de Retrospectivas n\u00e9, ent\u00e3o vou come\u00e7ar a minha. Esse ano foi o segundo ano do blog, mas na verdade foi o primeiro ano que eu levei o blog a s\u00e9rio, e os n\u00fameros foram impressionantes! Divulga\u00e7\u00e3o Bom, eu n\u00e3o utilizei nenhum m\u00e9todo pago este ano para conseguir\u2026","rel":"","context":"Em &quot;Curiosidades&quot;","block_context":{"text":"Curiosidades","link":"http:\/\/www.andrefelizardo.com.br\/blog\/category\/curiosidades\/"},"img":{"alt_text":"Splash Screen Ionic","src":"https:\/\/i0.wp.com\/www.andrefelizardo.com.br\/blog\/wp-content\/uploads\/2016\/07\/splash-andre-felizardo.png?resize=350%2C200","width":350,"height":200,"srcset":"https:\/\/i0.wp.com\/www.andrefelizardo.com.br\/blog\/wp-content\/uploads\/2016\/07\/splash-andre-felizardo.png?resize=350%2C200 1x, https:\/\/i0.wp.com\/www.andrefelizardo.com.br\/blog\/wp-content\/uploads\/2016\/07\/splash-andre-felizardo.png?resize=525%2C300 1.5x, https:\/\/i0.wp.com\/www.andrefelizardo.com.br\/blog\/wp-content\/uploads\/2016\/07\/splash-andre-felizardo.png?resize=700%2C400 2x, https:\/\/i0.wp.com\/www.andrefelizardo.com.br\/blog\/wp-content\/uploads\/2016\/07\/splash-andre-felizardo.png?resize=1050%2C600 3x, https:\/\/i0.wp.com\/www.andrefelizardo.com.br\/blog\/wp-content\/uploads\/2016\/07\/splash-andre-felizardo.png?resize=1400%2C800 4x"},"classes":[]},{"id":227,"url":"http:\/\/www.andrefelizardo.com.br\/blog\/o-que-e-marketing-digital\/","url_meta":{"origin":504,"position":1},"title":"O que \u00e9 marketing digital?","author":"Andr\u00e9 Felizardo","date":"28 de agosto de 2015","format":false,"excerpt":"Marketing Digital \u00e9 um dos assuntos mais comentados da d\u00e9cada atual. Atualmente no Google existem mais de 187 milh\u00f5es de resultados para a pergunta: O que \u00e9 Marketing Digital? Ao contr\u00e1rio dos canais de marketing tradicional, onde quem controla s\u00e3o os grupos empresariais (como TV e outros), na Internet o\u2026","rel":"","context":"Em &quot;Marketing&quot;","block_context":{"text":"Marketing","link":"http:\/\/www.andrefelizardo.com.br\/blog\/category\/marketing\/"},"img":{"alt_text":"O que \u00e9 Marketing Digital?","src":"https:\/\/i0.wp.com\/www.andrefelizardo.com.br\/blog\/wp-content\/uploads\/2015\/08\/o-que-e-marketing-digital.jpg?resize=350%2C200","width":350,"height":200,"srcset":"https:\/\/i0.wp.com\/www.andrefelizardo.com.br\/blog\/wp-content\/uploads\/2015\/08\/o-que-e-marketing-digital.jpg?resize=350%2C200 1x, https:\/\/i0.wp.com\/www.andrefelizardo.com.br\/blog\/wp-content\/uploads\/2015\/08\/o-que-e-marketing-digital.jpg?resize=525%2C300 1.5x, https:\/\/i0.wp.com\/www.andrefelizardo.com.br\/blog\/wp-content\/uploads\/2015\/08\/o-que-e-marketing-digital.jpg?resize=700%2C400 2x, https:\/\/i0.wp.com\/www.andrefelizardo.com.br\/blog\/wp-content\/uploads\/2015\/08\/o-que-e-marketing-digital.jpg?resize=1050%2C600 3x"},"classes":[]},{"id":515,"url":"http:\/\/www.andrefelizardo.com.br\/blog\/instagram-cria-ordem-de-relevancia-para-imagens-igual-ao-facebook\/","url_meta":{"origin":504,"position":2},"title":"Instagram cria ordem de relev\u00e2ncia para imagens, igual ao Facebook","author":"Andr\u00e9 Felizardo","date":"29 de mar\u00e7o de 2016","format":false,"excerpt":"O Instagram anunciou a alguns dias uma mudan\u00e7a, que est\u00e1 movimentando as opini\u00f5es do mundo do Marketing Digital. A partir de hoje(29)[atualiza\u00e7\u00e3o no fim do texto], as imagens postadas no Instagram ser\u00e3o exibidas para os usu\u00e1rios de acordo com a relev\u00e2ncia, assim como o Facebook. Instagram Caso voc\u00ea n\u00e3o conhe\u00e7a,\u2026","rel":"","context":"Em &quot;Aplicativos&quot;","block_context":{"text":"Aplicativos","link":"http:\/\/www.andrefelizardo.com.br\/blog\/category\/aplicativos\/"},"img":{"alt_text":"Instagram Logo","src":"https:\/\/i0.wp.com\/www.andrefelizardo.com.br\/blog\/wp-content\/uploads\/2016\/03\/instagram-post-blog.png?resize=350%2C200","width":350,"height":200,"srcset":"https:\/\/i0.wp.com\/www.andrefelizardo.com.br\/blog\/wp-content\/uploads\/2016\/03\/instagram-post-blog.png?resize=350%2C200 1x, https:\/\/i0.wp.com\/www.andrefelizardo.com.br\/blog\/wp-content\/uploads\/2016\/03\/instagram-post-blog.png?resize=525%2C300 1.5x, https:\/\/i0.wp.com\/www.andrefelizardo.com.br\/blog\/wp-content\/uploads\/2016\/03\/instagram-post-blog.png?resize=700%2C400 2x"},"classes":[]},{"id":3,"url":"http:\/\/www.andrefelizardo.com.br\/blog\/inbound-marketing\/","url_meta":{"origin":504,"position":3},"title":"O que \u00e9 Inbound Marketing?","author":"Andr\u00e9 Felizardo","date":"29 de setembro de 2015","format":false,"excerpt":"Eu n\u00e3o sei se aconteceu com voc\u00ea. Mas desde que comecei a pesquisar e a ler sobre Marketing Digital, sempre apareceram refer\u00eancias sobre Inbound Marketing. Esse texto \u00e9 pra te ajudar a entender melhor como funciona essa tend\u00eancia mundial, e que todas as empresas que querem crescer devem seguir. O\u2026","rel":"","context":"Em &quot;Marketing&quot;","block_context":{"text":"Marketing","link":"http:\/\/www.andrefelizardo.com.br\/blog\/category\/marketing\/"},"img":{"alt_text":"Funil de Inbound Marketing","src":"https:\/\/i0.wp.com\/www.andrefelizardo.com.br\/blog\/wp-content\/uploads\/2015\/09\/inbound-marketing-funil.jpg?resize=350%2C200","width":350,"height":200,"srcset":"https:\/\/i0.wp.com\/www.andrefelizardo.com.br\/blog\/wp-content\/uploads\/2015\/09\/inbound-marketing-funil.jpg?resize=350%2C200 1x, https:\/\/i0.wp.com\/www.andrefelizardo.com.br\/blog\/wp-content\/uploads\/2015\/09\/inbound-marketing-funil.jpg?resize=525%2C300 1.5x"},"classes":[]},{"id":993,"url":"http:\/\/www.andrefelizardo.com.br\/blog\/javascript-reduce\/","url_meta":{"origin":504,"position":4},"title":"JavaScript &#8211; Reduce","author":"Andr\u00e9 Felizardo","date":"5 de abril de 2018","format":false,"excerpt":"JavaScript Reduce \u00e9 um dos m\u00e9todos recentes de programa\u00e7\u00e3o funcional que a linguagem possui. Ele foi definido no EcmaScript 2015, e \u00e9 um m\u00e9todo de arrays. Acesse aqui para entender um pouco mais dessa hist\u00f3ria do JavaScript. Se voc\u00ea n\u00e3o entende muito bem sobre programa\u00e7\u00e3o funcional, deixa um coment\u00e1rio que\u2026","rel":"","context":"Em &quot;Dev&quot;","block_context":{"text":"Dev","link":"http:\/\/www.andrefelizardo.com.br\/blog\/category\/dev\/"},"img":{"alt_text":"Capa do blog para JavaScript reduce","src":"https:\/\/i0.wp.com\/www.andrefelizardo.com.br\/blog\/wp-content\/uploads\/2018\/04\/javascript-reduce.png?resize=350%2C200","width":350,"height":200,"srcset":"https:\/\/i0.wp.com\/www.andrefelizardo.com.br\/blog\/wp-content\/uploads\/2018\/04\/javascript-reduce.png?resize=350%2C200 1x, https:\/\/i0.wp.com\/www.andrefelizardo.com.br\/blog\/wp-content\/uploads\/2018\/04\/javascript-reduce.png?resize=525%2C300 1.5x, https:\/\/i0.wp.com\/www.andrefelizardo.com.br\/blog\/wp-content\/uploads\/2018\/04\/javascript-reduce.png?resize=700%2C400 2x"},"classes":[]},{"id":590,"url":"http:\/\/www.andrefelizardo.com.br\/blog\/ionic-creator-exportando-e-gerando-apk\/","url_meta":{"origin":504,"position":5},"title":"Ionic Creator &#8211; exportando e gerando apk","author":"Andr\u00e9 Felizardo","date":"23 de maio de 2016","format":false,"excerpt":"Continuando nossa jornada sobre o Ionic Creator, vamos agora exportar o app que fizemos na ferramenta, para podermos editar o c\u00f3digo e gerar o instalador para o Android (.apk). Se voc\u00ea n\u00e3o tem i-d-e-i-a do que \u00e9 Ionic, muito menos Ionic Creator, comece por aqui! No Ionic Creator, no canto\u2026","rel":"","context":"Em &quot;Aplicativos&quot;","block_context":{"text":"Aplicativos","link":"http:\/\/www.andrefelizardo.com.br\/blog\/category\/aplicativos\/"},"img":{"alt_text":"","src":"https:\/\/i0.wp.com\/www.andrefelizardo.com.br\/blog\/wp-content\/uploads\/2016\/05\/ionic-creator-parte-II.png?resize=350%2C200","width":350,"height":200,"srcset":"https:\/\/i0.wp.com\/www.andrefelizardo.com.br\/blog\/wp-content\/uploads\/2016\/05\/ionic-creator-parte-II.png?resize=350%2C200 1x, https:\/\/i0.wp.com\/www.andrefelizardo.com.br\/blog\/wp-content\/uploads\/2016\/05\/ionic-creator-parte-II.png?resize=525%2C300 1.5x, https:\/\/i0.wp.com\/www.andrefelizardo.com.br\/blog\/wp-content\/uploads\/2016\/05\/ionic-creator-parte-II.png?resize=700%2C400 2x"},"classes":[]}],"jetpack_sharing_enabled":true,"_links":{"self":[{"href":"http:\/\/www.andrefelizardo.com.br\/blog\/wp-json\/wp\/v2\/posts\/504","targetHints":{"allow":["GET"]}}],"collection":[{"href":"http:\/\/www.andrefelizardo.com.br\/blog\/wp-json\/wp\/v2\/posts"}],"about":[{"href":"http:\/\/www.andrefelizardo.com.br\/blog\/wp-json\/wp\/v2\/types\/post"}],"author":[{"embeddable":true,"href":"http:\/\/www.andrefelizardo.com.br\/blog\/wp-json\/wp\/v2\/users\/1"}],"replies":[{"embeddable":true,"href":"http:\/\/www.andrefelizardo.com.br\/blog\/wp-json\/wp\/v2\/comments?post=504"}],"version-history":[{"count":0,"href":"http:\/\/www.andrefelizardo.com.br\/blog\/wp-json\/wp\/v2\/posts\/504\/revisions"}],"wp:featuredmedia":[{"embeddable":true,"href":"http:\/\/www.andrefelizardo.com.br\/blog\/wp-json\/wp\/v2\/media\/507"}],"wp:attachment":[{"href":"http:\/\/www.andrefelizardo.com.br\/blog\/wp-json\/wp\/v2\/media?parent=504"}],"wp:term":[{"taxonomy":"category","embeddable":true,"href":"http:\/\/www.andrefelizardo.com.br\/blog\/wp-json\/wp\/v2\/categories?post=504"},{"taxonomy":"post_tag","embeddable":true,"href":"http:\/\/www.andrefelizardo.com.br\/blog\/wp-json\/wp\/v2\/tags?post=504"}],"curies":[{"name":"wp","href":"https:\/\/api.w.org\/{rel}","templated":true}]}}