{"id":732,"date":"2016-12-13T14:25:57","date_gmt":"2016-12-13T14:25:57","guid":{"rendered":"http:\/\/www.andrefelizardo.com.br\/blog\/?p=732"},"modified":"2016-12-15T13:57:11","modified_gmt":"2016-12-15T13:57:11","slug":"primeiro-ano-serio-do-blog-balanco-2016","status":"publish","type":"post","link":"http:\/\/www.andrefelizardo.com.br\/blog\/primeiro-ano-serio-do-blog-balanco-2016\/","title":{"rendered":"Primeiro ano (s\u00e9rio) do blog &#8211; Balan\u00e7o 2016"},"content":{"rendered":"<p>Estamos na \u00e9poca de Retrospectivas n\u00e9, ent\u00e3o vou come\u00e7ar a minha.<\/p>\n<p>Esse ano foi o segundo ano do blog, mas na verdade foi o primeiro ano que eu levei o blog a s\u00e9rio, e os n\u00fameros foram impressionantes!<\/p>\n<p><a href=\"http:\/\/www.andrefelizardo.com.br\/blog\/wp-content\/uploads\/2016\/12\/balanco-2016.png\" target=\"_blank\"><img decoding=\"async\" class=\"aligncenter wp-image-734 size-medium lazyload\" data-src=\"http:\/\/www.andrefelizardo.com.br\/blog\/wp-content\/uploads\/2016\/12\/balanco-2016-300x171.png\" alt=\"Blog Andr\u00e9 Felizardo\" width=\"300\" height=\"171\" data-srcset=\"http:\/\/www.andrefelizardo.com.br\/blog\/wp-content\/uploads\/2016\/12\/balanco-2016-300x171.png 300w, http:\/\/www.andrefelizardo.com.br\/blog\/wp-content\/uploads\/2016\/12\/balanco-2016.png 728w\" data-sizes=\"(max-width: 300px) 100vw, 300px\" src=\"data:image\/svg+xml;base64,PHN2ZyB3aWR0aD0iMSIgaGVpZ2h0PSIxIiB4bWxucz0iaHR0cDovL3d3dy53My5vcmcvMjAwMC9zdmciPjwvc3ZnPg==\" style=\"--smush-placeholder-width: 300px; --smush-placeholder-aspect-ratio: 300\/171;\" \/><\/a><\/p>\n<h2>Divulga\u00e7\u00e3o<\/h2>\n<p>Bom, eu n\u00e3o utilizei nenhum m\u00e9todo pago este ano para conseguir acessos no blog. Mesmo assim, o crescimento das visualiza\u00e7\u00f5es foi de <strong>mais de 840%<\/strong>!<!--more--><\/p>\n<p>O que eu fiz de divulga\u00e7\u00e3o gratuita foi:<\/p>\n<ul>\n<li>Compartilhar na <a href=\"https:\/\/www.facebook.com\/andrefelizardopage\/\" target=\"_blank\">p\u00e1gina do Facebook<\/a><\/li>\n<li>Compartilhar em grupos do Facebook, mas s\u00f3 grupos que falem do assunto, POR FAVOR<\/li>\n<li>Compartilhar com pessoas engajadas sobre os assuntos no meu trabalho<\/li>\n<\/ul>\n<p>Tamb\u00e9m divulguei no meu <a href=\"https:\/\/www.facebook.com\/andreluis.felizardo\" target=\"_blank\">perfil pessoal do Facebook<\/a>, Linkedin, Twitter, mas a maioria dos acessos diretos vieram destes lugares.<\/p>\n<h2>Meta<\/h2>\n<p>Pra ter conseguido essa melhora no desempenho, al\u00e9m das divulga\u00e7\u00f5es, foi muito importante a defini\u00e7\u00e3o de uma meta. Tem aquela frase do <em>Lewis Carrol<\/em>, que diz:\u00a0<em>&#8220;Se voc\u00ea n\u00e3o sabe onde quer ir, qualquer caminho serve.&#8221;\u00a0<\/em>E \u00e9 extremamente verdade. Ent\u00e3o, o que fiz, em dezembro do ano passado, foi definir\u00a0metas para o blog.<\/p>\n<p>A primeira delas foi de conseguir escrever 12 artigos no ano, que d\u00e1 uma m\u00e9dia razo\u00e1vel de um artigo por m\u00eas. No in\u00edcio achei que ia ser muito f\u00e1cil, mas v\u00e1rios meses eu n\u00e3o escrevi, s\u00f3 rascunhei algumas coisas. Mas com esse post final, estou alcan\u00e7ando a meta, e muito feliz. Provavelmente para o pr\u00f3ximo ano eu vou dobrar a aposta, igual a <strong><span style=\"color: #ff0000;\">Dilma<\/span><\/strong>.<\/p>\n<p>A segunda meta,\u00a0foi de ter mais de 25 acessos di\u00e1rios por 7 dias seguidos. De julho pra c\u00e1 eu alcancei bem mais que isso v\u00e1rias vezes. N\u00e3o devo fazer uma meta parecida para o ano que vem.<\/p>\n<p>A terceira meta, a mais ousada, foi a de ter como m\u00e9dia 25 acessos durante o ano. Isso totaliza 9.125 acessos no ano. Joguei alto? Um pouco talvez. Atualmente, faltando\u00a018 dias para acabar o ano, minha m\u00e9dia \u00e9 de 20,5 acessos por dia. Quase alcancei. Se eu alcan\u00e7ar eu vou dobrar. Caso contr\u00e1rio, como j\u00e1 estou perto, vou aumentar um pouco, pra ter desafios no ano que vem tamb\u00e9m n\u00e9.<\/p>\n<h2>Artigos<\/h2>\n<p>Os textos que eu escrevi esse ano foram, cronologicamente:<\/p>\n<ul>\n<li>Softwares &#8211;\u00a0<a href=\"http:\/\/www.andrefelizardo.com.br\/blog\/conheca-o-vs-code\/\" target=\"_blank\">Conhe\u00e7a o VS Code \u2013 Alternativa ao Sublime<\/a><\/li>\n<li>Marketing Digital &#8211;\u00a0<a href=\"http:\/\/www.andrefelizardo.com.br\/blog\/facebook-reactions-o-que-muda-para-as-marcas\/\" target=\"_blank\">Facebook Reactions: O que muda para as marcas?<\/a><\/li>\n<li>Marketing Digital &#8211;\u00a0<a href=\"http:\/\/www.andrefelizardo.com.br\/blog\/instagram-cria-ordem-de-relevancia-para-imagens-igual-ao-facebook\/\" target=\"_blank\">Instagram cria ordem de relev\u00e2ncia para imagens, igual ao Facebook<\/a><\/li>\n<li>Desenvolvimento &#8211;\u00a0<a href=\"http:\/\/www.andrefelizardo.com.br\/blog\/ionic-framework-desenvolvendo-mobile-apps\/\" target=\"_blank\">Ionic Framework \u2013 Desenvolvendo Mobile Apps<\/a><\/li>\n<li>Desenvolvimento &#8211;\u00a0<a href=\"http:\/\/www.andrefelizardo.com.br\/blog\/ionic-creator-crie-atraves-de-interface\/\" target=\"_blank\">Ionic Creator \u2013 Crie atrav\u00e9s de interface<\/a><\/li>\n<li>Desenvolvimento &#8211;\u00a0<a href=\"http:\/\/www.andrefelizardo.com.br\/blog\/ionic-creator-exportando-e-gerando-apk\/\" target=\"_blank\">Ionic Creator \u2013 exportando e gerando apk<\/a><\/li>\n<li>Desenvolvimento &#8211;\u00a0<a href=\"http:\/\/www.andrefelizardo.com.br\/blog\/splash-screen-ionic-e-icone\/\" target=\"_blank\">Ionic \u2013 Splash Screen e \u00edcone<\/a><\/li>\n<li>Desenvolvimento &#8211;\u00a0<a href=\"http:\/\/www.andrefelizardo.com.br\/blog\/manipulando-elementos-de-acordo-com-a-altura-da-janela\/\" target=\"_blank\">Manipulando elementos de acordo com a altura da janela<\/a><\/li>\n<li>Desenvolvimento &#8211;\u00a0<a href=\"http:\/\/www.andrefelizardo.com.br\/blog\/criando-pagina-com-rolagem-por-secao-html-css-jquery\/\" target=\"_blank\">Criando p\u00e1gina com rolagem por se\u00e7\u00e3o \u2013 HTML, CSS, jQuery<\/a><\/li>\n<li>Desenvolvimento &#8211;\u00a0<a href=\"http:\/\/www.andrefelizardo.com.br\/blog\/react-js-o-que-e-introducao-ao-react\/\" target=\"_blank\">React.js, o que \u00e9? \u2013 Introdu\u00e7\u00e3o ao React<\/a><\/li>\n<li>Desenvolvimento &#8211;\u00a0<a href=\"http:\/\/www.andrefelizardo.com.br\/blog\/node-js-o-que-e-entenda-agora\/\" target=\"_blank\">Node.js, o que \u00e9? Entenda agora<\/a><\/li>\n<\/ul>\n<p>A maioria deles escrevi porque eu comecei a estudar sobre o assunto, recolhi tanto material e achei t\u00e3o legal que resolvi compartilhar. Outros eu criei a partir de d\u00favidas de amigos e alguns eram #trend na \u00e9poca, como os de Marketing Digital.<\/p>\n<h2>Benef\u00edcios<\/h2>\n<p>V\u00e1rios s\u00e3o os benef\u00edcios de escrever um blog. O mais \u00f3bvio \u00e9 melhorar a escrita. De certa forma estou acostumado a escrever e n\u00e3o tenho nenhum bloqueio para fazer reda\u00e7\u00e3o &#8211; agrade\u00e7o isso as minhas professoras de Produ\u00e7\u00e3o de Texto que me obrigavam a fazer umas 3, 4 reda\u00e7\u00f5es por semana, mas, fazer um artigo, que n\u00e3o simplesmente saiu da sua cabe\u00e7a demanda pesquisa, revis\u00e3o, mais pesquisa e mais revis\u00e3o.<\/p>\n<p>No caso dos textos mais t\u00e9cnicos, eu criei e testei os c\u00f3digos antes e durante o processo de escrita, para que minhas explica\u00e7\u00f5es fizessem sentido.<\/p>\n<p>Ao compartilhar nas redes sociais, principalmente nos grupos do Facebook, recebi bastante feedback, o que foi um aprendizado legal, ao saber lidar com cr\u00edticas, ver se a galera entende o que eu escrevo e tamb\u00e9m perceber o que outras pessoas est\u00e3o estudando.<\/p>\n<p>Um benef\u00edcio, espec\u00edfico para mim, \u00e9 que pra algumas pessoas, acabei me tornando refer\u00eancia pra v\u00e1rios assuntos tanto na empresa que trabalho, quanto para projetos externos, consultoria ou apenas perguntas de amigos, e eu, particularmente, adoro isso.<\/p>\n<p>Aprendi muito, fiz amigos, me tornei refer\u00eancia pra alguns assuntos, criei coragem pra ir a eventos de TI sozinho (como o <a href=\"http:\/\/frontendcarioca.com.br\/\" target=\"_blank\">Front-end Carioca<\/a>), percebi que sei bastante coisa, mas tamb\u00e9m percebi que tenho muita\u00b9\u00b2\u00b3\u00b9\u00b2\u00b3 coisa pra aprender. Muita mesmo.<\/p>\n<p>Por esses motivos, eu realmente acho, que voc\u00ea deveria criar o seu blog, e compartilhar com o mundo o que voc\u00ea sabe, ou est\u00e1 aprendendo.<\/p>\n<h2>M\u00e9tricas<\/h2>\n<p>&nbsp;<\/p>\n<p><a href=\"http:\/\/www.andrefelizardo.com.br\/blog\/wp-content\/uploads\/2016\/12\/balanco-2016-01.png\" target=\"_blank\"><img decoding=\"async\" class=\"aligncenter wp-image-735 size-medium lazyload\" data-src=\"http:\/\/www.andrefelizardo.com.br\/blog\/wp-content\/uploads\/2016\/12\/balanco-2016-01-250x300.png\" alt=\"Blog Andr\u00e9 Felizardo\" width=\"250\" height=\"300\" data-srcset=\"http:\/\/www.andrefelizardo.com.br\/blog\/wp-content\/uploads\/2016\/12\/balanco-2016-01-250x300.png 250w, http:\/\/www.andrefelizardo.com.br\/blog\/wp-content\/uploads\/2016\/12\/balanco-2016-01.png 362w\" data-sizes=\"(max-width: 250px) 100vw, 250px\" src=\"data:image\/svg+xml;base64,PHN2ZyB3aWR0aD0iMSIgaGVpZ2h0PSIxIiB4bWxucz0iaHR0cDovL3d3dy53My5vcmcvMjAwMC9zdmciPjwvc3ZnPg==\" style=\"--smush-placeholder-width: 250px; --smush-placeholder-aspect-ratio: 250\/300;\" \/><\/a><\/p>\n<p>O assunto mais acessado no blog, e tamb\u00e9m o que eu mais escrevi sobre, foi Ionic. Somando os textos, mais de 40% dos acessos foram nos de Ionic. Sinal de que a galera t\u00e1 pesquisando sobre o assunto. Esse ano eu ajudei em 2 projetos feitos em Ionic, sem contar nos meus pessoais, meu pr\u00f3prio crescimento sobre o assunto foi bom.<\/p>\n<p>Um lance engra\u00e7ado, \u00e9 que o segundo texto mais acessado foi o de <a href=\"http:\/\/www.andrefelizardo.com.br\/blog\/site-em-construcao\/\" target=\"_blank\">Site em constru\u00e7\u00e3o<\/a>, que eu escrevi em outro blog e acabei importando pra c\u00e1. Eu n\u00e3o divulguei esse texto. 90% do tr\u00e1fego de buscas do meu blog, caem nesse texto, e sabe porque? Por conta da imagem de site em constru\u00e7\u00e3o que eu coloquei l\u00e1. Claro, utilizei boas pr\u00e1ticas de SEO, mas no texto eu explico exatamente que voc\u00ea <strong>N\u00c3O<\/strong> deveria ter uma p\u00e1gina de site em constru\u00e7\u00e3o, para a maioria dos casos.<\/p>\n<p><a href=\"http:\/\/www.andrefelizardo.com.br\/blog\/wp-content\/uploads\/2016\/12\/balanco-2016-02.png\"><img decoding=\"async\" class=\"aligncenter wp-image-736 size-medium lazyload\" data-src=\"http:\/\/www.andrefelizardo.com.br\/blog\/wp-content\/uploads\/2016\/12\/balanco-2016-02-247x300.png\" alt=\"Blog Andr\u00e9 Felizardo\" width=\"247\" height=\"300\" data-srcset=\"http:\/\/www.andrefelizardo.com.br\/blog\/wp-content\/uploads\/2016\/12\/balanco-2016-02-247x300.png 247w, http:\/\/www.andrefelizardo.com.br\/blog\/wp-content\/uploads\/2016\/12\/balanco-2016-02.png 356w\" data-sizes=\"(max-width: 247px) 100vw, 247px\" src=\"data:image\/svg+xml;base64,PHN2ZyB3aWR0aD0iMSIgaGVpZ2h0PSIxIiB4bWxucz0iaHR0cDovL3d3dy53My5vcmcvMjAwMC9zdmciPjwvc3ZnPg==\" style=\"--smush-placeholder-width: 247px; --smush-placeholder-aspect-ratio: 247\/300;\" \/><\/a><\/p>\n<p>Surpreendentemente eu tive mais acessos vindos do Google do que do Facebook. Sinal de que <a href=\"http:\/\/www.andrefelizardo.com.br\/blog\/o-que-evitar-na-seo\/\">meus conhecimentos em SEO<\/a>\u00a0est\u00e3o surtindo um efeito legal. Eu escrevo o blog com o WordPress (diga-me uma novidade) e nele eu utilizo v\u00e1rios plugins que ajudam a otimizar os textos para que sejam melhor encontrados nos sites de busca. Claro que meus estudos tamb\u00e9m ajudaram a maximizar, mas mesmo se voc\u00ea n\u00e3o souber muita coisa, os plugins j\u00e1 v\u00e3o te ajudar.<\/p>\n<p>Uma coisa que eu quero conseguir gerar mais para o pr\u00f3ximo ano, s\u00e3o os coment\u00e1rios. Por falar nisso, se tiver alguma d\u00favida ou sugest\u00e3o, deixa aqui embaixo nos coment\u00e1rios!<\/p>\n<p>Bora pra 2017!<\/p>\n","protected":false},"excerpt":{"rendered":"<p>Estamos na \u00e9poca de Retrospectivas n\u00e9, ent\u00e3o vou come\u00e7ar a minha. Esse ano foi o segundo ano do blog, mas na verdade foi o primeiro ano que eu levei o blog a s\u00e9rio, e os n\u00fameros foram impressionantes! Divulga\u00e7\u00e3o Bom, eu n\u00e3o utilizei nenhum m\u00e9todo pago este ano para conseguir acessos no blog. Mesmo assim, [&hellip;]<\/p>\n","protected":false},"author":1,"featured_media":627,"comment_status":"open","ping_status":"open","sticky":false,"template":"","format":"standard","meta":{"_jetpack_newsletter_access":"","_jetpack_dont_email_post_to_subs":true,"_jetpack_newsletter_tier_id":0,"_jetpack_memberships_contains_paywalled_content":false,"_jetpack_memberships_contains_paid_content":false,"footnotes":""},"categories":[45],"tags":[],"class_list":["post-732","post","type-post","status-publish","format-standard","has-post-thumbnail","hentry","category-curiosidades"],"yoast_head":"<!-- This site is optimized with the Yoast SEO plugin v27.5 - https:\/\/yoast.com\/product\/yoast-seo-wordpress\/ -->\n<title>Primeiro ano (s\u00e9rio) do blog - Balan\u00e7o 2016 - Blog do Andr\u00e9 Felizardo<\/title>\n<meta name=\"robots\" content=\"index, follow, max-snippet:-1, max-image-preview:large, max-video-preview:-1\" \/>\n<link rel=\"canonical\" href=\"http:\/\/www.andrefelizardo.com.br\/blog\/primeiro-ano-serio-do-blog-balanco-2016\/\" \/>\n<meta property=\"og:locale\" content=\"pt_BR\" \/>\n<meta property=\"og:type\" content=\"article\" \/>\n<meta property=\"og:title\" content=\"Primeiro ano (s\u00e9rio) do blog - Balan\u00e7o 2016 - Blog do Andr\u00e9 Felizardo\" \/>\n<meta property=\"og:description\" content=\"Estamos na \u00e9poca de Retrospectivas n\u00e9, ent\u00e3o vou come\u00e7ar a minha. Esse ano foi o segundo ano do blog, mas na verdade foi o primeiro ano que eu levei o blog a s\u00e9rio, e os n\u00fameros foram impressionantes! Divulga\u00e7\u00e3o Bom, eu n\u00e3o utilizei nenhum m\u00e9todo pago este ano para conseguir acessos no blog. Mesmo assim, [&hellip;]\" \/>\n<meta property=\"og:url\" content=\"http:\/\/www.andrefelizardo.com.br\/blog\/primeiro-ano-serio-do-blog-balanco-2016\/\" \/>\n<meta property=\"og:site_name\" content=\"Blog do Andr\u00e9 Felizardo\" \/>\n<meta property=\"article:published_time\" content=\"2016-12-13T14:25:57+00:00\" \/>\n<meta property=\"article:modified_time\" content=\"2016-12-15T13:57:11+00:00\" \/>\n<meta property=\"og:image\" content=\"http:\/\/www.andrefelizardo.com.br\/blog\/wp-content\/uploads\/2016\/07\/splash-andre-felizardo.png\" \/>\n\t<meta property=\"og:image:width\" content=\"2732\" \/>\n\t<meta property=\"og:image:height\" content=\"2732\" \/>\n\t<meta property=\"og:image:type\" content=\"image\/png\" \/>\n<meta name=\"author\" content=\"Andr\u00e9 Felizardo\" \/>\n<meta name=\"twitter:card\" content=\"summary_large_image\" \/>\n<meta name=\"twitter:label1\" content=\"Escrito por\" \/>\n\t<meta name=\"twitter:data1\" content=\"Andr\u00e9 Felizardo\" \/>\n\t<meta name=\"twitter:label2\" content=\"Est. tempo de leitura\" \/>\n\t<meta name=\"twitter:data2\" content=\"5 minutos\" \/>\n<script type=\"application\/ld+json\" class=\"yoast-schema-graph\">{\"@context\":\"https:\\\/\\\/schema.org\",\"@graph\":[{\"@type\":\"Article\",\"@id\":\"http:\\\/\\\/www.andrefelizardo.com.br\\\/blog\\\/primeiro-ano-serio-do-blog-balanco-2016\\\/#article\",\"isPartOf\":{\"@id\":\"http:\\\/\\\/www.andrefelizardo.com.br\\\/blog\\\/primeiro-ano-serio-do-blog-balanco-2016\\\/\"},\"author\":{\"name\":\"Andr\u00e9 Felizardo\",\"@id\":\"http:\\\/\\\/www.andrefelizardo.com.br\\\/blog\\\/#\\\/schema\\\/person\\\/7ffba68b251851fb519600e2e387a02b\"},\"headline\":\"Primeiro ano (s\u00e9rio) do blog &#8211; Balan\u00e7o 2016\",\"datePublished\":\"2016-12-13T14:25:57+00:00\",\"dateModified\":\"2016-12-15T13:57:11+00:00\",\"mainEntityOfPage\":{\"@id\":\"http:\\\/\\\/www.andrefelizardo.com.br\\\/blog\\\/primeiro-ano-serio-do-blog-balanco-2016\\\/\"},\"wordCount\":1079,\"commentCount\":3,\"image\":{\"@id\":\"http:\\\/\\\/www.andrefelizardo.com.br\\\/blog\\\/primeiro-ano-serio-do-blog-balanco-2016\\\/#primaryimage\"},\"thumbnailUrl\":\"http:\\\/\\\/www.andrefelizardo.com.br\\\/blog\\\/wp-content\\\/uploads\\\/2016\\\/07\\\/splash-andre-felizardo.png\",\"articleSection\":[\"Curiosidades\"],\"inLanguage\":\"pt-BR\",\"potentialAction\":[{\"@type\":\"CommentAction\",\"name\":\"Comment\",\"target\":[\"http:\\\/\\\/www.andrefelizardo.com.br\\\/blog\\\/primeiro-ano-serio-do-blog-balanco-2016\\\/#respond\"]}]},{\"@type\":\"WebPage\",\"@id\":\"http:\\\/\\\/www.andrefelizardo.com.br\\\/blog\\\/primeiro-ano-serio-do-blog-balanco-2016\\\/\",\"url\":\"http:\\\/\\\/www.andrefelizardo.com.br\\\/blog\\\/primeiro-ano-serio-do-blog-balanco-2016\\\/\",\"name\":\"Primeiro ano (s\u00e9rio) do blog - Balan\u00e7o 2016 - Blog do Andr\u00e9 Felizardo\",\"isPartOf\":{\"@id\":\"http:\\\/\\\/www.andrefelizardo.com.br\\\/blog\\\/#website\"},\"primaryImageOfPage\":{\"@id\":\"http:\\\/\\\/www.andrefelizardo.com.br\\\/blog\\\/primeiro-ano-serio-do-blog-balanco-2016\\\/#primaryimage\"},\"image\":{\"@id\":\"http:\\\/\\\/www.andrefelizardo.com.br\\\/blog\\\/primeiro-ano-serio-do-blog-balanco-2016\\\/#primaryimage\"},\"thumbnailUrl\":\"http:\\\/\\\/www.andrefelizardo.com.br\\\/blog\\\/wp-content\\\/uploads\\\/2016\\\/07\\\/splash-andre-felizardo.png\",\"datePublished\":\"2016-12-13T14:25:57+00:00\",\"dateModified\":\"2016-12-15T13:57:11+00:00\",\"author\":{\"@id\":\"http:\\\/\\\/www.andrefelizardo.com.br\\\/blog\\\/#\\\/schema\\\/person\\\/7ffba68b251851fb519600e2e387a02b\"},\"breadcrumb\":{\"@id\":\"http:\\\/\\\/www.andrefelizardo.com.br\\\/blog\\\/primeiro-ano-serio-do-blog-balanco-2016\\\/#breadcrumb\"},\"inLanguage\":\"pt-BR\",\"potentialAction\":[{\"@type\":\"ReadAction\",\"target\":[\"http:\\\/\\\/www.andrefelizardo.com.br\\\/blog\\\/primeiro-ano-serio-do-blog-balanco-2016\\\/\"]}]},{\"@type\":\"ImageObject\",\"inLanguage\":\"pt-BR\",\"@id\":\"http:\\\/\\\/www.andrefelizardo.com.br\\\/blog\\\/primeiro-ano-serio-do-blog-balanco-2016\\\/#primaryimage\",\"url\":\"http:\\\/\\\/www.andrefelizardo.com.br\\\/blog\\\/wp-content\\\/uploads\\\/2016\\\/07\\\/splash-andre-felizardo.png\",\"contentUrl\":\"http:\\\/\\\/www.andrefelizardo.com.br\\\/blog\\\/wp-content\\\/uploads\\\/2016\\\/07\\\/splash-andre-felizardo.png\",\"width\":2732,\"height\":2732,\"caption\":\"Splash Screen Ionic\"},{\"@type\":\"BreadcrumbList\",\"@id\":\"http:\\\/\\\/www.andrefelizardo.com.br\\\/blog\\\/primeiro-ano-serio-do-blog-balanco-2016\\\/#breadcrumb\",\"itemListElement\":[{\"@type\":\"ListItem\",\"position\":1,\"name\":\"In\u00edcio\",\"item\":\"http:\\\/\\\/www.andrefelizardo.com.br\\\/blog\\\/\"},{\"@type\":\"ListItem\",\"position\":2,\"name\":\"Primeiro ano (s\u00e9rio) do blog &#8211; Balan\u00e7o 2016\"}]},{\"@type\":\"WebSite\",\"@id\":\"http:\\\/\\\/www.andrefelizardo.com.br\\\/blog\\\/#website\",\"url\":\"http:\\\/\\\/www.andrefelizardo.com.br\\\/blog\\\/\",\"name\":\"Blog do Andr\u00e9 Felizardo\",\"description\":\"Programa\u00e7\u00e3o de dev para dev\",\"potentialAction\":[{\"@type\":\"SearchAction\",\"target\":{\"@type\":\"EntryPoint\",\"urlTemplate\":\"http:\\\/\\\/www.andrefelizardo.com.br\\\/blog\\\/?s={search_term_string}\"},\"query-input\":{\"@type\":\"PropertyValueSpecification\",\"valueRequired\":true,\"valueName\":\"search_term_string\"}}],\"inLanguage\":\"pt-BR\"},{\"@type\":\"Person\",\"@id\":\"http:\\\/\\\/www.andrefelizardo.com.br\\\/blog\\\/#\\\/schema\\\/person\\\/7ffba68b251851fb519600e2e387a02b\",\"name\":\"Andr\u00e9 Felizardo\",\"image\":{\"@type\":\"ImageObject\",\"inLanguage\":\"pt-BR\",\"@id\":\"http:\\\/\\\/www.andrefelizardo.com.br\\\/blog\\\/wp-content\\\/wphb-cache\\\/gravatar\\\/9f9\\\/9f92d8b773ef5acf9b462d6dab41d783x96.jpg\",\"url\":\"http:\\\/\\\/www.andrefelizardo.com.br\\\/blog\\\/wp-content\\\/wphb-cache\\\/gravatar\\\/9f9\\\/9f92d8b773ef5acf9b462d6dab41d783x96.jpg\",\"contentUrl\":\"http:\\\/\\\/www.andrefelizardo.com.br\\\/blog\\\/wp-content\\\/wphb-cache\\\/gravatar\\\/9f9\\\/9f92d8b773ef5acf9b462d6dab41d783x96.jpg\",\"caption\":\"Andr\u00e9 Felizardo\"},\"sameAs\":[\"http:\\\/\\\/www.andrefelizardo.com.br\"],\"url\":\"http:\\\/\\\/www.andrefelizardo.com.br\\\/blog\\\/author\\\/andrefelizardo\\\/\"}]}<\/script>\n<!-- \/ Yoast SEO plugin. -->","yoast_head_json":{"title":"Primeiro ano (s\u00e9rio) do blog - Balan\u00e7o 2016 - Blog do Andr\u00e9 Felizardo","robots":{"index":"index","follow":"follow","max-snippet":"max-snippet:-1","max-image-preview":"max-image-preview:large","max-video-preview":"max-video-preview:-1"},"canonical":"http:\/\/www.andrefelizardo.com.br\/blog\/primeiro-ano-serio-do-blog-balanco-2016\/","og_locale":"pt_BR","og_type":"article","og_title":"Primeiro ano (s\u00e9rio) do blog - Balan\u00e7o 2016 - Blog do Andr\u00e9 Felizardo","og_description":"Estamos na \u00e9poca de Retrospectivas n\u00e9, ent\u00e3o vou come\u00e7ar a minha. Esse ano foi o segundo ano do blog, mas na verdade foi o primeiro ano que eu levei o blog a s\u00e9rio, e os n\u00fameros foram impressionantes! Divulga\u00e7\u00e3o Bom, eu n\u00e3o utilizei nenhum m\u00e9todo pago este ano para conseguir acessos no blog. Mesmo assim, [&hellip;]","og_url":"http:\/\/www.andrefelizardo.com.br\/blog\/primeiro-ano-serio-do-blog-balanco-2016\/","og_site_name":"Blog do Andr\u00e9 Felizardo","article_published_time":"2016-12-13T14:25:57+00:00","article_modified_time":"2016-12-15T13:57:11+00:00","og_image":[{"width":2732,"height":2732,"url":"http:\/\/www.andrefelizardo.com.br\/blog\/wp-content\/uploads\/2016\/07\/splash-andre-felizardo.png","type":"image\/png"}],"author":"Andr\u00e9 Felizardo","twitter_card":"summary_large_image","twitter_misc":{"Escrito por":"Andr\u00e9 Felizardo","Est. tempo de leitura":"5 minutos"},"schema":{"@context":"https:\/\/schema.org","@graph":[{"@type":"Article","@id":"http:\/\/www.andrefelizardo.com.br\/blog\/primeiro-ano-serio-do-blog-balanco-2016\/#article","isPartOf":{"@id":"http:\/\/www.andrefelizardo.com.br\/blog\/primeiro-ano-serio-do-blog-balanco-2016\/"},"author":{"name":"Andr\u00e9 Felizardo","@id":"http:\/\/www.andrefelizardo.com.br\/blog\/#\/schema\/person\/7ffba68b251851fb519600e2e387a02b"},"headline":"Primeiro ano (s\u00e9rio) do blog &#8211; Balan\u00e7o 2016","datePublished":"2016-12-13T14:25:57+00:00","dateModified":"2016-12-15T13:57:11+00:00","mainEntityOfPage":{"@id":"http:\/\/www.andrefelizardo.com.br\/blog\/primeiro-ano-serio-do-blog-balanco-2016\/"},"wordCount":1079,"commentCount":3,"image":{"@id":"http:\/\/www.andrefelizardo.com.br\/blog\/primeiro-ano-serio-do-blog-balanco-2016\/#primaryimage"},"thumbnailUrl":"http:\/\/www.andrefelizardo.com.br\/blog\/wp-content\/uploads\/2016\/07\/splash-andre-felizardo.png","articleSection":["Curiosidades"],"inLanguage":"pt-BR","potentialAction":[{"@type":"CommentAction","name":"Comment","target":["http:\/\/www.andrefelizardo.com.br\/blog\/primeiro-ano-serio-do-blog-balanco-2016\/#respond"]}]},{"@type":"WebPage","@id":"http:\/\/www.andrefelizardo.com.br\/blog\/primeiro-ano-serio-do-blog-balanco-2016\/","url":"http:\/\/www.andrefelizardo.com.br\/blog\/primeiro-ano-serio-do-blog-balanco-2016\/","name":"Primeiro ano (s\u00e9rio) do blog - Balan\u00e7o 2016 - Blog do Andr\u00e9 Felizardo","isPartOf":{"@id":"http:\/\/www.andrefelizardo.com.br\/blog\/#website"},"primaryImageOfPage":{"@id":"http:\/\/www.andrefelizardo.com.br\/blog\/primeiro-ano-serio-do-blog-balanco-2016\/#primaryimage"},"image":{"@id":"http:\/\/www.andrefelizardo.com.br\/blog\/primeiro-ano-serio-do-blog-balanco-2016\/#primaryimage"},"thumbnailUrl":"http:\/\/www.andrefelizardo.com.br\/blog\/wp-content\/uploads\/2016\/07\/splash-andre-felizardo.png","datePublished":"2016-12-13T14:25:57+00:00","dateModified":"2016-12-15T13:57:11+00:00","author":{"@id":"http:\/\/www.andrefelizardo.com.br\/blog\/#\/schema\/person\/7ffba68b251851fb519600e2e387a02b"},"breadcrumb":{"@id":"http:\/\/www.andrefelizardo.com.br\/blog\/primeiro-ano-serio-do-blog-balanco-2016\/#breadcrumb"},"inLanguage":"pt-BR","potentialAction":[{"@type":"ReadAction","target":["http:\/\/www.andrefelizardo.com.br\/blog\/primeiro-ano-serio-do-blog-balanco-2016\/"]}]},{"@type":"ImageObject","inLanguage":"pt-BR","@id":"http:\/\/www.andrefelizardo.com.br\/blog\/primeiro-ano-serio-do-blog-balanco-2016\/#primaryimage","url":"http:\/\/www.andrefelizardo.com.br\/blog\/wp-content\/uploads\/2016\/07\/splash-andre-felizardo.png","contentUrl":"http:\/\/www.andrefelizardo.com.br\/blog\/wp-content\/uploads\/2016\/07\/splash-andre-felizardo.png","width":2732,"height":2732,"caption":"Splash Screen Ionic"},{"@type":"BreadcrumbList","@id":"http:\/\/www.andrefelizardo.com.br\/blog\/primeiro-ano-serio-do-blog-balanco-2016\/#breadcrumb","itemListElement":[{"@type":"ListItem","position":1,"name":"In\u00edcio","item":"http:\/\/www.andrefelizardo.com.br\/blog\/"},{"@type":"ListItem","position":2,"name":"Primeiro ano (s\u00e9rio) do blog &#8211; Balan\u00e7o 2016"}]},{"@type":"WebSite","@id":"http:\/\/www.andrefelizardo.com.br\/blog\/#website","url":"http:\/\/www.andrefelizardo.com.br\/blog\/","name":"Blog do Andr\u00e9 Felizardo","description":"Programa\u00e7\u00e3o de dev para dev","potentialAction":[{"@type":"SearchAction","target":{"@type":"EntryPoint","urlTemplate":"http:\/\/www.andrefelizardo.com.br\/blog\/?s={search_term_string}"},"query-input":{"@type":"PropertyValueSpecification","valueRequired":true,"valueName":"search_term_string"}}],"inLanguage":"pt-BR"},{"@type":"Person","@id":"http:\/\/www.andrefelizardo.com.br\/blog\/#\/schema\/person\/7ffba68b251851fb519600e2e387a02b","name":"Andr\u00e9 Felizardo","image":{"@type":"ImageObject","inLanguage":"pt-BR","@id":"http:\/\/www.andrefelizardo.com.br\/blog\/wp-content\/wphb-cache\/gravatar\/9f9\/9f92d8b773ef5acf9b462d6dab41d783x96.jpg","url":"http:\/\/www.andrefelizardo.com.br\/blog\/wp-content\/wphb-cache\/gravatar\/9f9\/9f92d8b773ef5acf9b462d6dab41d783x96.jpg","contentUrl":"http:\/\/www.andrefelizardo.com.br\/blog\/wp-content\/wphb-cache\/gravatar\/9f9\/9f92d8b773ef5acf9b462d6dab41d783x96.jpg","caption":"Andr\u00e9 Felizardo"},"sameAs":["http:\/\/www.andrefelizardo.com.br"],"url":"http:\/\/www.andrefelizardo.com.br\/blog\/author\/andrefelizardo\/"}]}},"jetpack_featured_media_url":"http:\/\/www.andrefelizardo.com.br\/blog\/wp-content\/uploads\/2016\/07\/splash-andre-felizardo.png","jetpack_shortlink":"https:\/\/wp.me\/p6EP66-bO","jetpack-related-posts":[{"id":515,"url":"http:\/\/www.andrefelizardo.com.br\/blog\/instagram-cria-ordem-de-relevancia-para-imagens-igual-ao-facebook\/","url_meta":{"origin":732,"position":0},"title":"Instagram cria ordem de relev\u00e2ncia para imagens, igual ao Facebook","author":"Andr\u00e9 Felizardo","date":"29 de mar\u00e7o de 2016","format":false,"excerpt":"O Instagram anunciou a alguns dias uma mudan\u00e7a, que est\u00e1 movimentando as opini\u00f5es do mundo do Marketing Digital. A partir de hoje(29)[atualiza\u00e7\u00e3o no fim do texto], as imagens postadas no Instagram ser\u00e3o exibidas para os usu\u00e1rios de acordo com a relev\u00e2ncia, assim como o Facebook. Instagram Caso voc\u00ea n\u00e3o conhe\u00e7a,\u2026","rel":"","context":"Em &quot;Aplicativos&quot;","block_context":{"text":"Aplicativos","link":"http:\/\/www.andrefelizardo.com.br\/blog\/category\/aplicativos\/"},"img":{"alt_text":"Instagram Logo","src":"https:\/\/i0.wp.com\/www.andrefelizardo.com.br\/blog\/wp-content\/uploads\/2016\/03\/instagram-post-blog.png?resize=350%2C200","width":350,"height":200,"srcset":"https:\/\/i0.wp.com\/www.andrefelizardo.com.br\/blog\/wp-content\/uploads\/2016\/03\/instagram-post-blog.png?resize=350%2C200 1x, https:\/\/i0.wp.com\/www.andrefelizardo.com.br\/blog\/wp-content\/uploads\/2016\/03\/instagram-post-blog.png?resize=525%2C300 1.5x, https:\/\/i0.wp.com\/www.andrefelizardo.com.br\/blog\/wp-content\/uploads\/2016\/03\/instagram-post-blog.png?resize=700%2C400 2x"},"classes":[]},{"id":504,"url":"http:\/\/www.andrefelizardo.com.br\/blog\/facebook-reactions-o-que-muda-para-as-marcas\/","url_meta":{"origin":732,"position":1},"title":"Facebook Reactions: O que muda para as marcas?","author":"Andr\u00e9 Felizardo","date":"26 de fevereiro de 2016","format":false,"excerpt":"O Facebook lan\u00e7ou essa semana, mundialmente, o Facebook Reactions ou Facebook Rea\u00e7\u00f5es, traduzindo. S\u00e3o novas op\u00e7\u00f5es ao curtir,\u00a0acompanhe comigo aqui embaixo o que muda para sua marca. Finalmente! A alguns meses, se voc\u00ea acompanha as novidades da rede social do tio Mark Zuckerberg, foi divulgado que ter\u00edamos mais bot\u00f5es al\u00e9m\u2026","rel":"","context":"Em &quot;Marketing&quot;","block_context":{"text":"Marketing","link":"http:\/\/www.andrefelizardo.com.br\/blog\/category\/marketing\/"},"img":{"alt_text":"Facebook Reactions","src":"https:\/\/i0.wp.com\/www.andrefelizardo.com.br\/blog\/wp-content\/uploads\/2016\/02\/facebook-reactions.png?resize=350%2C200","width":350,"height":200,"srcset":"https:\/\/i0.wp.com\/www.andrefelizardo.com.br\/blog\/wp-content\/uploads\/2016\/02\/facebook-reactions.png?resize=350%2C200 1x, https:\/\/i0.wp.com\/www.andrefelizardo.com.br\/blog\/wp-content\/uploads\/2016\/02\/facebook-reactions.png?resize=525%2C300 1.5x, https:\/\/i0.wp.com\/www.andrefelizardo.com.br\/blog\/wp-content\/uploads\/2016\/02\/facebook-reactions.png?resize=700%2C400 2x, https:\/\/i0.wp.com\/www.andrefelizardo.com.br\/blog\/wp-content\/uploads\/2016\/02\/facebook-reactions.png?resize=1050%2C600 3x, https:\/\/i0.wp.com\/www.andrefelizardo.com.br\/blog\/wp-content\/uploads\/2016\/02\/facebook-reactions.png?resize=1400%2C800 4x"},"classes":[]},{"id":830,"url":"http:\/\/www.andrefelizardo.com.br\/blog\/seja-grato-primeiro-app-na-loja\/","url_meta":{"origin":732,"position":2},"title":"Seja Grato &#8211; Primeiro App na loja","author":"Andr\u00e9 Felizardo","date":"29 de junho de 2017","format":false,"excerpt":"No in\u00edcio de 2017 eu defini o objetivo de colocar tr\u00eas apps pr\u00f3prios at\u00e9 o fim do ano nas lojas de aplicativos. Quando chegou em maio, percebi que n\u00e3o tinha nenhum, ent\u00e3o decidi partir pra cima desse objetivo. A muito tempo eu vinha pensando num aplicativo (sem fins lucrativos) que\u2026","rel":"","context":"Em &quot;Ionic&quot;","block_context":{"text":"Ionic","link":"http:\/\/www.andrefelizardo.com.br\/blog\/category\/ionic\/"},"img":{"alt_text":"","src":"https:\/\/i0.wp.com\/www.andrefelizardo.com.br\/blog\/wp-content\/uploads\/2017\/06\/seja-grato.png?resize=350%2C200","width":350,"height":200,"srcset":"https:\/\/i0.wp.com\/www.andrefelizardo.com.br\/blog\/wp-content\/uploads\/2017\/06\/seja-grato.png?resize=350%2C200 1x, https:\/\/i0.wp.com\/www.andrefelizardo.com.br\/blog\/wp-content\/uploads\/2017\/06\/seja-grato.png?resize=525%2C300 1.5x, https:\/\/i0.wp.com\/www.andrefelizardo.com.br\/blog\/wp-content\/uploads\/2017\/06\/seja-grato.png?resize=700%2C400 2x"},"classes":[]},{"id":590,"url":"http:\/\/www.andrefelizardo.com.br\/blog\/ionic-creator-exportando-e-gerando-apk\/","url_meta":{"origin":732,"position":3},"title":"Ionic Creator &#8211; exportando e gerando apk","author":"Andr\u00e9 Felizardo","date":"23 de maio de 2016","format":false,"excerpt":"Continuando nossa jornada sobre o Ionic Creator, vamos agora exportar o app que fizemos na ferramenta, para podermos editar o c\u00f3digo e gerar o instalador para o Android (.apk). Se voc\u00ea n\u00e3o tem i-d-e-i-a do que \u00e9 Ionic, muito menos Ionic Creator, comece por aqui! No Ionic Creator, no canto\u2026","rel":"","context":"Em &quot;Aplicativos&quot;","block_context":{"text":"Aplicativos","link":"http:\/\/www.andrefelizardo.com.br\/blog\/category\/aplicativos\/"},"img":{"alt_text":"","src":"https:\/\/i0.wp.com\/www.andrefelizardo.com.br\/blog\/wp-content\/uploads\/2016\/05\/ionic-creator-parte-II.png?resize=350%2C200","width":350,"height":200,"srcset":"https:\/\/i0.wp.com\/www.andrefelizardo.com.br\/blog\/wp-content\/uploads\/2016\/05\/ionic-creator-parte-II.png?resize=350%2C200 1x, https:\/\/i0.wp.com\/www.andrefelizardo.com.br\/blog\/wp-content\/uploads\/2016\/05\/ionic-creator-parte-II.png?resize=525%2C300 1.5x, https:\/\/i0.wp.com\/www.andrefelizardo.com.br\/blog\/wp-content\/uploads\/2016\/05\/ionic-creator-parte-II.png?resize=700%2C400 2x"},"classes":[]},{"id":4005,"url":"http:\/\/www.andrefelizardo.com.br\/blog\/curadoria-de-fevereiro-2026\/","url_meta":{"origin":732,"position":4},"title":"Curadoria de Fevereiro &#8211; 2026","author":"Andr\u00e9 Felizardo","date":"5 de mar\u00e7o de 2026","format":false,"excerpt":"Foi m\u00eas de carnaval, e fazendo essa curadoria eu sempre fico pensativo em quanta coisa se passa em 30 dias (nesse caso 28). Eu li bastante esse m\u00eas mas assisti umas coisas legais no Youtube. Abaixo como de costume minha curadoria dividida em N\u00e3o-Programa\u00e7\u00e3o e Programa\u00e7\u00e3o. N\u00e3o-Programa\u00e7\u00e3o V\u00eddeo - Abrace\u2026","rel":"","context":"Em &quot;Tecnologia&quot;","block_context":{"text":"Tecnologia","link":"http:\/\/www.andrefelizardo.com.br\/blog\/category\/tecnologia\/"},"img":{"alt_text":"Imagem de capa da curadoria representando v\u00e1rias coisas que podem ser referenciadas como v\u00eddeos, textos, filmes e outros","src":"https:\/\/i0.wp.com\/www.andrefelizardo.com.br\/blog\/wp-content\/uploads\/2026\/03\/curadoria-fevereiro.png?resize=350%2C200","width":350,"height":200,"srcset":"https:\/\/i0.wp.com\/www.andrefelizardo.com.br\/blog\/wp-content\/uploads\/2026\/03\/curadoria-fevereiro.png?resize=350%2C200 1x, https:\/\/i0.wp.com\/www.andrefelizardo.com.br\/blog\/wp-content\/uploads\/2026\/03\/curadoria-fevereiro.png?resize=525%2C300 1.5x, https:\/\/i0.wp.com\/www.andrefelizardo.com.br\/blog\/wp-content\/uploads\/2026\/03\/curadoria-fevereiro.png?resize=700%2C400 2x, https:\/\/i0.wp.com\/www.andrefelizardo.com.br\/blog\/wp-content\/uploads\/2026\/03\/curadoria-fevereiro.png?resize=1050%2C600 3x, https:\/\/i0.wp.com\/www.andrefelizardo.com.br\/blog\/wp-content\/uploads\/2026\/03\/curadoria-fevereiro.png?resize=1400%2C800 4x"},"classes":[]},{"id":438,"url":"http:\/\/www.andrefelizardo.com.br\/blog\/o-que-e-angularjs\/","url_meta":{"origin":732,"position":5},"title":"O que \u00e9 AngularJS","author":"Andr\u00e9 Felizardo","date":"14 de dezembro de 2015","format":false,"excerpt":"AngularJS \u00e9 um framework para o desenvolvimento de aplica\u00e7\u00f5es web, utilizando a o JavaScript.\u00a0Seu objetivo \u00e9 aumentar aplicativos que podem ser acessados por um navegador web, sob o padr\u00e3o model\u2013view\u2013controller (MVC), em um esfor\u00e7o para facilitar tanto o desenvolvimento quanto o teste dos aplicativos. O que \u00e9 AngularJS? Hist\u00f3ria do\u2026","rel":"","context":"Em &quot;Dicas&quot;","block_context":{"text":"Dicas","link":"http:\/\/www.andrefelizardo.com.br\/blog\/category\/dicas\/"},"img":{"alt_text":"AngularJS","src":"https:\/\/i0.wp.com\/www.andrefelizardo.com.br\/blog\/wp-content\/uploads\/2015\/12\/angularjs.jpg?resize=350%2C200","width":350,"height":200,"srcset":"https:\/\/i0.wp.com\/www.andrefelizardo.com.br\/blog\/wp-content\/uploads\/2015\/12\/angularjs.jpg?resize=350%2C200 1x, https:\/\/i0.wp.com\/www.andrefelizardo.com.br\/blog\/wp-content\/uploads\/2015\/12\/angularjs.jpg?resize=525%2C300 1.5x, https:\/\/i0.wp.com\/www.andrefelizardo.com.br\/blog\/wp-content\/uploads\/2015\/12\/angularjs.jpg?resize=700%2C400 2x, https:\/\/i0.wp.com\/www.andrefelizardo.com.br\/blog\/wp-content\/uploads\/2015\/12\/angularjs.jpg?resize=1050%2C600 3x, https:\/\/i0.wp.com\/www.andrefelizardo.com.br\/blog\/wp-content\/uploads\/2015\/12\/angularjs.jpg?resize=1400%2C800 4x"},"classes":[]}],"jetpack_sharing_enabled":true,"_links":{"self":[{"href":"http:\/\/www.andrefelizardo.com.br\/blog\/wp-json\/wp\/v2\/posts\/732","targetHints":{"allow":["GET"]}}],"collection":[{"href":"http:\/\/www.andrefelizardo.com.br\/blog\/wp-json\/wp\/v2\/posts"}],"about":[{"href":"http:\/\/www.andrefelizardo.com.br\/blog\/wp-json\/wp\/v2\/types\/post"}],"author":[{"embeddable":true,"href":"http:\/\/www.andrefelizardo.com.br\/blog\/wp-json\/wp\/v2\/users\/1"}],"replies":[{"embeddable":true,"href":"http:\/\/www.andrefelizardo.com.br\/blog\/wp-json\/wp\/v2\/comments?post=732"}],"version-history":[{"count":0,"href":"http:\/\/www.andrefelizardo.com.br\/blog\/wp-json\/wp\/v2\/posts\/732\/revisions"}],"wp:featuredmedia":[{"embeddable":true,"href":"http:\/\/www.andrefelizardo.com.br\/blog\/wp-json\/wp\/v2\/media\/627"}],"wp:attachment":[{"href":"http:\/\/www.andrefelizardo.com.br\/blog\/wp-json\/wp\/v2\/media?parent=732"}],"wp:term":[{"taxonomy":"category","embeddable":true,"href":"http:\/\/www.andrefelizardo.com.br\/blog\/wp-json\/wp\/v2\/categories?post=732"},{"taxonomy":"post_tag","embeddable":true,"href":"http:\/\/www.andrefelizardo.com.br\/blog\/wp-json\/wp\/v2\/tags?post=732"}],"curies":[{"name":"wp","href":"https:\/\/api.w.org\/{rel}","templated":true}]}}