{"id":133,"date":"2015-06-04T15:49:25","date_gmt":"2015-06-04T15:49:25","guid":{"rendered":"http:\/\/felizardos.wc.lt\/blog\/?p=133"},"modified":"2016-01-05T13:24:53","modified_gmt":"2016-01-05T13:24:53","slug":"automotivacao-voce-precisa-saber","status":"publish","type":"post","link":"https:\/\/www.andrefelizardo.com.br\/blog\/automotivacao-voce-precisa-saber\/","title":{"rendered":"Automotiva\u00e7\u00e3o: voc\u00ea precisa saber"},"content":{"rendered":"<p>&nbsp;<\/p>\n<p><a href=\"http:\/\/pt.wikipedia.org\/wiki\/Automotiva%C3%A7%C3%A3o\" target=\"_blank\">Wikipedia<\/a>: <em>&#8220;Auto-motiva\u00e7\u00e3o \u00e9 a capacidade de motivar a si mesmo, para encontrar uma raz\u00e3o e a for\u00e7a necess\u00e1ria para fazer alguma coisa, sem a necessidade de serem influenciados a faz\u00ea-lo por outra pessoa. Trabalhando em uma cuidadosa forma consistente, sem desistir. Existem v\u00e1rios exemplos de auto-motiva\u00e7\u00e3o.&#8221;<\/em><\/p>\n<p>Automotiva\u00e7\u00e3o \u00e9 definida como uma <a href=\"http:\/\/www.andrefelizardo.com.br\/blog\/empreendedorismo\/o-que-e-empreender\/\" target=\"_blank\">caracter\u00edstica empreendedora<\/a>, mas, nos dias atuais, qualquer pessoa que vive no mesmo mundo que eu precisa saber se automotivar diante de tantas adversidades do nosso dia-a-dia, seja no namoro, no trabalho, nos estudos, na fam\u00edlia ou no seu <a href=\"http:\/\/www.andrefelizardo.com.br\/blog\/empreendedorismo\/4-passos-para-decidir-de-vez-abrir-seu-negocio\/\" target=\"_blank\">neg\u00f3cio pr\u00f3prio<\/a>.<\/p>\n<p><!--more--><\/p>\n<p><img decoding=\"async\" class=\"aligncenter wp-image-235 size-content lazyload\" data-src=\"http:\/\/www.andrefelizardo.com.br\/blog\/wp-content\/uploads\/2015\/06\/automotiva\u00e7\u00e3o-620x264.jpg\" alt=\"Automotiva\u00e7\u00e3o\" width=\"620\" height=\"264\" src=\"data:image\/svg+xml;base64,PHN2ZyB3aWR0aD0iMSIgaGVpZ2h0PSIxIiB4bWxucz0iaHR0cDovL3d3dy53My5vcmcvMjAwMC9zdmciPjwvc3ZnPg==\" style=\"--smush-placeholder-width: 620px; --smush-placeholder-aspect-ratio: 620\/264;\" \/><\/p>\n<p>E no livro da <a href=\"http:\/\/www.belpesce.com.br\/\" target=\"_blank\">Bel Pesce<\/a>, <a href=\"http:\/\/www.ameninadovale.com\/volume1\/\" target=\"_blank\">A Menina do Vale 1<\/a>, l\u00e1 pelo cap\u00edtulo 14, ela dizia pra voc\u00ea encontrar coisas que te inspiram. Fosse um filme, ou uma m\u00fasica.<\/p>\n<p>Listas de coisas inspiradoras existem aos montes, mas voc\u00ea<!--more--> deve encontrar o que inspira a voc\u00ea! Que nem sempre vai ser a mesma coisa do seu melhor amigo ou namorado, mas, para te ajudar aqui vai a m\u00fasica inspiradora da Bel Pesce &#8211; Don&#8217;t Stop Me Now &#8211; Queen, um v\u00eddeo\/m\u00fasica inspirador pra mim, e um v\u00eddeo que eu indico que voc\u00ea tenha salvo no seu celular para momentos oportunos \ud83d\ude09<\/p>\n<p>Queen &#8211; Don&#8217;t Stop Me Now<br \/>\n<iframe data-src=\"https:\/\/www.youtube.com\/embed\/HgzGwKwLmgM\" width=\"420\" height=\"315\" frameborder=\"0\" allowfullscreen=\"allowfullscreen\" src=\"data:image\/svg+xml;base64,PHN2ZyB3aWR0aD0iMSIgaGVpZ2h0PSIxIiB4bWxucz0iaHR0cDovL3d3dy53My5vcmcvMjAwMC9zdmciPjwvc3ZnPg==\" class=\"lazyload\" data-load-mode=\"1\"><\/iframe><\/p>\n<p>Alesso feat Roy English &#8211; Cool<br \/>\n<iframe data-src=\"https:\/\/www.youtube.com\/embed\/-aWtrEFfS4E\" width=\"560\" height=\"315\" frameborder=\"0\" allowfullscreen=\"allowfullscreen\" src=\"data:image\/svg+xml;base64,PHN2ZyB3aWR0aD0iMSIgaGVpZ2h0PSIxIiB4bWxucz0iaHR0cDovL3d3dy53My5vcmcvMjAwMC9zdmciPjwvc3ZnPg==\" class=\"lazyload\" data-load-mode=\"1\"><\/iframe><\/p>\n<p>V\u00eddeo Motivacional<br \/>\n<iframe data-src=\"https:\/\/www.youtube.com\/embed\/iz52rFnufPg\" width=\"560\" height=\"315\" frameborder=\"0\" allowfullscreen=\"allowfullscreen\" src=\"data:image\/svg+xml;base64,PHN2ZyB3aWR0aD0iMSIgaGVpZ2h0PSIxIiB4bWxucz0iaHR0cDovL3d3dy53My5vcmcvMjAwMC9zdmciPjwvc3ZnPg==\" class=\"lazyload\" data-load-mode=\"1\"><\/iframe><\/p>\n<p>O que motiva voc\u00ea? Diz a\u00ed nos coment\u00e1rios!<\/p>\n<p>Quer motivar seus amigos? Compartilha!<\/p>\n","protected":false},"excerpt":{"rendered":"<p>&nbsp; Wikipedia: &#8220;Auto-motiva\u00e7\u00e3o \u00e9 a capacidade de motivar a si mesmo, para encontrar uma raz\u00e3o e a for\u00e7a necess\u00e1ria para fazer alguma coisa, sem a necessidade de serem influenciados a faz\u00ea-lo por outra pessoa. Trabalhando em uma cuidadosa forma consistente, sem desistir. Existem v\u00e1rios exemplos de auto-motiva\u00e7\u00e3o.&#8221; Automotiva\u00e7\u00e3o \u00e9 definida como uma caracter\u00edstica empreendedora, mas, [&hellip;]<\/p>\n","protected":false},"author":1,"featured_media":235,"comment_status":"open","ping_status":"open","sticky":false,"template":"","format":"standard","meta":{"_jetpack_newsletter_access":"","_jetpack_dont_email_post_to_subs":false,"_jetpack_newsletter_tier_id":0,"_jetpack_memberships_contains_paywalled_content":false,"_jetpack_memberships_contains_paid_content":false,"footnotes":""},"categories":[4],"tags":[9,10,13,14,28,31,34,35],"class_list":["post-133","post","type-post","status-publish","format-standard","has-post-thumbnail","hentry","category-geral","tag-a-menina-do-vale","tag-alesso","tag-automotivacao","tag-bel-pesce","tag-le-brown","tag-motivacao","tag-queen","tag-steve-jobs"],"yoast_head":"<!-- This site is optimized with the Yoast SEO plugin v27.5 - https:\/\/yoast.com\/product\/yoast-seo-wordpress\/ -->\n<title>Automotiva\u00e7\u00e3o: voc\u00ea precisa saber - Blog do Andr\u00e9 Felizardo<\/title>\n<meta name=\"robots\" content=\"index, follow, max-snippet:-1, max-image-preview:large, max-video-preview:-1\" \/>\n<link rel=\"canonical\" href=\"http:\/\/www.andrefelizardo.com.br\/blog\/automotivacao-voce-precisa-saber\/\" \/>\n<meta property=\"og:locale\" content=\"pt_BR\" \/>\n<meta property=\"og:type\" content=\"article\" \/>\n<meta property=\"og:title\" content=\"Automotiva\u00e7\u00e3o: voc\u00ea precisa saber - Blog do Andr\u00e9 Felizardo\" \/>\n<meta property=\"og:description\" content=\"&nbsp; Wikipedia: &#8220;Auto-motiva\u00e7\u00e3o \u00e9 a capacidade de motivar a si mesmo, para encontrar uma raz\u00e3o e a for\u00e7a necess\u00e1ria para fazer alguma coisa, sem a necessidade de serem influenciados a faz\u00ea-lo por outra pessoa. Trabalhando em uma cuidadosa forma consistente, sem desistir. Existem v\u00e1rios exemplos de auto-motiva\u00e7\u00e3o.&#8221; Automotiva\u00e7\u00e3o \u00e9 definida como uma caracter\u00edstica empreendedora, mas, [&hellip;]\" \/>\n<meta property=\"og:url\" content=\"http:\/\/www.andrefelizardo.com.br\/blog\/automotivacao-voce-precisa-saber\/\" \/>\n<meta property=\"og:site_name\" content=\"Blog do Andr\u00e9 Felizardo\" \/>\n<meta property=\"article:published_time\" content=\"2015-06-04T15:49:25+00:00\" \/>\n<meta property=\"article:modified_time\" content=\"2016-01-05T13:24:53+00:00\" \/>\n<meta property=\"og:image\" content=\"http:\/\/www.andrefelizardo.com.br\/blog\/wp-content\/uploads\/2015\/06\/automotiva\u00e7\u00e3o.jpg\" \/>\n\t<meta property=\"og:image:width\" content=\"1000\" \/>\n\t<meta property=\"og:image:height\" content=\"667\" \/>\n\t<meta property=\"og:image:type\" content=\"image\/jpeg\" \/>\n<meta name=\"author\" content=\"Andr\u00e9 Felizardo\" \/>\n<meta name=\"twitter:card\" content=\"summary_large_image\" \/>\n<meta name=\"twitter:label1\" content=\"Escrito por\" \/>\n\t<meta name=\"twitter:data1\" content=\"Andr\u00e9 Felizardo\" \/>\n\t<meta name=\"twitter:label2\" content=\"Est. tempo de leitura\" \/>\n\t<meta name=\"twitter:data2\" content=\"1 minuto\" \/>\n<script type=\"application\/ld+json\" class=\"yoast-schema-graph\">{\"@context\":\"https:\\\/\\\/schema.org\",\"@graph\":[{\"@type\":\"Article\",\"@id\":\"http:\\\/\\\/www.andrefelizardo.com.br\\\/blog\\\/automotivacao-voce-precisa-saber\\\/#article\",\"isPartOf\":{\"@id\":\"http:\\\/\\\/www.andrefelizardo.com.br\\\/blog\\\/automotivacao-voce-precisa-saber\\\/\"},\"author\":{\"name\":\"Andr\u00e9 Felizardo\",\"@id\":\"http:\\\/\\\/www.andrefelizardo.com.br\\\/blog\\\/#\\\/schema\\\/person\\\/7ffba68b251851fb519600e2e387a02b\"},\"headline\":\"Automotiva\u00e7\u00e3o: voc\u00ea precisa saber\",\"datePublished\":\"2015-06-04T15:49:25+00:00\",\"dateModified\":\"2016-01-05T13:24:53+00:00\",\"mainEntityOfPage\":{\"@id\":\"http:\\\/\\\/www.andrefelizardo.com.br\\\/blog\\\/automotivacao-voce-precisa-saber\\\/\"},\"wordCount\":243,\"commentCount\":0,\"image\":{\"@id\":\"http:\\\/\\\/www.andrefelizardo.com.br\\\/blog\\\/automotivacao-voce-precisa-saber\\\/#primaryimage\"},\"thumbnailUrl\":\"https:\\\/\\\/www.andrefelizardo.com.br\\\/blog\\\/wp-content\\\/uploads\\\/2015\\\/06\\\/automotiva\u00e7\u00e3o.jpg\",\"keywords\":[\"a menina do vale\",\"alesso\",\"automotiva\u00e7\u00e3o\",\"bel pesce\",\"le brown\",\"motiva\u00e7\u00e3o\",\"queen\",\"steve jobs\"],\"articleSection\":[\"Geral\"],\"inLanguage\":\"pt-BR\",\"potentialAction\":[{\"@type\":\"CommentAction\",\"name\":\"Comment\",\"target\":[\"http:\\\/\\\/www.andrefelizardo.com.br\\\/blog\\\/automotivacao-voce-precisa-saber\\\/#respond\"]}]},{\"@type\":\"WebPage\",\"@id\":\"http:\\\/\\\/www.andrefelizardo.com.br\\\/blog\\\/automotivacao-voce-precisa-saber\\\/\",\"url\":\"http:\\\/\\\/www.andrefelizardo.com.br\\\/blog\\\/automotivacao-voce-precisa-saber\\\/\",\"name\":\"Automotiva\u00e7\u00e3o: voc\u00ea precisa saber - Blog do Andr\u00e9 Felizardo\",\"isPartOf\":{\"@id\":\"http:\\\/\\\/www.andrefelizardo.com.br\\\/blog\\\/#website\"},\"primaryImageOfPage\":{\"@id\":\"http:\\\/\\\/www.andrefelizardo.com.br\\\/blog\\\/automotivacao-voce-precisa-saber\\\/#primaryimage\"},\"image\":{\"@id\":\"http:\\\/\\\/www.andrefelizardo.com.br\\\/blog\\\/automotivacao-voce-precisa-saber\\\/#primaryimage\"},\"thumbnailUrl\":\"https:\\\/\\\/www.andrefelizardo.com.br\\\/blog\\\/wp-content\\\/uploads\\\/2015\\\/06\\\/automotiva\u00e7\u00e3o.jpg\",\"datePublished\":\"2015-06-04T15:49:25+00:00\",\"dateModified\":\"2016-01-05T13:24:53+00:00\",\"author\":{\"@id\":\"http:\\\/\\\/www.andrefelizardo.com.br\\\/blog\\\/#\\\/schema\\\/person\\\/7ffba68b251851fb519600e2e387a02b\"},\"breadcrumb\":{\"@id\":\"http:\\\/\\\/www.andrefelizardo.com.br\\\/blog\\\/automotivacao-voce-precisa-saber\\\/#breadcrumb\"},\"inLanguage\":\"pt-BR\",\"potentialAction\":[{\"@type\":\"ReadAction\",\"target\":[\"http:\\\/\\\/www.andrefelizardo.com.br\\\/blog\\\/automotivacao-voce-precisa-saber\\\/\"]}]},{\"@type\":\"ImageObject\",\"inLanguage\":\"pt-BR\",\"@id\":\"http:\\\/\\\/www.andrefelizardo.com.br\\\/blog\\\/automotivacao-voce-precisa-saber\\\/#primaryimage\",\"url\":\"https:\\\/\\\/www.andrefelizardo.com.br\\\/blog\\\/wp-content\\\/uploads\\\/2015\\\/06\\\/automotiva\u00e7\u00e3o.jpg\",\"contentUrl\":\"https:\\\/\\\/www.andrefelizardo.com.br\\\/blog\\\/wp-content\\\/uploads\\\/2015\\\/06\\\/automotiva\u00e7\u00e3o.jpg\",\"width\":1000,\"height\":667,\"caption\":\"Automotiva\u00e7\u00e3o\"},{\"@type\":\"BreadcrumbList\",\"@id\":\"http:\\\/\\\/www.andrefelizardo.com.br\\\/blog\\\/automotivacao-voce-precisa-saber\\\/#breadcrumb\",\"itemListElement\":[{\"@type\":\"ListItem\",\"position\":1,\"name\":\"In\u00edcio\",\"item\":\"http:\\\/\\\/www.andrefelizardo.com.br\\\/blog\\\/\"},{\"@type\":\"ListItem\",\"position\":2,\"name\":\"Automotiva\u00e7\u00e3o: voc\u00ea precisa saber\"}]},{\"@type\":\"WebSite\",\"@id\":\"http:\\\/\\\/www.andrefelizardo.com.br\\\/blog\\\/#website\",\"url\":\"http:\\\/\\\/www.andrefelizardo.com.br\\\/blog\\\/\",\"name\":\"Blog do Andr\u00e9 Felizardo\",\"description\":\"Programa\u00e7\u00e3o de dev para dev\",\"potentialAction\":[{\"@type\":\"SearchAction\",\"target\":{\"@type\":\"EntryPoint\",\"urlTemplate\":\"http:\\\/\\\/www.andrefelizardo.com.br\\\/blog\\\/?s={search_term_string}\"},\"query-input\":{\"@type\":\"PropertyValueSpecification\",\"valueRequired\":true,\"valueName\":\"search_term_string\"}}],\"inLanguage\":\"pt-BR\"},{\"@type\":\"Person\",\"@id\":\"http:\\\/\\\/www.andrefelizardo.com.br\\\/blog\\\/#\\\/schema\\\/person\\\/7ffba68b251851fb519600e2e387a02b\",\"name\":\"Andr\u00e9 Felizardo\",\"image\":{\"@type\":\"ImageObject\",\"inLanguage\":\"pt-BR\",\"@id\":\"https:\\\/\\\/www.andrefelizardo.com.br\\\/blog\\\/wp-content\\\/wphb-cache\\\/gravatar\\\/9f9\\\/9f92d8b773ef5acf9b462d6dab41d783x96.jpg\",\"url\":\"https:\\\/\\\/www.andrefelizardo.com.br\\\/blog\\\/wp-content\\\/wphb-cache\\\/gravatar\\\/9f9\\\/9f92d8b773ef5acf9b462d6dab41d783x96.jpg\",\"contentUrl\":\"https:\\\/\\\/www.andrefelizardo.com.br\\\/blog\\\/wp-content\\\/wphb-cache\\\/gravatar\\\/9f9\\\/9f92d8b773ef5acf9b462d6dab41d783x96.jpg\",\"caption\":\"Andr\u00e9 Felizardo\"},\"sameAs\":[\"http:\\\/\\\/www.andrefelizardo.com.br\"],\"url\":\"https:\\\/\\\/www.andrefelizardo.com.br\\\/blog\\\/author\\\/andrefelizardo\\\/\"}]}<\/script>\n<!-- \/ Yoast SEO plugin. -->","yoast_head_json":{"title":"Automotiva\u00e7\u00e3o: voc\u00ea precisa saber - Blog do Andr\u00e9 Felizardo","robots":{"index":"index","follow":"follow","max-snippet":"max-snippet:-1","max-image-preview":"max-image-preview:large","max-video-preview":"max-video-preview:-1"},"canonical":"http:\/\/www.andrefelizardo.com.br\/blog\/automotivacao-voce-precisa-saber\/","og_locale":"pt_BR","og_type":"article","og_title":"Automotiva\u00e7\u00e3o: voc\u00ea precisa saber - Blog do Andr\u00e9 Felizardo","og_description":"&nbsp; Wikipedia: &#8220;Auto-motiva\u00e7\u00e3o \u00e9 a capacidade de motivar a si mesmo, para encontrar uma raz\u00e3o e a for\u00e7a necess\u00e1ria para fazer alguma coisa, sem a necessidade de serem influenciados a faz\u00ea-lo por outra pessoa. Trabalhando em uma cuidadosa forma consistente, sem desistir. Existem v\u00e1rios exemplos de auto-motiva\u00e7\u00e3o.&#8221; Automotiva\u00e7\u00e3o \u00e9 definida como uma caracter\u00edstica empreendedora, mas, [&hellip;]","og_url":"http:\/\/www.andrefelizardo.com.br\/blog\/automotivacao-voce-precisa-saber\/","og_site_name":"Blog do Andr\u00e9 Felizardo","article_published_time":"2015-06-04T15:49:25+00:00","article_modified_time":"2016-01-05T13:24:53+00:00","og_image":[{"width":1000,"height":667,"url":"http:\/\/www.andrefelizardo.com.br\/blog\/wp-content\/uploads\/2015\/06\/automotiva\u00e7\u00e3o.jpg","type":"image\/jpeg"}],"author":"Andr\u00e9 Felizardo","twitter_card":"summary_large_image","twitter_misc":{"Escrito por":"Andr\u00e9 Felizardo","Est. tempo de leitura":"1 minuto"},"schema":{"@context":"https:\/\/schema.org","@graph":[{"@type":"Article","@id":"http:\/\/www.andrefelizardo.com.br\/blog\/automotivacao-voce-precisa-saber\/#article","isPartOf":{"@id":"http:\/\/www.andrefelizardo.com.br\/blog\/automotivacao-voce-precisa-saber\/"},"author":{"name":"Andr\u00e9 Felizardo","@id":"http:\/\/www.andrefelizardo.com.br\/blog\/#\/schema\/person\/7ffba68b251851fb519600e2e387a02b"},"headline":"Automotiva\u00e7\u00e3o: voc\u00ea precisa saber","datePublished":"2015-06-04T15:49:25+00:00","dateModified":"2016-01-05T13:24:53+00:00","mainEntityOfPage":{"@id":"http:\/\/www.andrefelizardo.com.br\/blog\/automotivacao-voce-precisa-saber\/"},"wordCount":243,"commentCount":0,"image":{"@id":"http:\/\/www.andrefelizardo.com.br\/blog\/automotivacao-voce-precisa-saber\/#primaryimage"},"thumbnailUrl":"https:\/\/www.andrefelizardo.com.br\/blog\/wp-content\/uploads\/2015\/06\/automotiva\u00e7\u00e3o.jpg","keywords":["a menina do vale","alesso","automotiva\u00e7\u00e3o","bel pesce","le brown","motiva\u00e7\u00e3o","queen","steve jobs"],"articleSection":["Geral"],"inLanguage":"pt-BR","potentialAction":[{"@type":"CommentAction","name":"Comment","target":["http:\/\/www.andrefelizardo.com.br\/blog\/automotivacao-voce-precisa-saber\/#respond"]}]},{"@type":"WebPage","@id":"http:\/\/www.andrefelizardo.com.br\/blog\/automotivacao-voce-precisa-saber\/","url":"http:\/\/www.andrefelizardo.com.br\/blog\/automotivacao-voce-precisa-saber\/","name":"Automotiva\u00e7\u00e3o: voc\u00ea precisa saber - Blog do Andr\u00e9 Felizardo","isPartOf":{"@id":"http:\/\/www.andrefelizardo.com.br\/blog\/#website"},"primaryImageOfPage":{"@id":"http:\/\/www.andrefelizardo.com.br\/blog\/automotivacao-voce-precisa-saber\/#primaryimage"},"image":{"@id":"http:\/\/www.andrefelizardo.com.br\/blog\/automotivacao-voce-precisa-saber\/#primaryimage"},"thumbnailUrl":"https:\/\/www.andrefelizardo.com.br\/blog\/wp-content\/uploads\/2015\/06\/automotiva\u00e7\u00e3o.jpg","datePublished":"2015-06-04T15:49:25+00:00","dateModified":"2016-01-05T13:24:53+00:00","author":{"@id":"http:\/\/www.andrefelizardo.com.br\/blog\/#\/schema\/person\/7ffba68b251851fb519600e2e387a02b"},"breadcrumb":{"@id":"http:\/\/www.andrefelizardo.com.br\/blog\/automotivacao-voce-precisa-saber\/#breadcrumb"},"inLanguage":"pt-BR","potentialAction":[{"@type":"ReadAction","target":["http:\/\/www.andrefelizardo.com.br\/blog\/automotivacao-voce-precisa-saber\/"]}]},{"@type":"ImageObject","inLanguage":"pt-BR","@id":"http:\/\/www.andrefelizardo.com.br\/blog\/automotivacao-voce-precisa-saber\/#primaryimage","url":"https:\/\/www.andrefelizardo.com.br\/blog\/wp-content\/uploads\/2015\/06\/automotiva\u00e7\u00e3o.jpg","contentUrl":"https:\/\/www.andrefelizardo.com.br\/blog\/wp-content\/uploads\/2015\/06\/automotiva\u00e7\u00e3o.jpg","width":1000,"height":667,"caption":"Automotiva\u00e7\u00e3o"},{"@type":"BreadcrumbList","@id":"http:\/\/www.andrefelizardo.com.br\/blog\/automotivacao-voce-precisa-saber\/#breadcrumb","itemListElement":[{"@type":"ListItem","position":1,"name":"In\u00edcio","item":"http:\/\/www.andrefelizardo.com.br\/blog\/"},{"@type":"ListItem","position":2,"name":"Automotiva\u00e7\u00e3o: voc\u00ea precisa saber"}]},{"@type":"WebSite","@id":"http:\/\/www.andrefelizardo.com.br\/blog\/#website","url":"http:\/\/www.andrefelizardo.com.br\/blog\/","name":"Blog do Andr\u00e9 Felizardo","description":"Programa\u00e7\u00e3o de dev para dev","potentialAction":[{"@type":"SearchAction","target":{"@type":"EntryPoint","urlTemplate":"http:\/\/www.andrefelizardo.com.br\/blog\/?s={search_term_string}"},"query-input":{"@type":"PropertyValueSpecification","valueRequired":true,"valueName":"search_term_string"}}],"inLanguage":"pt-BR"},{"@type":"Person","@id":"http:\/\/www.andrefelizardo.com.br\/blog\/#\/schema\/person\/7ffba68b251851fb519600e2e387a02b","name":"Andr\u00e9 Felizardo","image":{"@type":"ImageObject","inLanguage":"pt-BR","@id":"https:\/\/www.andrefelizardo.com.br\/blog\/wp-content\/wphb-cache\/gravatar\/9f9\/9f92d8b773ef5acf9b462d6dab41d783x96.jpg","url":"https:\/\/www.andrefelizardo.com.br\/blog\/wp-content\/wphb-cache\/gravatar\/9f9\/9f92d8b773ef5acf9b462d6dab41d783x96.jpg","contentUrl":"https:\/\/www.andrefelizardo.com.br\/blog\/wp-content\/wphb-cache\/gravatar\/9f9\/9f92d8b773ef5acf9b462d6dab41d783x96.jpg","caption":"Andr\u00e9 Felizardo"},"sameAs":["http:\/\/www.andrefelizardo.com.br"],"url":"https:\/\/www.andrefelizardo.com.br\/blog\/author\/andrefelizardo\/"}]}},"jetpack_featured_media_url":"https:\/\/www.andrefelizardo.com.br\/blog\/wp-content\/uploads\/2015\/06\/automotiva\u00e7\u00e3o.jpg","jetpack_shortlink":"https:\/\/wp.me\/p6EP66-29","jetpack-related-posts":[{"id":821,"url":"https:\/\/www.andrefelizardo.com.br\/blog\/projetos-paralelos\/","url_meta":{"origin":133,"position":0},"title":"Projetos paralelos","author":"Andr\u00e9 Felizardo","date":"5 de maio de 2017","format":false,"excerpt":"Esse texto \u00e9 sobre sair da zona de conforto. O meu Blog \u00e9 a minha vis\u00e3o sobre Marketing Digital, Empreendedorismo e Tecnologia.\u00a0(t\u00e1 no t\u00edtulo!) Desde que eu comecei a trabalhar (l\u00e1 em 2007), eu trabalho com tecnologia. Meu primeiro emprego foi num curso de inform\u00e1tica e passei por praticamente todas\u2026","rel":"","context":"Em &quot;Dicas&quot;","block_context":{"text":"Dicas","link":"https:\/\/www.andrefelizardo.com.br\/blog\/category\/dicas\/"},"img":{"alt_text":"","src":"https:\/\/i0.wp.com\/www.andrefelizardo.com.br\/blog\/wp-content\/uploads\/2017\/05\/F672CBDC0F1.jpg?resize=350%2C200&ssl=1","width":350,"height":200,"srcset":"https:\/\/i0.wp.com\/www.andrefelizardo.com.br\/blog\/wp-content\/uploads\/2017\/05\/F672CBDC0F1.jpg?resize=350%2C200&ssl=1 1x, https:\/\/i0.wp.com\/www.andrefelizardo.com.br\/blog\/wp-content\/uploads\/2017\/05\/F672CBDC0F1.jpg?resize=525%2C300&ssl=1 1.5x, https:\/\/i0.wp.com\/www.andrefelizardo.com.br\/blog\/wp-content\/uploads\/2017\/05\/F672CBDC0F1.jpg?resize=700%2C400&ssl=1 2x"},"classes":[]},{"id":20,"url":"https:\/\/www.andrefelizardo.com.br\/blog\/30-coisas-que-voce-deve-comecar-a-fazer-para-si-mesmo-agora\/","url_meta":{"origin":133,"position":1},"title":"30 coisas que voc\u00ea deve come\u00e7ar a fazer para si mesmo agora!","author":"Andr\u00e9 Felizardo","date":"8 de maio de 2015","format":false,"excerpt":"Empreender n\u00e3o \u00e9 f\u00e1cil. E tem suas v\u00e1rias dificuldades. Mas, empreender \u00e9 uma busca em melhorar seus produtos\/servi\u00e7os e melhorar a si mesmo, constantemente. O texto que voc\u00ea vai ler foi escrito por Marc e Angel (traduzido pelo siteLifeBuzz.com). 1. Comece a passar o tempo com as pessoas certas \u00a0\u2026","rel":"","context":"Em &quot;Empreendedorismo&quot;","block_context":{"text":"Empreendedorismo","link":"https:\/\/www.andrefelizardo.com.br\/blog\/category\/empreendedorismo\/"},"img":{"alt_text":"Passe o tempo com as pessoas certas","src":"https:\/\/i0.wp.com\/www.andrefelizardo.com.br\/blog\/wp-content\/uploads\/2015\/05\/andre_felizardo-30-coisas-1.jpg?resize=350%2C200&ssl=1","width":350,"height":200,"srcset":"https:\/\/i0.wp.com\/www.andrefelizardo.com.br\/blog\/wp-content\/uploads\/2015\/05\/andre_felizardo-30-coisas-1.jpg?resize=350%2C200&ssl=1 1x, https:\/\/i0.wp.com\/www.andrefelizardo.com.br\/blog\/wp-content\/uploads\/2015\/05\/andre_felizardo-30-coisas-1.jpg?resize=525%2C300&ssl=1 1.5x"},"classes":[]},{"id":830,"url":"https:\/\/www.andrefelizardo.com.br\/blog\/seja-grato-primeiro-app-na-loja\/","url_meta":{"origin":133,"position":2},"title":"Seja Grato &#8211; Primeiro App na loja","author":"Andr\u00e9 Felizardo","date":"29 de junho de 2017","format":false,"excerpt":"No in\u00edcio de 2017 eu defini o objetivo de colocar tr\u00eas apps pr\u00f3prios at\u00e9 o fim do ano nas lojas de aplicativos. Quando chegou em maio, percebi que n\u00e3o tinha nenhum, ent\u00e3o decidi partir pra cima desse objetivo. A muito tempo eu vinha pensando num aplicativo (sem fins lucrativos) que\u2026","rel":"","context":"Em &quot;Ionic&quot;","block_context":{"text":"Ionic","link":"https:\/\/www.andrefelizardo.com.br\/blog\/category\/ionic\/"},"img":{"alt_text":"","src":"https:\/\/i0.wp.com\/www.andrefelizardo.com.br\/blog\/wp-content\/uploads\/2017\/06\/seja-grato.png?resize=350%2C200&ssl=1","width":350,"height":200,"srcset":"https:\/\/i0.wp.com\/www.andrefelizardo.com.br\/blog\/wp-content\/uploads\/2017\/06\/seja-grato.png?resize=350%2C200&ssl=1 1x, https:\/\/i0.wp.com\/www.andrefelizardo.com.br\/blog\/wp-content\/uploads\/2017\/06\/seja-grato.png?resize=525%2C300&ssl=1 1.5x, https:\/\/i0.wp.com\/www.andrefelizardo.com.br\/blog\/wp-content\/uploads\/2017\/06\/seja-grato.png?resize=700%2C400&ssl=1 2x"},"classes":[]},{"id":111,"url":"https:\/\/www.andrefelizardo.com.br\/blog\/wunderlist-mais-a-fundo\/","url_meta":{"origin":133,"position":3},"title":"Wunderlist: mais a fundo","author":"Andr\u00e9 Felizardo","date":"28 de maio de 2015","format":false,"excerpt":"Se voc\u00ea j\u00e1 usa o Wunderlist. Talvez tenha pensado em fazer algumas coisas, como adicionar lembrete mas n\u00e3o conseguiu. Esse texto \u00e9 pra voc\u00ea. Se voc\u00ea n\u00e3o conhece o Wunderlist ainda, comece por aqui. Definindo Data Limite Adicionando Lembrete Marcando como importante Adicionando subtarefas Compartilhando listas Definindo Data Limite Ao\u2026","rel":"","context":"Em &quot;Tecnologia&quot;","block_context":{"text":"Tecnologia","link":"https:\/\/www.andrefelizardo.com.br\/blog\/category\/tecnologia\/"},"img":{"alt_text":"Wunderlist logotipo","src":"https:\/\/i0.wp.com\/www.andrefelizardo.com.br\/blog\/wp-content\/uploads\/2015\/05\/wunderlist.png?resize=350%2C200&ssl=1","width":350,"height":200,"srcset":"https:\/\/i0.wp.com\/www.andrefelizardo.com.br\/blog\/wp-content\/uploads\/2015\/05\/wunderlist.png?resize=350%2C200&ssl=1 1x, https:\/\/i0.wp.com\/www.andrefelizardo.com.br\/blog\/wp-content\/uploads\/2015\/05\/wunderlist.png?resize=525%2C300&ssl=1 1.5x, https:\/\/i0.wp.com\/www.andrefelizardo.com.br\/blog\/wp-content\/uploads\/2015\/05\/wunderlist.png?resize=700%2C400&ssl=1 2x"},"classes":[]},{"id":2485,"url":"https:\/\/www.andrefelizardo.com.br\/blog\/blockchain-cripto\/","url_meta":{"origin":133,"position":4},"title":"Blockchain &amp; Cripto","author":"Andr\u00e9 Felizardo","date":"15 de abril de 2024","format":false,"excerpt":"Desvendando o Potencial da Blockchain e Criptomoedas atrav\u00e9s da Criptografia Em um mundo onde a transforma\u00e7\u00e3o digital avan\u00e7a a passos largos, a blockchain e as criptomoedas emergem como for\u00e7as disruptivas capazes de reformular a economia global e o panorama da seguran\u00e7a digital. No cerne dessa revolu\u00e7\u00e3o est\u00e1 a criptografia, uma\u2026","rel":"","context":"Em &quot;Tecnologia&quot;","block_context":{"text":"Tecnologia","link":"https:\/\/www.andrefelizardo.com.br\/blog\/category\/tecnologia\/"},"img":{"alt_text":"","src":"https:\/\/i0.wp.com\/www.andrefelizardo.com.br\/blog\/wp-content\/uploads\/2024\/04\/Blockchain.png?resize=350%2C200&ssl=1","width":350,"height":200,"srcset":"https:\/\/i0.wp.com\/www.andrefelizardo.com.br\/blog\/wp-content\/uploads\/2024\/04\/Blockchain.png?resize=350%2C200&ssl=1 1x, https:\/\/i0.wp.com\/www.andrefelizardo.com.br\/blog\/wp-content\/uploads\/2024\/04\/Blockchain.png?resize=525%2C300&ssl=1 1.5x, https:\/\/i0.wp.com\/www.andrefelizardo.com.br\/blog\/wp-content\/uploads\/2024\/04\/Blockchain.png?resize=700%2C400&ssl=1 2x, https:\/\/i0.wp.com\/www.andrefelizardo.com.br\/blog\/wp-content\/uploads\/2024\/04\/Blockchain.png?resize=1050%2C600&ssl=1 3x, https:\/\/i0.wp.com\/www.andrefelizardo.com.br\/blog\/wp-content\/uploads\/2024\/04\/Blockchain.png?resize=1400%2C800&ssl=1 4x"},"classes":[]},{"id":63,"url":"https:\/\/www.andrefelizardo.com.br\/blog\/o-que-e-empreender\/","url_meta":{"origin":133,"position":5},"title":"O que \u00e9 empreender?","author":"Andr\u00e9 Felizardo","date":"24 de maio de 2015","format":false,"excerpt":"Empreender \u00e9 a palavra do momento, mas, qual \u00e9 a defini\u00e7\u00e3o de empreender? De acordo com defini\u00e7\u00e3o do Google: verbo transitivo direto: p\u00f4r em execu\u00e7\u00e3o, realizar, decidir realizar (tarefa dif\u00edcil e trabalhosa), tentar. Uma defini\u00e7\u00e3o que considero perfeita \u00e9 uma frase de\u00a0Guy Kawasaki : \"A verdade \u00e9 que 'empreendedor' n\u00e3o\u2026","rel":"","context":"Em &quot;Empreendedorismo&quot;","block_context":{"text":"Empreendedorismo","link":"https:\/\/www.andrefelizardo.com.br\/blog\/category\/empreendedorismo\/"},"img":{"alt_text":"O que \u00e9 empreender?","src":"https:\/\/i0.wp.com\/www.andrefelizardo.com.br\/blog\/wp-content\/uploads\/2015\/05\/agenda.jpg?resize=350%2C200&ssl=1","width":350,"height":200,"srcset":"https:\/\/i0.wp.com\/www.andrefelizardo.com.br\/blog\/wp-content\/uploads\/2015\/05\/agenda.jpg?resize=350%2C200&ssl=1 1x, https:\/\/i0.wp.com\/www.andrefelizardo.com.br\/blog\/wp-content\/uploads\/2015\/05\/agenda.jpg?resize=525%2C300&ssl=1 1.5x, https:\/\/i0.wp.com\/www.andrefelizardo.com.br\/blog\/wp-content\/uploads\/2015\/05\/agenda.jpg?resize=700%2C400&ssl=1 2x"},"classes":[]}],"jetpack_sharing_enabled":true,"_links":{"self":[{"href":"https:\/\/www.andrefelizardo.com.br\/blog\/wp-json\/wp\/v2\/posts\/133","targetHints":{"allow":["GET"]}}],"collection":[{"href":"https:\/\/www.andrefelizardo.com.br\/blog\/wp-json\/wp\/v2\/posts"}],"about":[{"href":"https:\/\/www.andrefelizardo.com.br\/blog\/wp-json\/wp\/v2\/types\/post"}],"author":[{"embeddable":true,"href":"https:\/\/www.andrefelizardo.com.br\/blog\/wp-json\/wp\/v2\/users\/1"}],"replies":[{"embeddable":true,"href":"https:\/\/www.andrefelizardo.com.br\/blog\/wp-json\/wp\/v2\/comments?post=133"}],"version-history":[{"count":0,"href":"https:\/\/www.andrefelizardo.com.br\/blog\/wp-json\/wp\/v2\/posts\/133\/revisions"}],"wp:featuredmedia":[{"embeddable":true,"href":"https:\/\/www.andrefelizardo.com.br\/blog\/wp-json\/wp\/v2\/media\/235"}],"wp:attachment":[{"href":"https:\/\/www.andrefelizardo.com.br\/blog\/wp-json\/wp\/v2\/media?parent=133"}],"wp:term":[{"taxonomy":"category","embeddable":true,"href":"https:\/\/www.andrefelizardo.com.br\/blog\/wp-json\/wp\/v2\/categories?post=133"},{"taxonomy":"post_tag","embeddable":true,"href":"https:\/\/www.andrefelizardo.com.br\/blog\/wp-json\/wp\/v2\/tags?post=133"}],"curies":[{"name":"wp","href":"https:\/\/api.w.org\/{rel}","templated":true}]}}