{"id":140,"date":"2015-06-09T17:09:23","date_gmt":"2015-06-09T17:09:23","guid":{"rendered":"http:\/\/felizardos.wc.lt\/blog\/?p=140"},"modified":"2016-01-05T13:20:59","modified_gmt":"2016-01-05T13:20:59","slug":"os-maiores-desafios-do-empreendedorismo-feminino","status":"publish","type":"post","link":"https:\/\/www.andrefelizardo.com.br\/blog\/os-maiores-desafios-do-empreendedorismo-feminino\/","title":{"rendered":"Os maiores desafios do empreendedorismo feminino"},"content":{"rendered":"<p>Existe a lenda que a mulher \u00e9 a Mulher Maravilha\u201d, afirma Ana Fontes, criadora da Rede Mulher Empreendedora. \u201cIsso \u00e9 ruim porque significa que voc\u00ea tem que fazer tudo. Essa responsabilidade fica na nossa cabe\u00e7a\u201d, diz. As dificuldades que as empreendedoras enfrentam no mundo dos neg\u00f3cios foram parte da discuss\u00e3o da mesa \u201cAqui quem manda s\u00e3o as mulheres\u201d, que ocorreu nesta quinta-feira (5\/2) na oitava edi\u00e7\u00e3o da Campus Party.<\/p>\n<p>Junto com Ana Fontes, que mediou o debate, estavam as empreendedoras Fabiany Lima, Luciana Caletti e Tatiana Pezoa, que revelaram algumas das barreiras que enfrentam no dia a dia do empreendedorismo. Confira quais s\u00e3o elas e o que as empreendedoras fazem para super\u00e1-las:<\/p>\n<p><strong>\u00a0<\/strong><!--more--><\/p>\n<h2><img decoding=\"async\" class=\"wp-image-230 size-large aligncenter lazyload\" data-src=\"http:\/\/www.andrefelizardo.com.br\/blog\/wp-content\/uploads\/2015\/06\/mulher-no-empreendedorismo-1024x682.jpg\" alt=\"Empreendedorismo Ferminino\" width=\"620\" height=\"413\" data-srcset=\"https:\/\/www.andrefelizardo.com.br\/blog\/wp-content\/uploads\/2015\/06\/mulher-no-empreendedorismo-1024x682.jpg 1024w, https:\/\/www.andrefelizardo.com.br\/blog\/wp-content\/uploads\/2015\/06\/mulher-no-empreendedorismo-300x200.jpg 300w, https:\/\/www.andrefelizardo.com.br\/blog\/wp-content\/uploads\/2015\/06\/mulher-no-empreendedorismo.jpg 1280w\" data-sizes=\"(max-width: 620px) 100vw, 620px\" src=\"data:image\/svg+xml;base64,PHN2ZyB3aWR0aD0iMSIgaGVpZ2h0PSIxIiB4bWxucz0iaHR0cDovL3d3dy53My5vcmcvMjAwMC9zdmciPjwvc3ZnPg==\" style=\"--smush-placeholder-width: 620px; --smush-placeholder-aspect-ratio: 620\/413;\" \/><\/h2>\n<h2>O meio dos neg\u00f3cios ainda \u00e9 majoritariamente masculino<\/h2>\n<p>\u201cO setor de tecnologia ainda \u00e9 masculino, ent\u00e3o temos que buscar nosso lugar ao sol\u201d, afirma Tatiana Pezoa, CEO da Trustvox, site que mede a confian\u00e7a e a satisfa\u00e7\u00e3o dos consumidores em rela\u00e7\u00e3o aos e-commerces. Segundo a empreendedora, os homens s\u00e3o mais competitivos, enquanto<br \/>\nas mulheres costumam ser mais colaborativas. \u201cPrecisamos deixar de ter receio e ter mais coragem para tomar as r\u00e9deas\u201d, diz Tatiana.<\/p>\n<p><strong>\u00a0<\/strong><\/p>\n<h2>A falta de autoconfian\u00e7a<\/h2>\n<p>De acordo com Luciana Caletti, cofundadora e CEO da Love Mondays, plataforma online na qual funcion\u00e1rios podem avaliar, anonimamente, as empresas nas quais trabalham, ainda existe uma barreira interna das pr\u00f3prias mulheres. \u201cOs homens t\u00eam mais autoconfian\u00e7a em frente aos investidores e falam com seguran\u00e7a\u201d, diz a empreendedora. \u201cTemos que acreditar mais em n\u00f3s mesmas.\u201d<\/p>\n<p><strong>\u00a0<\/strong><\/p>\n<h2>Os julgamentos<\/h2>\n<p>\u201cAinda parece que estamos em um lugar no qual n\u00e3o dever\u00edamos estar\u201d, afirma Tatiana. \u201cAs pessoas nos julgam mais, mesmo que n\u00e3o percebam. Quando algu\u00e9m est\u00e1 me explicando algo t\u00e9cnico, por exemplo, presume que n\u00e3o entenderei do que est\u00e3o falando. Temos que passar por cima disso e mostrar que sabemos sim\u201d, diz Luciana.<\/p>\n<p><strong>\u00a0<\/strong><\/p>\n<h2>Os v\u00e1rios papeis da mulher<\/h2>\n<p>\u201cComo sou m\u00e3e, a impress\u00e3o que tenho quando vou a um compromisso \u00e9 que as pessoas, antes de tudo, questionam \u2018as suas filhas ficam com quem?\u2019. Como se ser m\u00e3e fosse conflitante com ser uma profissional competente\u201d, afirma Fabiany Dias, fundadora e CEO da Timokids, aplicativo de livros e jogos infantis, e m\u00e3e de g\u00eameas. \u201cS\u00e3o paradigmas que t\u00eam que ser quebrados, pois nossa inten\u00e7\u00e3o \u00e9 a de estar ali profissionalmente. Temos que ser julgadas por nossa capacidade e n\u00e3o por sermos mulheres\u201d, diz. \u201cNossa quest\u00e3o \u00e9 mostrar que somos empreendedoras e que n\u00e3o existe barreira quando voc\u00ea faz o que gosta\u201d, disse Ana Fontes.<\/p>\n<p>&nbsp;<\/p>\n<p style=\"text-align: right;\">Vi em <a href=\"http:\/\/revistapegn.globo.com\/Startups\/noticia\/2015\/02\/os-maiores-desafios-do-empreendedorismo-feminino.html\" target=\"_blank\">PEGN<\/a><\/p>\n","protected":false},"excerpt":{"rendered":"<p>Existe a lenda que a mulher \u00e9 a Mulher Maravilha\u201d, afirma Ana Fontes, criadora da Rede Mulher Empreendedora. \u201cIsso \u00e9 ruim porque significa que voc\u00ea tem que fazer tudo. Essa responsabilidade fica na nossa cabe\u00e7a\u201d, diz. As dificuldades que as empreendedoras enfrentam no mundo dos neg\u00f3cios foram parte da discuss\u00e3o da mesa \u201cAqui quem manda [&hellip;]<\/p>\n","protected":false},"author":1,"featured_media":230,"comment_status":"open","ping_status":"open","sticky":false,"template":"","format":"standard","meta":{"_jetpack_newsletter_access":"","_jetpack_dont_email_post_to_subs":false,"_jetpack_newsletter_tier_id":0,"_jetpack_memberships_contains_paywalled_content":false,"_jetpack_memberships_contains_paid_content":false,"footnotes":""},"categories":[3],"tags":[18,19,20,21,32],"class_list":["post-140","post","type-post","status-publish","format-standard","has-post-thumbnail","hentry","category-empreendedorismo","tag-empreendedor","tag-empreendedorismo","tag-empreendedorismo-feminino","tag-empreender","tag-mulher"],"yoast_head":"<!-- This site is optimized with the Yoast SEO plugin v27.5 - https:\/\/yoast.com\/product\/yoast-seo-wordpress\/ -->\n<title>Os maiores desafios do empreendedorismo feminino - Blog do Andr\u00e9 Felizardo<\/title>\n<meta name=\"robots\" content=\"index, follow, max-snippet:-1, max-image-preview:large, max-video-preview:-1\" \/>\n<link rel=\"canonical\" href=\"http:\/\/www.andrefelizardo.com.br\/blog\/os-maiores-desafios-do-empreendedorismo-feminino\/\" \/>\n<meta property=\"og:locale\" content=\"pt_BR\" \/>\n<meta property=\"og:type\" content=\"article\" \/>\n<meta property=\"og:title\" content=\"Os maiores desafios do empreendedorismo feminino - Blog do Andr\u00e9 Felizardo\" \/>\n<meta property=\"og:description\" content=\"Existe a lenda que a mulher \u00e9 a Mulher Maravilha\u201d, afirma Ana Fontes, criadora da Rede Mulher Empreendedora. \u201cIsso \u00e9 ruim porque significa que voc\u00ea tem que fazer tudo. Essa responsabilidade fica na nossa cabe\u00e7a\u201d, diz. As dificuldades que as empreendedoras enfrentam no mundo dos neg\u00f3cios foram parte da discuss\u00e3o da mesa \u201cAqui quem manda [&hellip;]\" \/>\n<meta property=\"og:url\" content=\"http:\/\/www.andrefelizardo.com.br\/blog\/os-maiores-desafios-do-empreendedorismo-feminino\/\" \/>\n<meta property=\"og:site_name\" content=\"Blog do Andr\u00e9 Felizardo\" \/>\n<meta property=\"article:published_time\" content=\"2015-06-09T17:09:23+00:00\" \/>\n<meta property=\"article:modified_time\" content=\"2016-01-05T13:20:59+00:00\" \/>\n<meta property=\"og:image\" content=\"http:\/\/www.andrefelizardo.com.br\/blog\/wp-content\/uploads\/2015\/06\/mulher-no-empreendedorismo.jpg\" \/>\n\t<meta property=\"og:image:width\" content=\"1280\" \/>\n\t<meta property=\"og:image:height\" content=\"853\" \/>\n\t<meta property=\"og:image:type\" content=\"image\/jpeg\" \/>\n<meta name=\"author\" content=\"Andr\u00e9 Felizardo\" \/>\n<meta name=\"twitter:card\" content=\"summary_large_image\" \/>\n<meta name=\"twitter:label1\" content=\"Escrito por\" \/>\n\t<meta name=\"twitter:data1\" content=\"Andr\u00e9 Felizardo\" \/>\n\t<meta name=\"twitter:label2\" content=\"Est. tempo de leitura\" \/>\n\t<meta name=\"twitter:data2\" content=\"2 minutos\" \/>\n<script type=\"application\/ld+json\" class=\"yoast-schema-graph\">{\"@context\":\"https:\\\/\\\/schema.org\",\"@graph\":[{\"@type\":\"Article\",\"@id\":\"http:\\\/\\\/www.andrefelizardo.com.br\\\/blog\\\/os-maiores-desafios-do-empreendedorismo-feminino\\\/#article\",\"isPartOf\":{\"@id\":\"http:\\\/\\\/www.andrefelizardo.com.br\\\/blog\\\/os-maiores-desafios-do-empreendedorismo-feminino\\\/\"},\"author\":{\"name\":\"Andr\u00e9 Felizardo\",\"@id\":\"http:\\\/\\\/www.andrefelizardo.com.br\\\/blog\\\/#\\\/schema\\\/person\\\/7ffba68b251851fb519600e2e387a02b\"},\"headline\":\"Os maiores desafios do empreendedorismo feminino\",\"datePublished\":\"2015-06-09T17:09:23+00:00\",\"dateModified\":\"2016-01-05T13:20:59+00:00\",\"mainEntityOfPage\":{\"@id\":\"http:\\\/\\\/www.andrefelizardo.com.br\\\/blog\\\/os-maiores-desafios-do-empreendedorismo-feminino\\\/\"},\"wordCount\":451,\"commentCount\":0,\"image\":{\"@id\":\"http:\\\/\\\/www.andrefelizardo.com.br\\\/blog\\\/os-maiores-desafios-do-empreendedorismo-feminino\\\/#primaryimage\"},\"thumbnailUrl\":\"https:\\\/\\\/www.andrefelizardo.com.br\\\/blog\\\/wp-content\\\/uploads\\\/2015\\\/06\\\/mulher-no-empreendedorismo.jpg\",\"keywords\":[\"empreendedor\",\"empreendedorismo\",\"empreendedorismo feminino\",\"empreender\",\"mulher\"],\"articleSection\":[\"Empreendedorismo\"],\"inLanguage\":\"pt-BR\",\"potentialAction\":[{\"@type\":\"CommentAction\",\"name\":\"Comment\",\"target\":[\"http:\\\/\\\/www.andrefelizardo.com.br\\\/blog\\\/os-maiores-desafios-do-empreendedorismo-feminino\\\/#respond\"]}]},{\"@type\":\"WebPage\",\"@id\":\"http:\\\/\\\/www.andrefelizardo.com.br\\\/blog\\\/os-maiores-desafios-do-empreendedorismo-feminino\\\/\",\"url\":\"http:\\\/\\\/www.andrefelizardo.com.br\\\/blog\\\/os-maiores-desafios-do-empreendedorismo-feminino\\\/\",\"name\":\"Os maiores desafios do empreendedorismo feminino - Blog do Andr\u00e9 Felizardo\",\"isPartOf\":{\"@id\":\"http:\\\/\\\/www.andrefelizardo.com.br\\\/blog\\\/#website\"},\"primaryImageOfPage\":{\"@id\":\"http:\\\/\\\/www.andrefelizardo.com.br\\\/blog\\\/os-maiores-desafios-do-empreendedorismo-feminino\\\/#primaryimage\"},\"image\":{\"@id\":\"http:\\\/\\\/www.andrefelizardo.com.br\\\/blog\\\/os-maiores-desafios-do-empreendedorismo-feminino\\\/#primaryimage\"},\"thumbnailUrl\":\"https:\\\/\\\/www.andrefelizardo.com.br\\\/blog\\\/wp-content\\\/uploads\\\/2015\\\/06\\\/mulher-no-empreendedorismo.jpg\",\"datePublished\":\"2015-06-09T17:09:23+00:00\",\"dateModified\":\"2016-01-05T13:20:59+00:00\",\"author\":{\"@id\":\"http:\\\/\\\/www.andrefelizardo.com.br\\\/blog\\\/#\\\/schema\\\/person\\\/7ffba68b251851fb519600e2e387a02b\"},\"breadcrumb\":{\"@id\":\"http:\\\/\\\/www.andrefelizardo.com.br\\\/blog\\\/os-maiores-desafios-do-empreendedorismo-feminino\\\/#breadcrumb\"},\"inLanguage\":\"pt-BR\",\"potentialAction\":[{\"@type\":\"ReadAction\",\"target\":[\"http:\\\/\\\/www.andrefelizardo.com.br\\\/blog\\\/os-maiores-desafios-do-empreendedorismo-feminino\\\/\"]}]},{\"@type\":\"ImageObject\",\"inLanguage\":\"pt-BR\",\"@id\":\"http:\\\/\\\/www.andrefelizardo.com.br\\\/blog\\\/os-maiores-desafios-do-empreendedorismo-feminino\\\/#primaryimage\",\"url\":\"https:\\\/\\\/www.andrefelizardo.com.br\\\/blog\\\/wp-content\\\/uploads\\\/2015\\\/06\\\/mulher-no-empreendedorismo.jpg\",\"contentUrl\":\"https:\\\/\\\/www.andrefelizardo.com.br\\\/blog\\\/wp-content\\\/uploads\\\/2015\\\/06\\\/mulher-no-empreendedorismo.jpg\",\"width\":1280,\"height\":853,\"caption\":\"Empreendedorismo Ferminino\"},{\"@type\":\"BreadcrumbList\",\"@id\":\"http:\\\/\\\/www.andrefelizardo.com.br\\\/blog\\\/os-maiores-desafios-do-empreendedorismo-feminino\\\/#breadcrumb\",\"itemListElement\":[{\"@type\":\"ListItem\",\"position\":1,\"name\":\"In\u00edcio\",\"item\":\"http:\\\/\\\/www.andrefelizardo.com.br\\\/blog\\\/\"},{\"@type\":\"ListItem\",\"position\":2,\"name\":\"Os maiores desafios do empreendedorismo feminino\"}]},{\"@type\":\"WebSite\",\"@id\":\"http:\\\/\\\/www.andrefelizardo.com.br\\\/blog\\\/#website\",\"url\":\"http:\\\/\\\/www.andrefelizardo.com.br\\\/blog\\\/\",\"name\":\"Blog do Andr\u00e9 Felizardo\",\"description\":\"Programa\u00e7\u00e3o de dev para dev\",\"potentialAction\":[{\"@type\":\"SearchAction\",\"target\":{\"@type\":\"EntryPoint\",\"urlTemplate\":\"http:\\\/\\\/www.andrefelizardo.com.br\\\/blog\\\/?s={search_term_string}\"},\"query-input\":{\"@type\":\"PropertyValueSpecification\",\"valueRequired\":true,\"valueName\":\"search_term_string\"}}],\"inLanguage\":\"pt-BR\"},{\"@type\":\"Person\",\"@id\":\"http:\\\/\\\/www.andrefelizardo.com.br\\\/blog\\\/#\\\/schema\\\/person\\\/7ffba68b251851fb519600e2e387a02b\",\"name\":\"Andr\u00e9 Felizardo\",\"image\":{\"@type\":\"ImageObject\",\"inLanguage\":\"pt-BR\",\"@id\":\"https:\\\/\\\/www.andrefelizardo.com.br\\\/blog\\\/wp-content\\\/wphb-cache\\\/gravatar\\\/9f9\\\/9f92d8b773ef5acf9b462d6dab41d783x96.jpg\",\"url\":\"https:\\\/\\\/www.andrefelizardo.com.br\\\/blog\\\/wp-content\\\/wphb-cache\\\/gravatar\\\/9f9\\\/9f92d8b773ef5acf9b462d6dab41d783x96.jpg\",\"contentUrl\":\"https:\\\/\\\/www.andrefelizardo.com.br\\\/blog\\\/wp-content\\\/wphb-cache\\\/gravatar\\\/9f9\\\/9f92d8b773ef5acf9b462d6dab41d783x96.jpg\",\"caption\":\"Andr\u00e9 Felizardo\"},\"sameAs\":[\"http:\\\/\\\/www.andrefelizardo.com.br\"],\"url\":\"https:\\\/\\\/www.andrefelizardo.com.br\\\/blog\\\/author\\\/andrefelizardo\\\/\"}]}<\/script>\n<!-- \/ Yoast SEO plugin. -->","yoast_head_json":{"title":"Os maiores desafios do empreendedorismo feminino - Blog do Andr\u00e9 Felizardo","robots":{"index":"index","follow":"follow","max-snippet":"max-snippet:-1","max-image-preview":"max-image-preview:large","max-video-preview":"max-video-preview:-1"},"canonical":"http:\/\/www.andrefelizardo.com.br\/blog\/os-maiores-desafios-do-empreendedorismo-feminino\/","og_locale":"pt_BR","og_type":"article","og_title":"Os maiores desafios do empreendedorismo feminino - Blog do Andr\u00e9 Felizardo","og_description":"Existe a lenda que a mulher \u00e9 a Mulher Maravilha\u201d, afirma Ana Fontes, criadora da Rede Mulher Empreendedora. \u201cIsso \u00e9 ruim porque significa que voc\u00ea tem que fazer tudo. Essa responsabilidade fica na nossa cabe\u00e7a\u201d, diz. As dificuldades que as empreendedoras enfrentam no mundo dos neg\u00f3cios foram parte da discuss\u00e3o da mesa \u201cAqui quem manda [&hellip;]","og_url":"http:\/\/www.andrefelizardo.com.br\/blog\/os-maiores-desafios-do-empreendedorismo-feminino\/","og_site_name":"Blog do Andr\u00e9 Felizardo","article_published_time":"2015-06-09T17:09:23+00:00","article_modified_time":"2016-01-05T13:20:59+00:00","og_image":[{"width":1280,"height":853,"url":"http:\/\/www.andrefelizardo.com.br\/blog\/wp-content\/uploads\/2015\/06\/mulher-no-empreendedorismo.jpg","type":"image\/jpeg"}],"author":"Andr\u00e9 Felizardo","twitter_card":"summary_large_image","twitter_misc":{"Escrito por":"Andr\u00e9 Felizardo","Est. tempo de leitura":"2 minutos"},"schema":{"@context":"https:\/\/schema.org","@graph":[{"@type":"Article","@id":"http:\/\/www.andrefelizardo.com.br\/blog\/os-maiores-desafios-do-empreendedorismo-feminino\/#article","isPartOf":{"@id":"http:\/\/www.andrefelizardo.com.br\/blog\/os-maiores-desafios-do-empreendedorismo-feminino\/"},"author":{"name":"Andr\u00e9 Felizardo","@id":"http:\/\/www.andrefelizardo.com.br\/blog\/#\/schema\/person\/7ffba68b251851fb519600e2e387a02b"},"headline":"Os maiores desafios do empreendedorismo feminino","datePublished":"2015-06-09T17:09:23+00:00","dateModified":"2016-01-05T13:20:59+00:00","mainEntityOfPage":{"@id":"http:\/\/www.andrefelizardo.com.br\/blog\/os-maiores-desafios-do-empreendedorismo-feminino\/"},"wordCount":451,"commentCount":0,"image":{"@id":"http:\/\/www.andrefelizardo.com.br\/blog\/os-maiores-desafios-do-empreendedorismo-feminino\/#primaryimage"},"thumbnailUrl":"https:\/\/www.andrefelizardo.com.br\/blog\/wp-content\/uploads\/2015\/06\/mulher-no-empreendedorismo.jpg","keywords":["empreendedor","empreendedorismo","empreendedorismo feminino","empreender","mulher"],"articleSection":["Empreendedorismo"],"inLanguage":"pt-BR","potentialAction":[{"@type":"CommentAction","name":"Comment","target":["http:\/\/www.andrefelizardo.com.br\/blog\/os-maiores-desafios-do-empreendedorismo-feminino\/#respond"]}]},{"@type":"WebPage","@id":"http:\/\/www.andrefelizardo.com.br\/blog\/os-maiores-desafios-do-empreendedorismo-feminino\/","url":"http:\/\/www.andrefelizardo.com.br\/blog\/os-maiores-desafios-do-empreendedorismo-feminino\/","name":"Os maiores desafios do empreendedorismo feminino - Blog do Andr\u00e9 Felizardo","isPartOf":{"@id":"http:\/\/www.andrefelizardo.com.br\/blog\/#website"},"primaryImageOfPage":{"@id":"http:\/\/www.andrefelizardo.com.br\/blog\/os-maiores-desafios-do-empreendedorismo-feminino\/#primaryimage"},"image":{"@id":"http:\/\/www.andrefelizardo.com.br\/blog\/os-maiores-desafios-do-empreendedorismo-feminino\/#primaryimage"},"thumbnailUrl":"https:\/\/www.andrefelizardo.com.br\/blog\/wp-content\/uploads\/2015\/06\/mulher-no-empreendedorismo.jpg","datePublished":"2015-06-09T17:09:23+00:00","dateModified":"2016-01-05T13:20:59+00:00","author":{"@id":"http:\/\/www.andrefelizardo.com.br\/blog\/#\/schema\/person\/7ffba68b251851fb519600e2e387a02b"},"breadcrumb":{"@id":"http:\/\/www.andrefelizardo.com.br\/blog\/os-maiores-desafios-do-empreendedorismo-feminino\/#breadcrumb"},"inLanguage":"pt-BR","potentialAction":[{"@type":"ReadAction","target":["http:\/\/www.andrefelizardo.com.br\/blog\/os-maiores-desafios-do-empreendedorismo-feminino\/"]}]},{"@type":"ImageObject","inLanguage":"pt-BR","@id":"http:\/\/www.andrefelizardo.com.br\/blog\/os-maiores-desafios-do-empreendedorismo-feminino\/#primaryimage","url":"https:\/\/www.andrefelizardo.com.br\/blog\/wp-content\/uploads\/2015\/06\/mulher-no-empreendedorismo.jpg","contentUrl":"https:\/\/www.andrefelizardo.com.br\/blog\/wp-content\/uploads\/2015\/06\/mulher-no-empreendedorismo.jpg","width":1280,"height":853,"caption":"Empreendedorismo Ferminino"},{"@type":"BreadcrumbList","@id":"http:\/\/www.andrefelizardo.com.br\/blog\/os-maiores-desafios-do-empreendedorismo-feminino\/#breadcrumb","itemListElement":[{"@type":"ListItem","position":1,"name":"In\u00edcio","item":"http:\/\/www.andrefelizardo.com.br\/blog\/"},{"@type":"ListItem","position":2,"name":"Os maiores desafios do empreendedorismo feminino"}]},{"@type":"WebSite","@id":"http:\/\/www.andrefelizardo.com.br\/blog\/#website","url":"http:\/\/www.andrefelizardo.com.br\/blog\/","name":"Blog do Andr\u00e9 Felizardo","description":"Programa\u00e7\u00e3o de dev para dev","potentialAction":[{"@type":"SearchAction","target":{"@type":"EntryPoint","urlTemplate":"http:\/\/www.andrefelizardo.com.br\/blog\/?s={search_term_string}"},"query-input":{"@type":"PropertyValueSpecification","valueRequired":true,"valueName":"search_term_string"}}],"inLanguage":"pt-BR"},{"@type":"Person","@id":"http:\/\/www.andrefelizardo.com.br\/blog\/#\/schema\/person\/7ffba68b251851fb519600e2e387a02b","name":"Andr\u00e9 Felizardo","image":{"@type":"ImageObject","inLanguage":"pt-BR","@id":"https:\/\/www.andrefelizardo.com.br\/blog\/wp-content\/wphb-cache\/gravatar\/9f9\/9f92d8b773ef5acf9b462d6dab41d783x96.jpg","url":"https:\/\/www.andrefelizardo.com.br\/blog\/wp-content\/wphb-cache\/gravatar\/9f9\/9f92d8b773ef5acf9b462d6dab41d783x96.jpg","contentUrl":"https:\/\/www.andrefelizardo.com.br\/blog\/wp-content\/wphb-cache\/gravatar\/9f9\/9f92d8b773ef5acf9b462d6dab41d783x96.jpg","caption":"Andr\u00e9 Felizardo"},"sameAs":["http:\/\/www.andrefelizardo.com.br"],"url":"https:\/\/www.andrefelizardo.com.br\/blog\/author\/andrefelizardo\/"}]}},"jetpack_featured_media_url":"https:\/\/www.andrefelizardo.com.br\/blog\/wp-content\/uploads\/2015\/06\/mulher-no-empreendedorismo.jpg","jetpack_shortlink":"https:\/\/wp.me\/p6EP66-2g","jetpack-related-posts":[{"id":60,"url":"https:\/\/www.andrefelizardo.com.br\/blog\/4-passos-para-decidir-de-vez-abrir-seu-negocio\/","url_meta":{"origin":140,"position":0},"title":"4 passos para decidir abrir seu pr\u00f3prio neg\u00f3cio","author":"Andr\u00e9 Felizardo","date":"18 de maio de 2015","format":false,"excerpt":"Vamos combinar que tomar a decis\u00e3o de deixar um emprego bem-sucedido para abrir seu pr\u00f3prio neg\u00f3cio\u00a0n\u00e3o \u00e9 exatamente f\u00e1cil, especialmente para quem j\u00e1 passou dos 30 anos, tem d\u00edvidas para pagar todo m\u00eas e nunca teve um neg\u00f3cio antes. S\u00e3o muitas vari\u00e1veis a pensar e levar em conta, certo? Al\u00e9m\u2026","rel":"","context":"Em &quot;Empreendedorismo&quot;","block_context":{"text":"Empreendedorismo","link":"https:\/\/www.andrefelizardo.com.br\/blog\/category\/empreendedorismo\/"},"img":{"alt_text":"Abrir neg\u00f3cio pr\u00f3prio","src":"https:\/\/i0.wp.com\/www.andrefelizardo.com.br\/blog\/wp-content\/uploads\/2015\/05\/negocio-proprio.jpg?resize=350%2C200&ssl=1","width":350,"height":200,"srcset":"https:\/\/i0.wp.com\/www.andrefelizardo.com.br\/blog\/wp-content\/uploads\/2015\/05\/negocio-proprio.jpg?resize=350%2C200&ssl=1 1x, https:\/\/i0.wp.com\/www.andrefelizardo.com.br\/blog\/wp-content\/uploads\/2015\/05\/negocio-proprio.jpg?resize=525%2C300&ssl=1 1.5x, https:\/\/i0.wp.com\/www.andrefelizardo.com.br\/blog\/wp-content\/uploads\/2015\/05\/negocio-proprio.jpg?resize=700%2C400&ssl=1 2x"},"classes":[]},{"id":63,"url":"https:\/\/www.andrefelizardo.com.br\/blog\/o-que-e-empreender\/","url_meta":{"origin":140,"position":1},"title":"O que \u00e9 empreender?","author":"Andr\u00e9 Felizardo","date":"24 de maio de 2015","format":false,"excerpt":"Empreender \u00e9 a palavra do momento, mas, qual \u00e9 a defini\u00e7\u00e3o de empreender? De acordo com defini\u00e7\u00e3o do Google: verbo transitivo direto: p\u00f4r em execu\u00e7\u00e3o, realizar, decidir realizar (tarefa dif\u00edcil e trabalhosa), tentar. Uma defini\u00e7\u00e3o que considero perfeita \u00e9 uma frase de\u00a0Guy Kawasaki : \"A verdade \u00e9 que 'empreendedor' n\u00e3o\u2026","rel":"","context":"Em &quot;Empreendedorismo&quot;","block_context":{"text":"Empreendedorismo","link":"https:\/\/www.andrefelizardo.com.br\/blog\/category\/empreendedorismo\/"},"img":{"alt_text":"O que \u00e9 empreender?","src":"https:\/\/i0.wp.com\/www.andrefelizardo.com.br\/blog\/wp-content\/uploads\/2015\/05\/agenda.jpg?resize=350%2C200&ssl=1","width":350,"height":200,"srcset":"https:\/\/i0.wp.com\/www.andrefelizardo.com.br\/blog\/wp-content\/uploads\/2015\/05\/agenda.jpg?resize=350%2C200&ssl=1 1x, https:\/\/i0.wp.com\/www.andrefelizardo.com.br\/blog\/wp-content\/uploads\/2015\/05\/agenda.jpg?resize=525%2C300&ssl=1 1.5x, https:\/\/i0.wp.com\/www.andrefelizardo.com.br\/blog\/wp-content\/uploads\/2015\/05\/agenda.jpg?resize=700%2C400&ssl=1 2x"},"classes":[]},{"id":382,"url":"https:\/\/www.andrefelizardo.com.br\/blog\/por-que-ter-um-site\/","url_meta":{"origin":140,"position":2},"title":"Por que ter um site?","author":"Andr\u00e9 Felizardo","date":"4 de outubro de 2015","format":false,"excerpt":"Muitas vezes, quando algu\u00e9m est\u00e1 iniciando um neg\u00f3cio pr\u00f3prio, normalmente um pequeno neg\u00f3cio, fica aquela d\u00favida:\u00a0Preciso ter um site? Por que ter um site? Para alguns neg\u00f3cios, ter um site n\u00e3o \u00e9 obrigat\u00f3rio, j\u00e1 para outros \u00e9 essencial. Abordarei nesse texto os motivos principais para o maior n\u00famero de neg\u00f3cios,\u2026","rel":"","context":"Em &quot;Empreendedorismo&quot;","block_context":{"text":"Empreendedorismo","link":"https:\/\/www.andrefelizardo.com.br\/blog\/category\/empreendedorismo\/"},"img":{"alt_text":"sites","src":"https:\/\/i0.wp.com\/www.andrefelizardo.com.br\/blog\/wp-content\/uploads\/2015\/10\/sites-620x264.png?resize=350%2C200","width":350,"height":200,"srcset":"https:\/\/i0.wp.com\/www.andrefelizardo.com.br\/blog\/wp-content\/uploads\/2015\/10\/sites-620x264.png?resize=350%2C200 1x, https:\/\/i0.wp.com\/www.andrefelizardo.com.br\/blog\/wp-content\/uploads\/2015\/10\/sites-620x264.png?resize=525%2C300 1.5x"},"classes":[]},{"id":821,"url":"https:\/\/www.andrefelizardo.com.br\/blog\/projetos-paralelos\/","url_meta":{"origin":140,"position":3},"title":"Projetos paralelos","author":"Andr\u00e9 Felizardo","date":"5 de maio de 2017","format":false,"excerpt":"Esse texto \u00e9 sobre sair da zona de conforto. O meu Blog \u00e9 a minha vis\u00e3o sobre Marketing Digital, Empreendedorismo e Tecnologia.\u00a0(t\u00e1 no t\u00edtulo!) Desde que eu comecei a trabalhar (l\u00e1 em 2007), eu trabalho com tecnologia. Meu primeiro emprego foi num curso de inform\u00e1tica e passei por praticamente todas\u2026","rel":"","context":"Em &quot;Dicas&quot;","block_context":{"text":"Dicas","link":"https:\/\/www.andrefelizardo.com.br\/blog\/category\/dicas\/"},"img":{"alt_text":"","src":"https:\/\/i0.wp.com\/www.andrefelizardo.com.br\/blog\/wp-content\/uploads\/2017\/05\/F672CBDC0F1.jpg?resize=350%2C200&ssl=1","width":350,"height":200,"srcset":"https:\/\/i0.wp.com\/www.andrefelizardo.com.br\/blog\/wp-content\/uploads\/2017\/05\/F672CBDC0F1.jpg?resize=350%2C200&ssl=1 1x, https:\/\/i0.wp.com\/www.andrefelizardo.com.br\/blog\/wp-content\/uploads\/2017\/05\/F672CBDC0F1.jpg?resize=525%2C300&ssl=1 1.5x, https:\/\/i0.wp.com\/www.andrefelizardo.com.br\/blog\/wp-content\/uploads\/2017\/05\/F672CBDC0F1.jpg?resize=700%2C400&ssl=1 2x"},"classes":[]},{"id":404,"url":"https:\/\/www.andrefelizardo.com.br\/blog\/tipos-de-site-encontre-o-ideal-para-sua-empresa\/","url_meta":{"origin":140,"position":4},"title":"Tipos de Site &#8211; Encontre o ideal para sua empresa","author":"Andr\u00e9 Felizardo","date":"12 de outubro de 2015","format":false,"excerpt":"Um dos primeiro passos para colocar sua empresa\/ideia no mundo digital, com uma boa identidade \u00e9 ter um site. Por\u00e9m mesmo identificando essa necessidade, alguns empreendedores acreditam que ter um site \u00e9 muito caro ou dif\u00edcil. Nos primeiros contatos com os clientes, eu gosto de passar os v\u00e1rios tipos poss\u00edveis\u2026","rel":"","context":"Em &quot;Empreendedorismo&quot;","block_context":{"text":"Empreendedorismo","link":"https:\/\/www.andrefelizardo.com.br\/blog\/category\/empreendedorismo\/"},"img":{"alt_text":"sites","src":"https:\/\/i0.wp.com\/www.andrefelizardo.com.br\/blog\/wp-content\/uploads\/2015\/10\/sites.png?resize=350%2C200&ssl=1","width":350,"height":200,"srcset":"https:\/\/i0.wp.com\/www.andrefelizardo.com.br\/blog\/wp-content\/uploads\/2015\/10\/sites.png?resize=350%2C200&ssl=1 1x, https:\/\/i0.wp.com\/www.andrefelizardo.com.br\/blog\/wp-content\/uploads\/2015\/10\/sites.png?resize=525%2C300&ssl=1 1.5x"},"classes":[]},{"id":92,"url":"https:\/\/www.andrefelizardo.com.br\/blog\/como-planejar-e-organizar-suas-ideias-7-passos-praticos\/","url_meta":{"origin":140,"position":5},"title":"Como planejar e organizar suas ideias &#8211; 7 passos pr\u00e1ticos","author":"Andr\u00e9 Felizardo","date":"28 de maio de 2015","format":false,"excerpt":"Planejamento \u00e9 uma das coisas mais importantes da vida, seja no campo pessoal ou empresarial. Por\u00e9m muitas vezes erramos no planejamento mais b\u00e1sico, que \u00e9 planejar o planejamento, ou pr\u00e9-planejamento. Se voc\u00ea erra no primeiro passo, se torna uma bola de neve e seus planos se tornam uma dor de\u2026","rel":"","context":"Em &quot;Empreendedorismo&quot;","block_context":{"text":"Empreendedorismo","link":"https:\/\/www.andrefelizardo.com.br\/blog\/category\/empreendedorismo\/"},"img":{"alt_text":"Organize suas ideias - imagem mesa de trabalho organizada","src":"https:\/\/i0.wp.com\/www.andrefelizardo.com.br\/blog\/wp-content\/uploads\/2015\/05\/notebook-livros-revista-iphone-desenho.jpg?resize=350%2C200&ssl=1","width":350,"height":200,"srcset":"https:\/\/i0.wp.com\/www.andrefelizardo.com.br\/blog\/wp-content\/uploads\/2015\/05\/notebook-livros-revista-iphone-desenho.jpg?resize=350%2C200&ssl=1 1x, https:\/\/i0.wp.com\/www.andrefelizardo.com.br\/blog\/wp-content\/uploads\/2015\/05\/notebook-livros-revista-iphone-desenho.jpg?resize=525%2C300&ssl=1 1.5x, https:\/\/i0.wp.com\/www.andrefelizardo.com.br\/blog\/wp-content\/uploads\/2015\/05\/notebook-livros-revista-iphone-desenho.jpg?resize=700%2C400&ssl=1 2x"},"classes":[]}],"jetpack_sharing_enabled":true,"_links":{"self":[{"href":"https:\/\/www.andrefelizardo.com.br\/blog\/wp-json\/wp\/v2\/posts\/140","targetHints":{"allow":["GET"]}}],"collection":[{"href":"https:\/\/www.andrefelizardo.com.br\/blog\/wp-json\/wp\/v2\/posts"}],"about":[{"href":"https:\/\/www.andrefelizardo.com.br\/blog\/wp-json\/wp\/v2\/types\/post"}],"author":[{"embeddable":true,"href":"https:\/\/www.andrefelizardo.com.br\/blog\/wp-json\/wp\/v2\/users\/1"}],"replies":[{"embeddable":true,"href":"https:\/\/www.andrefelizardo.com.br\/blog\/wp-json\/wp\/v2\/comments?post=140"}],"version-history":[{"count":0,"href":"https:\/\/www.andrefelizardo.com.br\/blog\/wp-json\/wp\/v2\/posts\/140\/revisions"}],"wp:featuredmedia":[{"embeddable":true,"href":"https:\/\/www.andrefelizardo.com.br\/blog\/wp-json\/wp\/v2\/media\/230"}],"wp:attachment":[{"href":"https:\/\/www.andrefelizardo.com.br\/blog\/wp-json\/wp\/v2\/media?parent=140"}],"wp:term":[{"taxonomy":"category","embeddable":true,"href":"https:\/\/www.andrefelizardo.com.br\/blog\/wp-json\/wp\/v2\/categories?post=140"},{"taxonomy":"post_tag","embeddable":true,"href":"https:\/\/www.andrefelizardo.com.br\/blog\/wp-json\/wp\/v2\/tags?post=140"}],"curies":[{"name":"wp","href":"https:\/\/api.w.org\/{rel}","templated":true}]}}