{"id":3874,"date":"2026-02-05T15:18:53","date_gmt":"2026-02-05T15:18:53","guid":{"rendered":"http:\/\/www.andrefelizardo.com.br\/blog\/?p=3874"},"modified":"2026-02-05T15:18:55","modified_gmt":"2026-02-05T15:18:55","slug":"eu-li-o-livro-um-defeito-de-cor","status":"publish","type":"post","link":"https:\/\/www.andrefelizardo.com.br\/blog\/eu-li-o-livro-um-defeito-de-cor\/","title":{"rendered":"Eu li o livro Um Defeito de Cor"},"content":{"rendered":"\n<p>E \u00e9 provavelmente o melhor romance que eu j\u00e1 li. Inclusive eu s\u00f3 descobri &#8211; historicamente &#8211; o que significa um defeito de cor ap\u00f3s ler o livro.<\/p>\n\n\n\n<h2 class=\"wp-block-heading\">Por que romance?<\/h2>\n\n\n\n<p>Me lembro de durante a pandemia, em algum momento o Emicida citar ou recomendar esse livro (provavelmente em algum corte do Papo de Segunda que eu vi no YouTube). Adicionei o livro a minha lista de favoritos da Amazon e assim ele ficou por anos.<\/p>\n\n\n\n<p>No meio de 2025, a partir de alguns questionamentos gerados pela terapia (fa\u00e7a terapia!), eu decidi voltar a ler livros que n\u00e3o fossem t\u00e9cnicos nem de aperfei\u00e7oamento pessoal nem de finan\u00e7as, que \u00e9 basicamente as categorias de livros que li na \u00faltima decada.<\/p>\n\n\n\n<p>Com isso em mente eu comprei alguns livros, baixei muitos e enviei para o Kindle e decidi come\u00e7ar minhas leituras \u201cn\u00e3o-t\u00e9cnicas\u201d por Um Defeito de Cor da Ana Maria Gon\u00e7alves (comecei as leituras &#8220;t\u00e9cnicas&#8221; pelo livro do Zeno: <a href=\"https:\/\/www.andrefelizardo.com.br\/blog\/livro-14-habitos-de-desenvolvedores-altamente-produtivos\/\" type=\"post\" id=\"3625\" target=\"_blank\" rel=\"noreferrer noopener\">14 h\u00e1bitos de desenvolvedores altamente produtivos<\/a>)<\/p>\n\n\n<div class=\"wp-block-image\">\n<figure data-wp-context=\"{&quot;imageId&quot;:&quot;69f3d9e15af1c&quot;}\" data-wp-interactive=\"core\/image\" data-wp-key=\"69f3d9e15af1c\" class=\"aligncenter size-large is-resized wp-lightbox-container\"><img decoding=\"async\" width=\"689\" height=\"1024\" data-wp-class--hide=\"state.isContentHidden\" data-wp-class--show=\"state.isContentVisible\" data-wp-init=\"callbacks.setButtonStyles\" data-wp-on--click=\"actions.showLightbox\" data-wp-on--load=\"callbacks.setButtonStyles\" data-wp-on-window--resize=\"callbacks.setButtonStyles\" data-src=\"https:\/\/www.andrefelizardo.com.br\/blog\/wp-content\/uploads\/2026\/02\/image-689x1024.png\" alt=\"Capa do livro Um Defeito de Cor\" class=\"wp-image-3875 lazyload\" style=\"--smush-placeholder-width: 689px; --smush-placeholder-aspect-ratio: 689\/1024;aspect-ratio:0.67286282504847;width:222px;height:auto\" data-srcset=\"https:\/\/www.andrefelizardo.com.br\/blog\/wp-content\/uploads\/2026\/02\/image-689x1024.png 689w, https:\/\/www.andrefelizardo.com.br\/blog\/wp-content\/uploads\/2026\/02\/image-202x300.png 202w, https:\/\/www.andrefelizardo.com.br\/blog\/wp-content\/uploads\/2026\/02\/image-768x1141.png 768w, https:\/\/www.andrefelizardo.com.br\/blog\/wp-content\/uploads\/2026\/02\/image.png 1010w\" data-sizes=\"(max-width: 689px) 100vw, 689px\" src=\"data:image\/svg+xml;base64,PHN2ZyB3aWR0aD0iMSIgaGVpZ2h0PSIxIiB4bWxucz0iaHR0cDovL3d3dy53My5vcmcvMjAwMC9zdmciPjwvc3ZnPg==\" \/><button\n\t\t\tclass=\"lightbox-trigger\"\n\t\t\ttype=\"button\"\n\t\t\taria-haspopup=\"dialog\"\n\t\t\taria-label=\"Ampliar\"\n\t\t\tdata-wp-init=\"callbacks.initTriggerButton\"\n\t\t\tdata-wp-on--click=\"actions.showLightbox\"\n\t\t\tdata-wp-style--right=\"state.imageButtonRight\"\n\t\t\tdata-wp-style--top=\"state.imageButtonTop\"\n\t\t>\n\t\t\t<svg xmlns=\"http:\/\/www.w3.org\/2000\/svg\" width=\"12\" height=\"12\" fill=\"none\" viewBox=\"0 0 12 12\">\n\t\t\t\t<path fill=\"#fff\" d=\"M2 0a2 2 0 0 0-2 2v2h1.5V2a.5.5 0 0 1 .5-.5h2V0H2Zm2 10.5H2a.5.5 0 0 1-.5-.5V8H0v2a2 2 0 0 0 2 2h2v-1.5ZM8 12v-1.5h2a.5.5 0 0 0 .5-.5V8H12v2a2 2 0 0 1-2 2H8Zm2-12a2 2 0 0 1 2 2v2h-1.5V2a.5.5 0 0 0-.5-.5H8V0h2Z\" \/>\n\t\t\t<\/svg>\n\t\t<\/button><\/figure>\n<\/div>\n\n\n<h2 class=\"wp-block-heading\">Para quem eu n\u00e3o indicaria o livro?<\/h2>\n\n\n\n<p>O livro n\u00e3o \u00e9 dos menores (mais de 900 p\u00e1ginas) e \u00e9 quase um di\u00e1rio de uma menina africana que vem parar muito jovem no Brasil como escravizada por volta de 1800.<\/p>\n\n\n\n<p>Ap\u00f3s a autora explicar como se deu a escrita do livro, a hist\u00f3ria j\u00e1 come\u00e7a de uma maneira\u2026agitada, talvez possa embrulhar o est\u00f4mago de muitos (eu fiquei destru\u00eddo j\u00e1 nas primeiras p\u00e1ginas). E a hist\u00f3ria se passa com fatos hist\u00f3ricos, pontos de vista que voc\u00ea provavelmente nunca viu em livros de hist\u00f3ria sobre o per\u00edodo colonial al\u00e9m de uma realidade que chega a assustar.<\/p>\n\n\n\n<p>Se voc\u00ea se identificar com algum dos itens abaixo, eu n\u00e3o acho que o livro \u00e9 para voc\u00ea:<\/p>\n\n\n\n<ul class=\"wp-block-list\">\n<li>n\u00e3o tem nenhum interesse pela vida dos negros durante o per\u00edodo colonial<\/li>\n\n\n\n<li>n\u00e3o tem interesse em entender um pouco mais os conflitos que t\u00ednhamos no Brasil entre negros que vieram de diferentes localiza\u00e7\u00f5es<\/li>\n\n\n\n<li>n\u00e3o tem interesse sobre a forma\u00e7\u00e3o do pa\u00eds<\/li>\n\n\n\n<li>n\u00e3o se interessa pelo contexto pol\u00edtico pr\u00e9-independ\u00eancia<\/li>\n\n\n\n<li>n\u00e3o tem nenhum interesse ou at\u00e9 tem preconceito com religi\u00f5es de matriz africana<\/li>\n\n\n\n<li>n\u00e3o gostaria de ler agress\u00f5es f\u00edsicas terr\u00edveis que escravizados possam ter recebido<\/li>\n\n\n\n<li>n\u00e3o est\u00e1 acostumado a ler nada diferente de auto-ajuda<\/li>\n<\/ul>\n\n\n\n<h2 class=\"wp-block-heading\">Porque voc\u00ea deveria ler<\/h2>\n\n\n\n<p>Um Defeito de Cor est\u00e1 na lista dos 200 livros mais importantes para entender o Brasil de acordo com a Folha de S\u00e3o Paulo (na verdade o livro est\u00e1 em 7\u00ba), j\u00e1 gerou exposi\u00e7\u00f5es a partir dele, muito debate e est\u00e1 sempre entre os mais vendidos do ano a mais de uma d\u00e9cada.<\/p>\n\n\n\n<p>Voc\u00ea encontrar o livro <a href=\"https:\/\/a.co\/d\/0h0inT4I\">aqui na Amazon<\/a> e se pesquisar direitinho encontra ele tamb\u00e9m para baixar gratuitamente por a\u00ed.<\/p>\n\n\n\n<p>Terminei essa leitura no dia 1\u00ba de janeiro de 2026 e eu n\u00e3o podia ter come\u00e7ado o ano com uma leitura melhor. Tomara que voc\u00ea decida fazer essa leitura tamb\u00e9m.<\/p>\n\n\n\n<p>At\u00e9 a pr\u00f3xima.<\/p>\n","protected":false},"excerpt":{"rendered":"<p>E \u00e9 provavelmente o melhor romance que eu j\u00e1 li. Inclusive eu s\u00f3 descobri &#8211; historicamente &#8211; o que significa um defeito de cor ap\u00f3s ler o livro. Por que romance? Me lembro de durante a pandemia, em algum momento o Emicida citar ou recomendar esse livro (provavelmente em algum corte do Papo de Segunda [&hellip;]<\/p>\n","protected":false},"author":1,"featured_media":0,"comment_status":"closed","ping_status":"open","sticky":false,"template":"","format":"standard","meta":{"_jetpack_newsletter_access":"","_jetpack_dont_email_post_to_subs":false,"_jetpack_newsletter_tier_id":0,"_jetpack_memberships_contains_paywalled_content":false,"_jetpack_memberships_contains_paid_content":false,"footnotes":""},"categories":[5],"tags":[147],"class_list":["post-3874","post","type-post","status-publish","format-standard","hentry","category-tecnologia","tag-livro"],"yoast_head":"<!-- This site is optimized with the Yoast SEO plugin v27.5 - https:\/\/yoast.com\/product\/yoast-seo-wordpress\/ -->\n<title>Eu li o livro Um Defeito de Cor - Blog do Andr\u00e9 Felizardo<\/title>\n<meta name=\"robots\" content=\"index, follow, max-snippet:-1, max-image-preview:large, max-video-preview:-1\" \/>\n<link rel=\"canonical\" href=\"https:\/\/www.andrefelizardo.com.br\/blog\/eu-li-o-livro-um-defeito-de-cor\/\" \/>\n<meta property=\"og:locale\" content=\"pt_BR\" \/>\n<meta property=\"og:type\" content=\"article\" \/>\n<meta property=\"og:title\" content=\"Eu li o livro Um Defeito de Cor - Blog do Andr\u00e9 Felizardo\" \/>\n<meta property=\"og:description\" content=\"E \u00e9 provavelmente o melhor romance que eu j\u00e1 li. Inclusive eu s\u00f3 descobri &#8211; historicamente &#8211; o que significa um defeito de cor ap\u00f3s ler o livro. Por que romance? Me lembro de durante a pandemia, em algum momento o Emicida citar ou recomendar esse livro (provavelmente em algum corte do Papo de Segunda [&hellip;]\" \/>\n<meta property=\"og:url\" content=\"https:\/\/www.andrefelizardo.com.br\/blog\/eu-li-o-livro-um-defeito-de-cor\/\" \/>\n<meta property=\"og:site_name\" content=\"Blog do Andr\u00e9 Felizardo\" \/>\n<meta property=\"article:published_time\" content=\"2026-02-05T15:18:53+00:00\" \/>\n<meta property=\"article:modified_time\" content=\"2026-02-05T15:18:55+00:00\" \/>\n<meta property=\"og:image\" content=\"https:\/\/www.andrefelizardo.com.br\/blog\/wp-content\/uploads\/2026\/02\/image-689x1024.png\" \/>\n<meta name=\"author\" content=\"Andr\u00e9 Felizardo\" \/>\n<meta name=\"twitter:card\" content=\"summary_large_image\" \/>\n<meta name=\"twitter:label1\" content=\"Escrito por\" \/>\n\t<meta name=\"twitter:data1\" content=\"Andr\u00e9 Felizardo\" \/>\n\t<meta name=\"twitter:label2\" content=\"Est. tempo de leitura\" \/>\n\t<meta name=\"twitter:data2\" content=\"3 minutos\" \/>\n<script type=\"application\/ld+json\" class=\"yoast-schema-graph\">{\"@context\":\"https:\\\/\\\/schema.org\",\"@graph\":[{\"@type\":\"Article\",\"@id\":\"https:\\\/\\\/www.andrefelizardo.com.br\\\/blog\\\/eu-li-o-livro-um-defeito-de-cor\\\/#article\",\"isPartOf\":{\"@id\":\"https:\\\/\\\/www.andrefelizardo.com.br\\\/blog\\\/eu-li-o-livro-um-defeito-de-cor\\\/\"},\"author\":{\"name\":\"Andr\u00e9 Felizardo\",\"@id\":\"http:\\\/\\\/www.andrefelizardo.com.br\\\/blog\\\/#\\\/schema\\\/person\\\/7ffba68b251851fb519600e2e387a02b\"},\"headline\":\"Eu li o livro Um Defeito de Cor\",\"datePublished\":\"2026-02-05T15:18:53+00:00\",\"dateModified\":\"2026-02-05T15:18:55+00:00\",\"mainEntityOfPage\":{\"@id\":\"https:\\\/\\\/www.andrefelizardo.com.br\\\/blog\\\/eu-li-o-livro-um-defeito-de-cor\\\/\"},\"wordCount\":526,\"image\":{\"@id\":\"https:\\\/\\\/www.andrefelizardo.com.br\\\/blog\\\/eu-li-o-livro-um-defeito-de-cor\\\/#primaryimage\"},\"thumbnailUrl\":\"https:\\\/\\\/www.andrefelizardo.com.br\\\/blog\\\/wp-content\\\/uploads\\\/2026\\\/02\\\/image-689x1024.png\",\"keywords\":[\"livro\"],\"articleSection\":[\"Tecnologia\"],\"inLanguage\":\"pt-BR\"},{\"@type\":\"WebPage\",\"@id\":\"https:\\\/\\\/www.andrefelizardo.com.br\\\/blog\\\/eu-li-o-livro-um-defeito-de-cor\\\/\",\"url\":\"https:\\\/\\\/www.andrefelizardo.com.br\\\/blog\\\/eu-li-o-livro-um-defeito-de-cor\\\/\",\"name\":\"Eu li o livro Um Defeito de Cor - Blog do Andr\u00e9 Felizardo\",\"isPartOf\":{\"@id\":\"http:\\\/\\\/www.andrefelizardo.com.br\\\/blog\\\/#website\"},\"primaryImageOfPage\":{\"@id\":\"https:\\\/\\\/www.andrefelizardo.com.br\\\/blog\\\/eu-li-o-livro-um-defeito-de-cor\\\/#primaryimage\"},\"image\":{\"@id\":\"https:\\\/\\\/www.andrefelizardo.com.br\\\/blog\\\/eu-li-o-livro-um-defeito-de-cor\\\/#primaryimage\"},\"thumbnailUrl\":\"https:\\\/\\\/www.andrefelizardo.com.br\\\/blog\\\/wp-content\\\/uploads\\\/2026\\\/02\\\/image-689x1024.png\",\"datePublished\":\"2026-02-05T15:18:53+00:00\",\"dateModified\":\"2026-02-05T15:18:55+00:00\",\"author\":{\"@id\":\"http:\\\/\\\/www.andrefelizardo.com.br\\\/blog\\\/#\\\/schema\\\/person\\\/7ffba68b251851fb519600e2e387a02b\"},\"breadcrumb\":{\"@id\":\"https:\\\/\\\/www.andrefelizardo.com.br\\\/blog\\\/eu-li-o-livro-um-defeito-de-cor\\\/#breadcrumb\"},\"inLanguage\":\"pt-BR\",\"potentialAction\":[{\"@type\":\"ReadAction\",\"target\":[\"https:\\\/\\\/www.andrefelizardo.com.br\\\/blog\\\/eu-li-o-livro-um-defeito-de-cor\\\/\"]}]},{\"@type\":\"ImageObject\",\"inLanguage\":\"pt-BR\",\"@id\":\"https:\\\/\\\/www.andrefelizardo.com.br\\\/blog\\\/eu-li-o-livro-um-defeito-de-cor\\\/#primaryimage\",\"url\":\"https:\\\/\\\/www.andrefelizardo.com.br\\\/blog\\\/wp-content\\\/uploads\\\/2026\\\/02\\\/image.png\",\"contentUrl\":\"https:\\\/\\\/www.andrefelizardo.com.br\\\/blog\\\/wp-content\\\/uploads\\\/2026\\\/02\\\/image.png\",\"width\":1010,\"height\":1500},{\"@type\":\"BreadcrumbList\",\"@id\":\"https:\\\/\\\/www.andrefelizardo.com.br\\\/blog\\\/eu-li-o-livro-um-defeito-de-cor\\\/#breadcrumb\",\"itemListElement\":[{\"@type\":\"ListItem\",\"position\":1,\"name\":\"In\u00edcio\",\"item\":\"http:\\\/\\\/www.andrefelizardo.com.br\\\/blog\\\/\"},{\"@type\":\"ListItem\",\"position\":2,\"name\":\"Eu li o livro Um Defeito de Cor\"}]},{\"@type\":\"WebSite\",\"@id\":\"http:\\\/\\\/www.andrefelizardo.com.br\\\/blog\\\/#website\",\"url\":\"http:\\\/\\\/www.andrefelizardo.com.br\\\/blog\\\/\",\"name\":\"Blog do Andr\u00e9 Felizardo\",\"description\":\"Programa\u00e7\u00e3o de dev para dev\",\"potentialAction\":[{\"@type\":\"SearchAction\",\"target\":{\"@type\":\"EntryPoint\",\"urlTemplate\":\"http:\\\/\\\/www.andrefelizardo.com.br\\\/blog\\\/?s={search_term_string}\"},\"query-input\":{\"@type\":\"PropertyValueSpecification\",\"valueRequired\":true,\"valueName\":\"search_term_string\"}}],\"inLanguage\":\"pt-BR\"},{\"@type\":\"Person\",\"@id\":\"http:\\\/\\\/www.andrefelizardo.com.br\\\/blog\\\/#\\\/schema\\\/person\\\/7ffba68b251851fb519600e2e387a02b\",\"name\":\"Andr\u00e9 Felizardo\",\"image\":{\"@type\":\"ImageObject\",\"inLanguage\":\"pt-BR\",\"@id\":\"https:\\\/\\\/www.andrefelizardo.com.br\\\/blog\\\/wp-content\\\/wphb-cache\\\/gravatar\\\/9f9\\\/9f92d8b773ef5acf9b462d6dab41d783x96.jpg\",\"url\":\"https:\\\/\\\/www.andrefelizardo.com.br\\\/blog\\\/wp-content\\\/wphb-cache\\\/gravatar\\\/9f9\\\/9f92d8b773ef5acf9b462d6dab41d783x96.jpg\",\"contentUrl\":\"https:\\\/\\\/www.andrefelizardo.com.br\\\/blog\\\/wp-content\\\/wphb-cache\\\/gravatar\\\/9f9\\\/9f92d8b773ef5acf9b462d6dab41d783x96.jpg\",\"caption\":\"Andr\u00e9 Felizardo\"},\"sameAs\":[\"http:\\\/\\\/www.andrefelizardo.com.br\"],\"url\":\"https:\\\/\\\/www.andrefelizardo.com.br\\\/blog\\\/author\\\/andrefelizardo\\\/\"}]}<\/script>\n<!-- \/ Yoast SEO plugin. -->","yoast_head_json":{"title":"Eu li o livro Um Defeito de Cor - Blog do Andr\u00e9 Felizardo","robots":{"index":"index","follow":"follow","max-snippet":"max-snippet:-1","max-image-preview":"max-image-preview:large","max-video-preview":"max-video-preview:-1"},"canonical":"https:\/\/www.andrefelizardo.com.br\/blog\/eu-li-o-livro-um-defeito-de-cor\/","og_locale":"pt_BR","og_type":"article","og_title":"Eu li o livro Um Defeito de Cor - Blog do Andr\u00e9 Felizardo","og_description":"E \u00e9 provavelmente o melhor romance que eu j\u00e1 li. Inclusive eu s\u00f3 descobri &#8211; historicamente &#8211; o que significa um defeito de cor ap\u00f3s ler o livro. Por que romance? Me lembro de durante a pandemia, em algum momento o Emicida citar ou recomendar esse livro (provavelmente em algum corte do Papo de Segunda [&hellip;]","og_url":"https:\/\/www.andrefelizardo.com.br\/blog\/eu-li-o-livro-um-defeito-de-cor\/","og_site_name":"Blog do Andr\u00e9 Felizardo","article_published_time":"2026-02-05T15:18:53+00:00","article_modified_time":"2026-02-05T15:18:55+00:00","og_image":[{"url":"https:\/\/www.andrefelizardo.com.br\/blog\/wp-content\/uploads\/2026\/02\/image-689x1024.png","type":"","width":"","height":""}],"author":"Andr\u00e9 Felizardo","twitter_card":"summary_large_image","twitter_misc":{"Escrito por":"Andr\u00e9 Felizardo","Est. tempo de leitura":"3 minutos"},"schema":{"@context":"https:\/\/schema.org","@graph":[{"@type":"Article","@id":"https:\/\/www.andrefelizardo.com.br\/blog\/eu-li-o-livro-um-defeito-de-cor\/#article","isPartOf":{"@id":"https:\/\/www.andrefelizardo.com.br\/blog\/eu-li-o-livro-um-defeito-de-cor\/"},"author":{"name":"Andr\u00e9 Felizardo","@id":"http:\/\/www.andrefelizardo.com.br\/blog\/#\/schema\/person\/7ffba68b251851fb519600e2e387a02b"},"headline":"Eu li o livro Um Defeito de Cor","datePublished":"2026-02-05T15:18:53+00:00","dateModified":"2026-02-05T15:18:55+00:00","mainEntityOfPage":{"@id":"https:\/\/www.andrefelizardo.com.br\/blog\/eu-li-o-livro-um-defeito-de-cor\/"},"wordCount":526,"image":{"@id":"https:\/\/www.andrefelizardo.com.br\/blog\/eu-li-o-livro-um-defeito-de-cor\/#primaryimage"},"thumbnailUrl":"https:\/\/www.andrefelizardo.com.br\/blog\/wp-content\/uploads\/2026\/02\/image-689x1024.png","keywords":["livro"],"articleSection":["Tecnologia"],"inLanguage":"pt-BR"},{"@type":"WebPage","@id":"https:\/\/www.andrefelizardo.com.br\/blog\/eu-li-o-livro-um-defeito-de-cor\/","url":"https:\/\/www.andrefelizardo.com.br\/blog\/eu-li-o-livro-um-defeito-de-cor\/","name":"Eu li o livro Um Defeito de Cor - Blog do Andr\u00e9 Felizardo","isPartOf":{"@id":"http:\/\/www.andrefelizardo.com.br\/blog\/#website"},"primaryImageOfPage":{"@id":"https:\/\/www.andrefelizardo.com.br\/blog\/eu-li-o-livro-um-defeito-de-cor\/#primaryimage"},"image":{"@id":"https:\/\/www.andrefelizardo.com.br\/blog\/eu-li-o-livro-um-defeito-de-cor\/#primaryimage"},"thumbnailUrl":"https:\/\/www.andrefelizardo.com.br\/blog\/wp-content\/uploads\/2026\/02\/image-689x1024.png","datePublished":"2026-02-05T15:18:53+00:00","dateModified":"2026-02-05T15:18:55+00:00","author":{"@id":"http:\/\/www.andrefelizardo.com.br\/blog\/#\/schema\/person\/7ffba68b251851fb519600e2e387a02b"},"breadcrumb":{"@id":"https:\/\/www.andrefelizardo.com.br\/blog\/eu-li-o-livro-um-defeito-de-cor\/#breadcrumb"},"inLanguage":"pt-BR","potentialAction":[{"@type":"ReadAction","target":["https:\/\/www.andrefelizardo.com.br\/blog\/eu-li-o-livro-um-defeito-de-cor\/"]}]},{"@type":"ImageObject","inLanguage":"pt-BR","@id":"https:\/\/www.andrefelizardo.com.br\/blog\/eu-li-o-livro-um-defeito-de-cor\/#primaryimage","url":"https:\/\/www.andrefelizardo.com.br\/blog\/wp-content\/uploads\/2026\/02\/image.png","contentUrl":"https:\/\/www.andrefelizardo.com.br\/blog\/wp-content\/uploads\/2026\/02\/image.png","width":1010,"height":1500},{"@type":"BreadcrumbList","@id":"https:\/\/www.andrefelizardo.com.br\/blog\/eu-li-o-livro-um-defeito-de-cor\/#breadcrumb","itemListElement":[{"@type":"ListItem","position":1,"name":"In\u00edcio","item":"http:\/\/www.andrefelizardo.com.br\/blog\/"},{"@type":"ListItem","position":2,"name":"Eu li o livro Um Defeito de Cor"}]},{"@type":"WebSite","@id":"http:\/\/www.andrefelizardo.com.br\/blog\/#website","url":"http:\/\/www.andrefelizardo.com.br\/blog\/","name":"Blog do Andr\u00e9 Felizardo","description":"Programa\u00e7\u00e3o de dev para dev","potentialAction":[{"@type":"SearchAction","target":{"@type":"EntryPoint","urlTemplate":"http:\/\/www.andrefelizardo.com.br\/blog\/?s={search_term_string}"},"query-input":{"@type":"PropertyValueSpecification","valueRequired":true,"valueName":"search_term_string"}}],"inLanguage":"pt-BR"},{"@type":"Person","@id":"http:\/\/www.andrefelizardo.com.br\/blog\/#\/schema\/person\/7ffba68b251851fb519600e2e387a02b","name":"Andr\u00e9 Felizardo","image":{"@type":"ImageObject","inLanguage":"pt-BR","@id":"https:\/\/www.andrefelizardo.com.br\/blog\/wp-content\/wphb-cache\/gravatar\/9f9\/9f92d8b773ef5acf9b462d6dab41d783x96.jpg","url":"https:\/\/www.andrefelizardo.com.br\/blog\/wp-content\/wphb-cache\/gravatar\/9f9\/9f92d8b773ef5acf9b462d6dab41d783x96.jpg","contentUrl":"https:\/\/www.andrefelizardo.com.br\/blog\/wp-content\/wphb-cache\/gravatar\/9f9\/9f92d8b773ef5acf9b462d6dab41d783x96.jpg","caption":"Andr\u00e9 Felizardo"},"sameAs":["http:\/\/www.andrefelizardo.com.br"],"url":"https:\/\/www.andrefelizardo.com.br\/blog\/author\/andrefelizardo\/"}]}},"jetpack_featured_media_url":"","jetpack_shortlink":"https:\/\/wp.me\/p6EP66-10u","jetpack-related-posts":[{"id":3959,"url":"https:\/\/www.andrefelizardo.com.br\/blog\/trabalho-focado-eu-precisava-ler-isso\/","url_meta":{"origin":3874,"position":0},"title":"Trabalho focado &#8211; eu precisava ler isso","author":"Andr\u00e9 Felizardo","date":"1 de mar\u00e7o de 2026","format":false,"excerpt":"Comecei o ano de 2026 decidido a ler mais, estudar mais, ser mais focado. Desde 2025 tenho sentido - e reclamado muito durante minhas sess\u00f5es de terapia - que n\u00e3o consigo mais me concentrar com a facilidade que eu me concentrava 10 anos atr\u00e1s. Ter me tornado pai 6 anos\u2026","rel":"","context":"Em &quot;Tecnologia&quot;","block_context":{"text":"Tecnologia","link":"https:\/\/www.andrefelizardo.com.br\/blog\/category\/tecnologia\/"},"img":{"alt_text":"","src":"https:\/\/i0.wp.com\/www.andrefelizardo.com.br\/blog\/wp-content\/uploads\/2026\/03\/9BA73973-30EA-40E8-81CB-1F3E6B647498-scaled.jpeg?resize=350%2C200&ssl=1","width":350,"height":200,"srcset":"https:\/\/i0.wp.com\/www.andrefelizardo.com.br\/blog\/wp-content\/uploads\/2026\/03\/9BA73973-30EA-40E8-81CB-1F3E6B647498-scaled.jpeg?resize=350%2C200&ssl=1 1x, https:\/\/i0.wp.com\/www.andrefelizardo.com.br\/blog\/wp-content\/uploads\/2026\/03\/9BA73973-30EA-40E8-81CB-1F3E6B647498-scaled.jpeg?resize=525%2C300&ssl=1 1.5x, https:\/\/i0.wp.com\/www.andrefelizardo.com.br\/blog\/wp-content\/uploads\/2026\/03\/9BA73973-30EA-40E8-81CB-1F3E6B647498-scaled.jpeg?resize=700%2C400&ssl=1 2x, https:\/\/i0.wp.com\/www.andrefelizardo.com.br\/blog\/wp-content\/uploads\/2026\/03\/9BA73973-30EA-40E8-81CB-1F3E6B647498-scaled.jpeg?resize=1050%2C600&ssl=1 3x, https:\/\/i0.wp.com\/www.andrefelizardo.com.br\/blog\/wp-content\/uploads\/2026\/03\/9BA73973-30EA-40E8-81CB-1F3E6B647498-scaled.jpeg?resize=1400%2C800&ssl=1 4x"},"classes":[]},{"id":3893,"url":"https:\/\/www.andrefelizardo.com.br\/blog\/curadoria-de-janeiro-26\/","url_meta":{"origin":3874,"position":1},"title":"Curadoria de Janeiro 26","author":"Andr\u00e9 Felizardo","date":"6 de fevereiro de 2026","format":false,"excerpt":"Toda vez que come\u00e7a um novo ano eu fico pensativo sobre o qu\u00e3o genial \u00e9 essa ideia de dividir o tempo. \u00c9 s\u00f3 um monte de dia atr\u00e1s do outro, mas esse ciclo de 12 meses acaba sempre motivando uns (e deprimindo alguns outros) na virada. Eu sou dos que\u2026","rel":"","context":"Em &quot;Tecnologia&quot;","block_context":{"text":"Tecnologia","link":"https:\/\/www.andrefelizardo.com.br\/blog\/category\/tecnologia\/"},"img":{"alt_text":"","src":"https:\/\/i0.wp.com\/www.andrefelizardo.com.br\/blog\/wp-content\/uploads\/2026\/02\/Curadoria-Janeiro-26.png?resize=350%2C200&ssl=1","width":350,"height":200,"srcset":"https:\/\/i0.wp.com\/www.andrefelizardo.com.br\/blog\/wp-content\/uploads\/2026\/02\/Curadoria-Janeiro-26.png?resize=350%2C200&ssl=1 1x, https:\/\/i0.wp.com\/www.andrefelizardo.com.br\/blog\/wp-content\/uploads\/2026\/02\/Curadoria-Janeiro-26.png?resize=525%2C300&ssl=1 1.5x, https:\/\/i0.wp.com\/www.andrefelizardo.com.br\/blog\/wp-content\/uploads\/2026\/02\/Curadoria-Janeiro-26.png?resize=700%2C400&ssl=1 2x, https:\/\/i0.wp.com\/www.andrefelizardo.com.br\/blog\/wp-content\/uploads\/2026\/02\/Curadoria-Janeiro-26.png?resize=1050%2C600&ssl=1 3x, https:\/\/i0.wp.com\/www.andrefelizardo.com.br\/blog\/wp-content\/uploads\/2026\/02\/Curadoria-Janeiro-26.png?resize=1400%2C800&ssl=1 4x"},"classes":[]},{"id":3625,"url":"https:\/\/www.andrefelizardo.com.br\/blog\/livro-14-habitos-de-desenvolvedores-altamente-produtivos\/","url_meta":{"origin":3874,"position":2},"title":"Livro: 14 h\u00e1bitos de desenvolvedores altamente produtivos","author":"Andr\u00e9 Felizardo","date":"12 de janeiro de 2026","format":false,"excerpt":"Eu acredito muito no poder dos livros, e agora que j\u00e1 faz 5 anos que eu trabalho 100% home office posso dizer at\u00e9 que os livros s\u00e3o meus melhores amigos. O Zeno Rocha \u00e9 um cara que eu admiro bastante, mesmo que a dist\u00e2ncia. Uns 15 anos atr\u00e1s assisti uma\u2026","rel":"","context":"Em &quot;Tecnologia&quot;","block_context":{"text":"Tecnologia","link":"https:\/\/www.andrefelizardo.com.br\/blog\/category\/tecnologia\/"},"img":{"alt_text":"Foto do livro 14 h\u00e1bitos de desenvolvedores altamente produtivos na tela de um Kindle","src":"https:\/\/i0.wp.com\/www.andrefelizardo.com.br\/blog\/wp-content\/uploads\/2026\/01\/livro-zeno.jpeg?resize=350%2C200&ssl=1","width":350,"height":200,"srcset":"https:\/\/i0.wp.com\/www.andrefelizardo.com.br\/blog\/wp-content\/uploads\/2026\/01\/livro-zeno.jpeg?resize=350%2C200&ssl=1 1x, https:\/\/i0.wp.com\/www.andrefelizardo.com.br\/blog\/wp-content\/uploads\/2026\/01\/livro-zeno.jpeg?resize=525%2C300&ssl=1 1.5x, https:\/\/i0.wp.com\/www.andrefelizardo.com.br\/blog\/wp-content\/uploads\/2026\/01\/livro-zeno.jpeg?resize=700%2C400&ssl=1 2x, https:\/\/i0.wp.com\/www.andrefelizardo.com.br\/blog\/wp-content\/uploads\/2026\/01\/livro-zeno.jpeg?resize=1050%2C600&ssl=1 3x, https:\/\/i0.wp.com\/www.andrefelizardo.com.br\/blog\/wp-content\/uploads\/2026\/01\/livro-zeno.jpeg?resize=1400%2C800&ssl=1 4x"},"classes":[]},{"id":3930,"url":"https:\/\/www.andrefelizardo.com.br\/blog\/uma-terra-prometida-biografia-ou-soft-power\/","url_meta":{"origin":3874,"position":3},"title":"Uma Terra Prometida &#8211; Biografia ou Soft Power?","author":"Andr\u00e9 Felizardo","date":"10 de fevereiro de 2026","format":false,"excerpt":"Ganhei esse livro alguns natais atr\u00e1s, comecei a ler 2 ou 3 vezes e parei. At\u00e9 que comecei ele um m\u00eas atr\u00e1s e li quase todos os dias algumas p\u00e1ginas dele. Antes de ler essa quase autobiografia do Obama, eu li a da Michele Obama e talvez por isso criei\u2026","rel":"","context":"Em &quot;Tecnologia&quot;","block_context":{"text":"Tecnologia","link":"https:\/\/www.andrefelizardo.com.br\/blog\/category\/tecnologia\/"},"img":{"alt_text":"Capa livro Uma Terra Prometida do Barack Obama","src":"https:\/\/i0.wp.com\/www.andrefelizardo.com.br\/blog\/wp-content\/uploads\/2026\/02\/IMG_4770-scaled.jpg?resize=350%2C200&ssl=1","width":350,"height":200,"srcset":"https:\/\/i0.wp.com\/www.andrefelizardo.com.br\/blog\/wp-content\/uploads\/2026\/02\/IMG_4770-scaled.jpg?resize=350%2C200&ssl=1 1x, https:\/\/i0.wp.com\/www.andrefelizardo.com.br\/blog\/wp-content\/uploads\/2026\/02\/IMG_4770-scaled.jpg?resize=525%2C300&ssl=1 1.5x, https:\/\/i0.wp.com\/www.andrefelizardo.com.br\/blog\/wp-content\/uploads\/2026\/02\/IMG_4770-scaled.jpg?resize=700%2C400&ssl=1 2x, https:\/\/i0.wp.com\/www.andrefelizardo.com.br\/blog\/wp-content\/uploads\/2026\/02\/IMG_4770-scaled.jpg?resize=1050%2C600&ssl=1 3x, https:\/\/i0.wp.com\/www.andrefelizardo.com.br\/blog\/wp-content\/uploads\/2026\/02\/IMG_4770-scaled.jpg?resize=1400%2C800&ssl=1 4x"},"classes":[]},{"id":4005,"url":"https:\/\/www.andrefelizardo.com.br\/blog\/curadoria-de-fevereiro-2026\/","url_meta":{"origin":3874,"position":4},"title":"Curadoria de Fevereiro &#8211; 2026","author":"Andr\u00e9 Felizardo","date":"5 de mar\u00e7o de 2026","format":false,"excerpt":"Foi m\u00eas de carnaval, e fazendo essa curadoria eu sempre fico pensativo em quanta coisa se passa em 30 dias (nesse caso 28). Eu li bastante esse m\u00eas mas assisti umas coisas legais no Youtube. Abaixo como de costume minha curadoria dividida em N\u00e3o-Programa\u00e7\u00e3o e Programa\u00e7\u00e3o. N\u00e3o-Programa\u00e7\u00e3o V\u00eddeo - Abrace\u2026","rel":"","context":"Em &quot;Tecnologia&quot;","block_context":{"text":"Tecnologia","link":"https:\/\/www.andrefelizardo.com.br\/blog\/category\/tecnologia\/"},"img":{"alt_text":"Imagem de capa da curadoria representando v\u00e1rias coisas que podem ser referenciadas como v\u00eddeos, textos, filmes e outros","src":"https:\/\/i0.wp.com\/www.andrefelizardo.com.br\/blog\/wp-content\/uploads\/2026\/03\/curadoria-fevereiro.png?resize=350%2C200&ssl=1","width":350,"height":200,"srcset":"https:\/\/i0.wp.com\/www.andrefelizardo.com.br\/blog\/wp-content\/uploads\/2026\/03\/curadoria-fevereiro.png?resize=350%2C200&ssl=1 1x, https:\/\/i0.wp.com\/www.andrefelizardo.com.br\/blog\/wp-content\/uploads\/2026\/03\/curadoria-fevereiro.png?resize=525%2C300&ssl=1 1.5x, https:\/\/i0.wp.com\/www.andrefelizardo.com.br\/blog\/wp-content\/uploads\/2026\/03\/curadoria-fevereiro.png?resize=700%2C400&ssl=1 2x, https:\/\/i0.wp.com\/www.andrefelizardo.com.br\/blog\/wp-content\/uploads\/2026\/03\/curadoria-fevereiro.png?resize=1050%2C600&ssl=1 3x, https:\/\/i0.wp.com\/www.andrefelizardo.com.br\/blog\/wp-content\/uploads\/2026\/03\/curadoria-fevereiro.png?resize=1400%2C800&ssl=1 4x"},"classes":[]},{"id":830,"url":"https:\/\/www.andrefelizardo.com.br\/blog\/seja-grato-primeiro-app-na-loja\/","url_meta":{"origin":3874,"position":5},"title":"Seja Grato &#8211; Primeiro App na loja","author":"Andr\u00e9 Felizardo","date":"29 de junho de 2017","format":false,"excerpt":"No in\u00edcio de 2017 eu defini o objetivo de colocar tr\u00eas apps pr\u00f3prios at\u00e9 o fim do ano nas lojas de aplicativos. Quando chegou em maio, percebi que n\u00e3o tinha nenhum, ent\u00e3o decidi partir pra cima desse objetivo. A muito tempo eu vinha pensando num aplicativo (sem fins lucrativos) que\u2026","rel":"","context":"Em &quot;Ionic&quot;","block_context":{"text":"Ionic","link":"https:\/\/www.andrefelizardo.com.br\/blog\/category\/ionic\/"},"img":{"alt_text":"","src":"https:\/\/i0.wp.com\/www.andrefelizardo.com.br\/blog\/wp-content\/uploads\/2017\/06\/seja-grato.png?resize=350%2C200&ssl=1","width":350,"height":200,"srcset":"https:\/\/i0.wp.com\/www.andrefelizardo.com.br\/blog\/wp-content\/uploads\/2017\/06\/seja-grato.png?resize=350%2C200&ssl=1 1x, https:\/\/i0.wp.com\/www.andrefelizardo.com.br\/blog\/wp-content\/uploads\/2017\/06\/seja-grato.png?resize=525%2C300&ssl=1 1.5x, https:\/\/i0.wp.com\/www.andrefelizardo.com.br\/blog\/wp-content\/uploads\/2017\/06\/seja-grato.png?resize=700%2C400&ssl=1 2x"},"classes":[]}],"jetpack_sharing_enabled":true,"_links":{"self":[{"href":"https:\/\/www.andrefelizardo.com.br\/blog\/wp-json\/wp\/v2\/posts\/3874","targetHints":{"allow":["GET"]}}],"collection":[{"href":"https:\/\/www.andrefelizardo.com.br\/blog\/wp-json\/wp\/v2\/posts"}],"about":[{"href":"https:\/\/www.andrefelizardo.com.br\/blog\/wp-json\/wp\/v2\/types\/post"}],"author":[{"embeddable":true,"href":"https:\/\/www.andrefelizardo.com.br\/blog\/wp-json\/wp\/v2\/users\/1"}],"replies":[{"embeddable":true,"href":"https:\/\/www.andrefelizardo.com.br\/blog\/wp-json\/wp\/v2\/comments?post=3874"}],"version-history":[{"count":0,"href":"https:\/\/www.andrefelizardo.com.br\/blog\/wp-json\/wp\/v2\/posts\/3874\/revisions"}],"wp:attachment":[{"href":"https:\/\/www.andrefelizardo.com.br\/blog\/wp-json\/wp\/v2\/media?parent=3874"}],"wp:term":[{"taxonomy":"category","embeddable":true,"href":"https:\/\/www.andrefelizardo.com.br\/blog\/wp-json\/wp\/v2\/categories?post=3874"},{"taxonomy":"post_tag","embeddable":true,"href":"https:\/\/www.andrefelizardo.com.br\/blog\/wp-json\/wp\/v2\/tags?post=3874"}],"curies":[{"name":"wp","href":"https:\/\/api.w.org\/{rel}","templated":true}]}}