{"id":3893,"date":"2026-02-06T13:58:09","date_gmt":"2026-02-06T13:58:09","guid":{"rendered":"https:\/\/www.andrefelizardo.com.br\/blog\/?p=3893"},"modified":"2026-02-06T13:58:11","modified_gmt":"2026-02-06T13:58:11","slug":"curadoria-de-janeiro-26","status":"publish","type":"post","link":"https:\/\/www.andrefelizardo.com.br\/blog\/curadoria-de-janeiro-26\/","title":{"rendered":"Curadoria de Janeiro 26"},"content":{"rendered":"\n<p>Toda vez que come\u00e7a um novo ano eu fico pensativo sobre o qu\u00e3o genial \u00e9 essa ideia de dividir o tempo. \u00c9 s\u00f3 um monte de dia atr\u00e1s do outro, mas esse ciclo de 12 meses acaba sempre motivando uns (e deprimindo alguns outros) na virada. Eu sou dos que se motivam. Comecei o ano lendo mais, escrevendo mais e at\u00e9 programando mais do que estava no fim do ano.<\/p>\n\n\n\n<p>Vou separar minhas recomenda\u00e7\u00f5es entre N\u00e3o-Programa\u00e7\u00e3o e Programa\u00e7\u00e3o.<\/p>\n\n\n\n<ul class=\"wp-block-list\">\n<li><a href=\"#nao-programacao\" type=\"internal\" id=\"#nao-programacao\">N\u00e3o-Programa\u00e7\u00e3o<\/a><\/li>\n\n\n\n<li><a href=\"#programacao\" type=\"internal\" id=\"#programacao\">Programa\u00e7\u00e3o<\/a><\/li>\n<\/ul>\n\n\n\n<h2 class=\"wp-block-heading\" id=\"nao-programacao\">N\u00e3o-Programa\u00e7\u00e3o<\/h2>\n\n\n\n<h3 class=\"wp-block-heading\">Voc\u00ea quer ficar rico esse ano?<\/h3>\n\n\n\n<p>Assisti esse <a href=\"https:\/\/youtu.be\/s4d5dz3fy_A?si=OV9LJNNmMig9VE-T\" target=\"_blank\" rel=\"noreferrer noopener\">v\u00eddeo do Raul Sena sobre como \u00e9 ganhar mais de 1 milh\u00e3o por m\u00eas<\/a> e achei interessante como ele abordou o assunto. Assisto v\u00eddeos do Raul desde o in\u00edcio do canal dele, inclusive sou oficialmente aluno da escola dele e em geral gosto da maneira como ele aborda diversos temas, apesar de n\u00e3o concordar com ele em tudo (e t\u00e1 tudo bem).<\/p>\n\n\n\n<h3 class=\"wp-block-heading\">Tudo est\u00e1 pior e mais caro<\/h3>\n\n\n\n<p>Outra pessoa que acompanho a bastante tempo \u00e9 o Alberto que antes se &#8220;escondia&#8221; atr\u00e1s do @startupdareal. Eu costumo sempre estar muito alinhado com o que ele escreve e grava, sempre concordando mas ainda assim absorvendo novos pontos de vista. Acho que tem v\u00eddeo tamb\u00e9m, mas nesse caso eu prefiro o <a href=\"https:\/\/open.substack.com\/pub\/startupdareal\/p\/tudo-esta-pior-e-mais-caro-nao-e\" target=\"_blank\" rel=\"noreferrer noopener\">texto que est\u00e1 aqui no substack<\/a>.<\/p>\n\n\n\n<h3 class=\"wp-block-heading\">Transpar\u00eancia n\u00e3o constr\u00f3i confian\u00e7a<\/h3>\n\n\n\n<p>Esse texto do Alex me pegou de quina e eu n\u00e3o vou falar muito n\u00e3o, s\u00f3 l\u00ea a\u00ed. Mas a premissa do texto \u00e9: s\u00f3 se pede transpar\u00eancia quando a coisa j\u00e1 saiu do controle. Outro <a href=\"https:\/\/open.substack.com\/pub\/alexriosbr\/p\/transparencia-nao-constroi-confianca\" target=\"_blank\" rel=\"noreferrer noopener\">texto que eu tamb\u00e9m peguei no substack<\/a>.<\/p>\n\n\n\n<h3 class=\"wp-block-heading\">Um Defeito de Cor<\/h3>\n\n\n\n<p>Terminei de ler esse livro no dia 1\u00ba de janeiro, ent\u00e3o \u00e9 oficialmente uma leitura de janeiro \ud83d\ude04<br><a href=\"https:\/\/www.andrefelizardo.com.br\/blog\/eu-li-o-livro-um-defeito-de-cor\/\" type=\"post\" id=\"3874\" target=\"_blank\" rel=\"noreferrer noopener\">Escrevi um pouquinho sobre minha leitura do livro aqui<\/a>.<\/p>\n\n\n\n<h2 class=\"wp-block-heading\" id=\"programacao\">Programa\u00e7\u00e3o<\/h2>\n\n\n\n<h3 class=\"wp-block-heading\">14 h\u00e1bitos de desenvolvedores altamente produtivos<\/h3>\n\n\n\n<p>Decidi que 2026 eu vou ler a maior quantidade de livros poss\u00edveis, e os t\u00e9cnicos n\u00e3o ficam de fora. Apesar desse livro n\u00e3o ser sobre hard skills, considero t\u00e9cnico. <a href=\"https:\/\/www.andrefelizardo.com.br\/blog\/livro-14-habitos-de-desenvolvedores-altamente-produtivos\/\" type=\"post\" id=\"3625\" target=\"_blank\" rel=\"noreferrer noopener\">Escrevi um pouco sobre a minha leitura dele aqui<\/a>.<\/p>\n\n\n\n<h3 class=\"wp-block-heading\">Antigravity<\/h3>\n\n\n\n<p>Passei o m\u00eas de janeiro testando o Antigravity do Google. <a href=\"https:\/\/antigravity.google\/\" target=\"_blank\" rel=\"noreferrer noopener\">Antigravity<\/a> \u00e9 a IDE &#8211; c\u00f3pia do VSCode &#8211; com agente de IA. Gostei da l\u00f3gica de voc\u00ea planejar junto com a IA e depois pedir para ela executar. Acredito que essa programa\u00e7\u00e3o assistida funciona, quando voc\u00ea sabe o que quer arquiteturalmente\/em termos de programa\u00e7\u00e3o e melhor ainda se tiver os requisitos bem definidos (ainda existe algum lugar onde os requisitos chegam claros pro desenvolvedor?).<\/p>\n\n\n\n<p>Nem tudo foram flores nos meus testes. V\u00e1rias vezes o modelo esgotava o n\u00famero de tokens no meio da execu\u00e7\u00e3o e ele n\u00e3o tem uma maneira autom\u00e1tica de trocar pra outro modelo o que v\u00e1rias vezes complicou meus testes.<\/p>\n\n\n\n<p>No fim, minha an\u00e1lise \u00e9: se sua empresa paga o Google, talvez valha a pena testar mas se voc\u00ea quer os que melhor performam considero o Cursor e Claude ainda superiores. Para esse m\u00eas de fevereiro estou entrando um pouco mais no Cursor, trago algo sobre ele na pr\u00f3xima curadoria.<\/p>\n\n\n\n<h3 class=\"wp-block-heading\">Bragdoc<\/h3>\n\n\n\n<p>Se voc\u00ea n\u00e3o sabe o que \u00e9 bragdoc, esse <a href=\"https:\/\/jvns.ca\/blog\/brag-documents\/\" target=\"_blank\" rel=\"noreferrer noopener\">texto da Julia Evans<\/a> provavelmente \u00e9 a primeira cita\u00e7\u00e3o que eu vi sobre o assunto. Resumindo muito \u00e9 um documento onde voc\u00ea registra o que voc\u00ea entregou de valor para a empresa, um documento que te ajuda em um 1:1 ou avalia\u00e7\u00e3o ou pedido de aumento pois voc\u00ea tem registrado o que fez e quando fez (nossa mem\u00f3ria \u00e9 muito falha).<\/p>\n\n\n\n<p>Eu j\u00e1 fa\u00e7o bragdoc a alguns anos, e descobri um <a href=\"https:\/\/github.com\/naamanu\/bragbot\" target=\"_blank\" rel=\"noreferrer noopener\">pacote npm<\/a> para me ajudar nisso. \u00c9 um bot que vasculha o reposit\u00f3rio, pega os commits que voc\u00ea fez e cria um documento organizado com tudo que voc\u00ea realizou.<\/p>\n\n\n\n<p>Nos encontramos na pr\u00f3xima curadoria, na primeira sexta-feira do m\u00eas \u00e0s 11:13 \ud83d\udd90\ud83c\udfff<\/p>\n\n\n\n<p><\/p>\n","protected":false},"excerpt":{"rendered":"<p>Toda vez que come\u00e7a um novo ano eu fico pensativo sobre o qu\u00e3o genial \u00e9 essa ideia de dividir o tempo. \u00c9 s\u00f3 um monte de dia atr\u00e1s do outro, mas esse ciclo de 12 meses acaba sempre motivando uns (e deprimindo alguns outros) na virada. Eu sou dos que se motivam. Comecei o ano [&hellip;]<\/p>\n","protected":false},"author":1,"featured_media":3895,"comment_status":"open","ping_status":"open","sticky":false,"template":"","format":"standard","meta":{"_jetpack_newsletter_access":"","_jetpack_dont_email_post_to_subs":false,"_jetpack_newsletter_tier_id":0,"_jetpack_memberships_contains_paywalled_content":false,"_jetpack_memberships_contains_paid_content":false,"footnotes":""},"categories":[5],"tags":[],"class_list":["post-3893","post","type-post","status-publish","format-standard","has-post-thumbnail","hentry","category-tecnologia"],"yoast_head":"<!-- This site is optimized with the Yoast SEO plugin v27.5 - https:\/\/yoast.com\/product\/yoast-seo-wordpress\/ -->\n<title>Curadoria de Janeiro 26 - Blog do Andr\u00e9 Felizardo<\/title>\n<meta name=\"robots\" content=\"index, follow, max-snippet:-1, max-image-preview:large, max-video-preview:-1\" \/>\n<link rel=\"canonical\" href=\"https:\/\/www.andrefelizardo.com.br\/blog\/curadoria-de-janeiro-26\/\" \/>\n<meta property=\"og:locale\" content=\"pt_BR\" \/>\n<meta property=\"og:type\" content=\"article\" \/>\n<meta property=\"og:title\" content=\"Curadoria de Janeiro 26 - Blog do Andr\u00e9 Felizardo\" \/>\n<meta property=\"og:description\" content=\"Toda vez que come\u00e7a um novo ano eu fico pensativo sobre o qu\u00e3o genial \u00e9 essa ideia de dividir o tempo. \u00c9 s\u00f3 um monte de dia atr\u00e1s do outro, mas esse ciclo de 12 meses acaba sempre motivando uns (e deprimindo alguns outros) na virada. Eu sou dos que se motivam. Comecei o ano [&hellip;]\" \/>\n<meta property=\"og:url\" content=\"https:\/\/www.andrefelizardo.com.br\/blog\/curadoria-de-janeiro-26\/\" \/>\n<meta property=\"og:site_name\" content=\"Blog do Andr\u00e9 Felizardo\" \/>\n<meta property=\"article:published_time\" content=\"2026-02-06T13:58:09+00:00\" \/>\n<meta property=\"article:modified_time\" content=\"2026-02-06T13:58:11+00:00\" \/>\n<meta property=\"og:image\" content=\"https:\/\/www.andrefelizardo.com.br\/blog\/wp-content\/uploads\/2026\/02\/Curadoria-Janeiro-26.png\" \/>\n\t<meta property=\"og:image:width\" content=\"1536\" \/>\n\t<meta property=\"og:image:height\" content=\"805\" \/>\n\t<meta property=\"og:image:type\" content=\"image\/png\" \/>\n<meta name=\"author\" content=\"Andr\u00e9 Felizardo\" \/>\n<meta name=\"twitter:card\" content=\"summary_large_image\" \/>\n<meta name=\"twitter:label1\" content=\"Escrito por\" \/>\n\t<meta name=\"twitter:data1\" content=\"Andr\u00e9 Felizardo\" \/>\n\t<meta name=\"twitter:label2\" content=\"Est. tempo de leitura\" \/>\n\t<meta name=\"twitter:data2\" content=\"4 minutos\" \/>\n<script type=\"application\/ld+json\" class=\"yoast-schema-graph\">{\"@context\":\"https:\\\/\\\/schema.org\",\"@graph\":[{\"@type\":\"Article\",\"@id\":\"https:\\\/\\\/www.andrefelizardo.com.br\\\/blog\\\/curadoria-de-janeiro-26\\\/#article\",\"isPartOf\":{\"@id\":\"https:\\\/\\\/www.andrefelizardo.com.br\\\/blog\\\/curadoria-de-janeiro-26\\\/\"},\"author\":{\"name\":\"Andr\u00e9 Felizardo\",\"@id\":\"http:\\\/\\\/www.andrefelizardo.com.br\\\/blog\\\/#\\\/schema\\\/person\\\/7ffba68b251851fb519600e2e387a02b\"},\"headline\":\"Curadoria de Janeiro 26\",\"datePublished\":\"2026-02-06T13:58:09+00:00\",\"dateModified\":\"2026-02-06T13:58:11+00:00\",\"mainEntityOfPage\":{\"@id\":\"https:\\\/\\\/www.andrefelizardo.com.br\\\/blog\\\/curadoria-de-janeiro-26\\\/\"},\"wordCount\":666,\"commentCount\":0,\"image\":{\"@id\":\"https:\\\/\\\/www.andrefelizardo.com.br\\\/blog\\\/curadoria-de-janeiro-26\\\/#primaryimage\"},\"thumbnailUrl\":\"https:\\\/\\\/www.andrefelizardo.com.br\\\/blog\\\/wp-content\\\/uploads\\\/2026\\\/02\\\/Curadoria-Janeiro-26.png\",\"articleSection\":[\"Tecnologia\"],\"inLanguage\":\"pt-BR\",\"potentialAction\":[{\"@type\":\"CommentAction\",\"name\":\"Comment\",\"target\":[\"https:\\\/\\\/www.andrefelizardo.com.br\\\/blog\\\/curadoria-de-janeiro-26\\\/#respond\"]}]},{\"@type\":\"WebPage\",\"@id\":\"https:\\\/\\\/www.andrefelizardo.com.br\\\/blog\\\/curadoria-de-janeiro-26\\\/\",\"url\":\"https:\\\/\\\/www.andrefelizardo.com.br\\\/blog\\\/curadoria-de-janeiro-26\\\/\",\"name\":\"Curadoria de Janeiro 26 - Blog do Andr\u00e9 Felizardo\",\"isPartOf\":{\"@id\":\"http:\\\/\\\/www.andrefelizardo.com.br\\\/blog\\\/#website\"},\"primaryImageOfPage\":{\"@id\":\"https:\\\/\\\/www.andrefelizardo.com.br\\\/blog\\\/curadoria-de-janeiro-26\\\/#primaryimage\"},\"image\":{\"@id\":\"https:\\\/\\\/www.andrefelizardo.com.br\\\/blog\\\/curadoria-de-janeiro-26\\\/#primaryimage\"},\"thumbnailUrl\":\"https:\\\/\\\/www.andrefelizardo.com.br\\\/blog\\\/wp-content\\\/uploads\\\/2026\\\/02\\\/Curadoria-Janeiro-26.png\",\"datePublished\":\"2026-02-06T13:58:09+00:00\",\"dateModified\":\"2026-02-06T13:58:11+00:00\",\"author\":{\"@id\":\"http:\\\/\\\/www.andrefelizardo.com.br\\\/blog\\\/#\\\/schema\\\/person\\\/7ffba68b251851fb519600e2e387a02b\"},\"breadcrumb\":{\"@id\":\"https:\\\/\\\/www.andrefelizardo.com.br\\\/blog\\\/curadoria-de-janeiro-26\\\/#breadcrumb\"},\"inLanguage\":\"pt-BR\",\"potentialAction\":[{\"@type\":\"ReadAction\",\"target\":[\"https:\\\/\\\/www.andrefelizardo.com.br\\\/blog\\\/curadoria-de-janeiro-26\\\/\"]}]},{\"@type\":\"ImageObject\",\"inLanguage\":\"pt-BR\",\"@id\":\"https:\\\/\\\/www.andrefelizardo.com.br\\\/blog\\\/curadoria-de-janeiro-26\\\/#primaryimage\",\"url\":\"https:\\\/\\\/www.andrefelizardo.com.br\\\/blog\\\/wp-content\\\/uploads\\\/2026\\\/02\\\/Curadoria-Janeiro-26.png\",\"contentUrl\":\"https:\\\/\\\/www.andrefelizardo.com.br\\\/blog\\\/wp-content\\\/uploads\\\/2026\\\/02\\\/Curadoria-Janeiro-26.png\",\"width\":1536,\"height\":805},{\"@type\":\"BreadcrumbList\",\"@id\":\"https:\\\/\\\/www.andrefelizardo.com.br\\\/blog\\\/curadoria-de-janeiro-26\\\/#breadcrumb\",\"itemListElement\":[{\"@type\":\"ListItem\",\"position\":1,\"name\":\"In\u00edcio\",\"item\":\"http:\\\/\\\/www.andrefelizardo.com.br\\\/blog\\\/\"},{\"@type\":\"ListItem\",\"position\":2,\"name\":\"Curadoria de Janeiro 26\"}]},{\"@type\":\"WebSite\",\"@id\":\"http:\\\/\\\/www.andrefelizardo.com.br\\\/blog\\\/#website\",\"url\":\"http:\\\/\\\/www.andrefelizardo.com.br\\\/blog\\\/\",\"name\":\"Blog do Andr\u00e9 Felizardo\",\"description\":\"Programa\u00e7\u00e3o de dev para dev\",\"potentialAction\":[{\"@type\":\"SearchAction\",\"target\":{\"@type\":\"EntryPoint\",\"urlTemplate\":\"http:\\\/\\\/www.andrefelizardo.com.br\\\/blog\\\/?s={search_term_string}\"},\"query-input\":{\"@type\":\"PropertyValueSpecification\",\"valueRequired\":true,\"valueName\":\"search_term_string\"}}],\"inLanguage\":\"pt-BR\"},{\"@type\":\"Person\",\"@id\":\"http:\\\/\\\/www.andrefelizardo.com.br\\\/blog\\\/#\\\/schema\\\/person\\\/7ffba68b251851fb519600e2e387a02b\",\"name\":\"Andr\u00e9 Felizardo\",\"image\":{\"@type\":\"ImageObject\",\"inLanguage\":\"pt-BR\",\"@id\":\"https:\\\/\\\/www.andrefelizardo.com.br\\\/blog\\\/wp-content\\\/wphb-cache\\\/gravatar\\\/9f9\\\/9f92d8b773ef5acf9b462d6dab41d783x96.jpg\",\"url\":\"https:\\\/\\\/www.andrefelizardo.com.br\\\/blog\\\/wp-content\\\/wphb-cache\\\/gravatar\\\/9f9\\\/9f92d8b773ef5acf9b462d6dab41d783x96.jpg\",\"contentUrl\":\"https:\\\/\\\/www.andrefelizardo.com.br\\\/blog\\\/wp-content\\\/wphb-cache\\\/gravatar\\\/9f9\\\/9f92d8b773ef5acf9b462d6dab41d783x96.jpg\",\"caption\":\"Andr\u00e9 Felizardo\"},\"sameAs\":[\"http:\\\/\\\/www.andrefelizardo.com.br\"],\"url\":\"https:\\\/\\\/www.andrefelizardo.com.br\\\/blog\\\/author\\\/andrefelizardo\\\/\"}]}<\/script>\n<!-- \/ Yoast SEO plugin. -->","yoast_head_json":{"title":"Curadoria de Janeiro 26 - Blog do Andr\u00e9 Felizardo","robots":{"index":"index","follow":"follow","max-snippet":"max-snippet:-1","max-image-preview":"max-image-preview:large","max-video-preview":"max-video-preview:-1"},"canonical":"https:\/\/www.andrefelizardo.com.br\/blog\/curadoria-de-janeiro-26\/","og_locale":"pt_BR","og_type":"article","og_title":"Curadoria de Janeiro 26 - Blog do Andr\u00e9 Felizardo","og_description":"Toda vez que come\u00e7a um novo ano eu fico pensativo sobre o qu\u00e3o genial \u00e9 essa ideia de dividir o tempo. \u00c9 s\u00f3 um monte de dia atr\u00e1s do outro, mas esse ciclo de 12 meses acaba sempre motivando uns (e deprimindo alguns outros) na virada. Eu sou dos que se motivam. Comecei o ano [&hellip;]","og_url":"https:\/\/www.andrefelizardo.com.br\/blog\/curadoria-de-janeiro-26\/","og_site_name":"Blog do Andr\u00e9 Felizardo","article_published_time":"2026-02-06T13:58:09+00:00","article_modified_time":"2026-02-06T13:58:11+00:00","og_image":[{"width":1536,"height":805,"url":"https:\/\/www.andrefelizardo.com.br\/blog\/wp-content\/uploads\/2026\/02\/Curadoria-Janeiro-26.png","type":"image\/png"}],"author":"Andr\u00e9 Felizardo","twitter_card":"summary_large_image","twitter_misc":{"Escrito por":"Andr\u00e9 Felizardo","Est. tempo de leitura":"4 minutos"},"schema":{"@context":"https:\/\/schema.org","@graph":[{"@type":"Article","@id":"https:\/\/www.andrefelizardo.com.br\/blog\/curadoria-de-janeiro-26\/#article","isPartOf":{"@id":"https:\/\/www.andrefelizardo.com.br\/blog\/curadoria-de-janeiro-26\/"},"author":{"name":"Andr\u00e9 Felizardo","@id":"http:\/\/www.andrefelizardo.com.br\/blog\/#\/schema\/person\/7ffba68b251851fb519600e2e387a02b"},"headline":"Curadoria de Janeiro 26","datePublished":"2026-02-06T13:58:09+00:00","dateModified":"2026-02-06T13:58:11+00:00","mainEntityOfPage":{"@id":"https:\/\/www.andrefelizardo.com.br\/blog\/curadoria-de-janeiro-26\/"},"wordCount":666,"commentCount":0,"image":{"@id":"https:\/\/www.andrefelizardo.com.br\/blog\/curadoria-de-janeiro-26\/#primaryimage"},"thumbnailUrl":"https:\/\/www.andrefelizardo.com.br\/blog\/wp-content\/uploads\/2026\/02\/Curadoria-Janeiro-26.png","articleSection":["Tecnologia"],"inLanguage":"pt-BR","potentialAction":[{"@type":"CommentAction","name":"Comment","target":["https:\/\/www.andrefelizardo.com.br\/blog\/curadoria-de-janeiro-26\/#respond"]}]},{"@type":"WebPage","@id":"https:\/\/www.andrefelizardo.com.br\/blog\/curadoria-de-janeiro-26\/","url":"https:\/\/www.andrefelizardo.com.br\/blog\/curadoria-de-janeiro-26\/","name":"Curadoria de Janeiro 26 - Blog do Andr\u00e9 Felizardo","isPartOf":{"@id":"http:\/\/www.andrefelizardo.com.br\/blog\/#website"},"primaryImageOfPage":{"@id":"https:\/\/www.andrefelizardo.com.br\/blog\/curadoria-de-janeiro-26\/#primaryimage"},"image":{"@id":"https:\/\/www.andrefelizardo.com.br\/blog\/curadoria-de-janeiro-26\/#primaryimage"},"thumbnailUrl":"https:\/\/www.andrefelizardo.com.br\/blog\/wp-content\/uploads\/2026\/02\/Curadoria-Janeiro-26.png","datePublished":"2026-02-06T13:58:09+00:00","dateModified":"2026-02-06T13:58:11+00:00","author":{"@id":"http:\/\/www.andrefelizardo.com.br\/blog\/#\/schema\/person\/7ffba68b251851fb519600e2e387a02b"},"breadcrumb":{"@id":"https:\/\/www.andrefelizardo.com.br\/blog\/curadoria-de-janeiro-26\/#breadcrumb"},"inLanguage":"pt-BR","potentialAction":[{"@type":"ReadAction","target":["https:\/\/www.andrefelizardo.com.br\/blog\/curadoria-de-janeiro-26\/"]}]},{"@type":"ImageObject","inLanguage":"pt-BR","@id":"https:\/\/www.andrefelizardo.com.br\/blog\/curadoria-de-janeiro-26\/#primaryimage","url":"https:\/\/www.andrefelizardo.com.br\/blog\/wp-content\/uploads\/2026\/02\/Curadoria-Janeiro-26.png","contentUrl":"https:\/\/www.andrefelizardo.com.br\/blog\/wp-content\/uploads\/2026\/02\/Curadoria-Janeiro-26.png","width":1536,"height":805},{"@type":"BreadcrumbList","@id":"https:\/\/www.andrefelizardo.com.br\/blog\/curadoria-de-janeiro-26\/#breadcrumb","itemListElement":[{"@type":"ListItem","position":1,"name":"In\u00edcio","item":"http:\/\/www.andrefelizardo.com.br\/blog\/"},{"@type":"ListItem","position":2,"name":"Curadoria de Janeiro 26"}]},{"@type":"WebSite","@id":"http:\/\/www.andrefelizardo.com.br\/blog\/#website","url":"http:\/\/www.andrefelizardo.com.br\/blog\/","name":"Blog do Andr\u00e9 Felizardo","description":"Programa\u00e7\u00e3o de dev para dev","potentialAction":[{"@type":"SearchAction","target":{"@type":"EntryPoint","urlTemplate":"http:\/\/www.andrefelizardo.com.br\/blog\/?s={search_term_string}"},"query-input":{"@type":"PropertyValueSpecification","valueRequired":true,"valueName":"search_term_string"}}],"inLanguage":"pt-BR"},{"@type":"Person","@id":"http:\/\/www.andrefelizardo.com.br\/blog\/#\/schema\/person\/7ffba68b251851fb519600e2e387a02b","name":"Andr\u00e9 Felizardo","image":{"@type":"ImageObject","inLanguage":"pt-BR","@id":"https:\/\/www.andrefelizardo.com.br\/blog\/wp-content\/wphb-cache\/gravatar\/9f9\/9f92d8b773ef5acf9b462d6dab41d783x96.jpg","url":"https:\/\/www.andrefelizardo.com.br\/blog\/wp-content\/wphb-cache\/gravatar\/9f9\/9f92d8b773ef5acf9b462d6dab41d783x96.jpg","contentUrl":"https:\/\/www.andrefelizardo.com.br\/blog\/wp-content\/wphb-cache\/gravatar\/9f9\/9f92d8b773ef5acf9b462d6dab41d783x96.jpg","caption":"Andr\u00e9 Felizardo"},"sameAs":["http:\/\/www.andrefelizardo.com.br"],"url":"https:\/\/www.andrefelizardo.com.br\/blog\/author\/andrefelizardo\/"}]}},"jetpack_featured_media_url":"https:\/\/www.andrefelizardo.com.br\/blog\/wp-content\/uploads\/2026\/02\/Curadoria-Janeiro-26.png","jetpack_shortlink":"https:\/\/wp.me\/p6EP66-10N","jetpack-related-posts":[{"id":4005,"url":"https:\/\/www.andrefelizardo.com.br\/blog\/curadoria-de-fevereiro-2026\/","url_meta":{"origin":3893,"position":0},"title":"Curadoria de Fevereiro &#8211; 2026","author":"Andr\u00e9 Felizardo","date":"5 de mar\u00e7o de 2026","format":false,"excerpt":"Foi m\u00eas de carnaval, e fazendo essa curadoria eu sempre fico pensativo em quanta coisa se passa em 30 dias (nesse caso 28). Eu li bastante esse m\u00eas mas assisti umas coisas legais no Youtube. Abaixo como de costume minha curadoria dividida em N\u00e3o-Programa\u00e7\u00e3o e Programa\u00e7\u00e3o. N\u00e3o-Programa\u00e7\u00e3o V\u00eddeo - Abrace\u2026","rel":"","context":"Em &quot;Tecnologia&quot;","block_context":{"text":"Tecnologia","link":"https:\/\/www.andrefelizardo.com.br\/blog\/category\/tecnologia\/"},"img":{"alt_text":"Imagem de capa da curadoria representando v\u00e1rias coisas que podem ser referenciadas como v\u00eddeos, textos, filmes e outros","src":"https:\/\/i0.wp.com\/www.andrefelizardo.com.br\/blog\/wp-content\/uploads\/2026\/03\/curadoria-fevereiro.png?resize=350%2C200&ssl=1","width":350,"height":200,"srcset":"https:\/\/i0.wp.com\/www.andrefelizardo.com.br\/blog\/wp-content\/uploads\/2026\/03\/curadoria-fevereiro.png?resize=350%2C200&ssl=1 1x, https:\/\/i0.wp.com\/www.andrefelizardo.com.br\/blog\/wp-content\/uploads\/2026\/03\/curadoria-fevereiro.png?resize=525%2C300&ssl=1 1.5x, https:\/\/i0.wp.com\/www.andrefelizardo.com.br\/blog\/wp-content\/uploads\/2026\/03\/curadoria-fevereiro.png?resize=700%2C400&ssl=1 2x, https:\/\/i0.wp.com\/www.andrefelizardo.com.br\/blog\/wp-content\/uploads\/2026\/03\/curadoria-fevereiro.png?resize=1050%2C600&ssl=1 3x, https:\/\/i0.wp.com\/www.andrefelizardo.com.br\/blog\/wp-content\/uploads\/2026\/03\/curadoria-fevereiro.png?resize=1400%2C800&ssl=1 4x"},"classes":[]},{"id":35,"url":"https:\/\/www.andrefelizardo.com.br\/blog\/front-end-o-que-e\/","url_meta":{"origin":3893,"position":1},"title":"Front-end. O que \u00e9?","author":"Andr\u00e9 Felizardo","date":"29 de janeiro de 2015","format":false,"excerpt":"Front-end. Voc\u00ea sabe o que \u00e9? O que ele faz? Alguns anos atr\u00e1s, o termo que mais se ouvia quanto ao profissional que trabalha com o desenvolvimento de sites era WebDesigner. E a fun\u00e7\u00e3o de WebDesigner era meio m\u00edstica, parecia ser um profissional que sabia de tudo um pouco, c\u00f3digos,\u2026","rel":"","context":"Em &quot;Tecnologia&quot;","block_context":{"text":"Tecnologia","link":"https:\/\/www.andrefelizardo.com.br\/blog\/category\/tecnologia\/"},"img":{"alt_text":"","src":"https:\/\/i0.wp.com\/www.andrefelizardo.com.br\/blog\/wp-content\/uploads\/2015\/01\/vaga-para-desenvolvedor-front-end-webdesign-agencia-diretriz-digital-marketing-branding.png?resize=350%2C200&ssl=1","width":350,"height":200,"srcset":"https:\/\/i0.wp.com\/www.andrefelizardo.com.br\/blog\/wp-content\/uploads\/2015\/01\/vaga-para-desenvolvedor-front-end-webdesign-agencia-diretriz-digital-marketing-branding.png?resize=350%2C200&ssl=1 1x, https:\/\/i0.wp.com\/www.andrefelizardo.com.br\/blog\/wp-content\/uploads\/2015\/01\/vaga-para-desenvolvedor-front-end-webdesign-agencia-diretriz-digital-marketing-branding.png?resize=525%2C300&ssl=1 1.5x"},"classes":[]},{"id":993,"url":"https:\/\/www.andrefelizardo.com.br\/blog\/javascript-reduce\/","url_meta":{"origin":3893,"position":2},"title":"JavaScript &#8211; Reduce","author":"Andr\u00e9 Felizardo","date":"5 de abril de 2018","format":false,"excerpt":"JavaScript Reduce \u00e9 um dos m\u00e9todos recentes de programa\u00e7\u00e3o funcional que a linguagem possui. Ele foi definido no EcmaScript 2015, e \u00e9 um m\u00e9todo de arrays. Acesse aqui para entender um pouco mais dessa hist\u00f3ria do JavaScript. Se voc\u00ea n\u00e3o entende muito bem sobre programa\u00e7\u00e3o funcional, deixa um coment\u00e1rio que\u2026","rel":"","context":"Em &quot;Dev&quot;","block_context":{"text":"Dev","link":"https:\/\/www.andrefelizardo.com.br\/blog\/category\/dev\/"},"img":{"alt_text":"Capa do blog para JavaScript reduce","src":"https:\/\/i0.wp.com\/www.andrefelizardo.com.br\/blog\/wp-content\/uploads\/2018\/04\/javascript-reduce.png?resize=350%2C200&ssl=1","width":350,"height":200,"srcset":"https:\/\/i0.wp.com\/www.andrefelizardo.com.br\/blog\/wp-content\/uploads\/2018\/04\/javascript-reduce.png?resize=350%2C200&ssl=1 1x, https:\/\/i0.wp.com\/www.andrefelizardo.com.br\/blog\/wp-content\/uploads\/2018\/04\/javascript-reduce.png?resize=525%2C300&ssl=1 1.5x, https:\/\/i0.wp.com\/www.andrefelizardo.com.br\/blog\/wp-content\/uploads\/2018\/04\/javascript-reduce.png?resize=700%2C400&ssl=1 2x"},"classes":[]},{"id":830,"url":"https:\/\/www.andrefelizardo.com.br\/blog\/seja-grato-primeiro-app-na-loja\/","url_meta":{"origin":3893,"position":3},"title":"Seja Grato &#8211; Primeiro App na loja","author":"Andr\u00e9 Felizardo","date":"29 de junho de 2017","format":false,"excerpt":"No in\u00edcio de 2017 eu defini o objetivo de colocar tr\u00eas apps pr\u00f3prios at\u00e9 o fim do ano nas lojas de aplicativos. Quando chegou em maio, percebi que n\u00e3o tinha nenhum, ent\u00e3o decidi partir pra cima desse objetivo. A muito tempo eu vinha pensando num aplicativo (sem fins lucrativos) que\u2026","rel":"","context":"Em &quot;Ionic&quot;","block_context":{"text":"Ionic","link":"https:\/\/www.andrefelizardo.com.br\/blog\/category\/ionic\/"},"img":{"alt_text":"","src":"https:\/\/i0.wp.com\/www.andrefelizardo.com.br\/blog\/wp-content\/uploads\/2017\/06\/seja-grato.png?resize=350%2C200&ssl=1","width":350,"height":200,"srcset":"https:\/\/i0.wp.com\/www.andrefelizardo.com.br\/blog\/wp-content\/uploads\/2017\/06\/seja-grato.png?resize=350%2C200&ssl=1 1x, https:\/\/i0.wp.com\/www.andrefelizardo.com.br\/blog\/wp-content\/uploads\/2017\/06\/seja-grato.png?resize=525%2C300&ssl=1 1.5x, https:\/\/i0.wp.com\/www.andrefelizardo.com.br\/blog\/wp-content\/uploads\/2017\/06\/seja-grato.png?resize=700%2C400&ssl=1 2x"},"classes":[]},{"id":943,"url":"https:\/\/www.andrefelizardo.com.br\/blog\/javascript-comecando-do-jeito-certo\/","url_meta":{"origin":3893,"position":4},"title":"JavaScript &#8211; Come\u00e7ando do jeito certo","author":"Andr\u00e9 Felizardo","date":"30 de novembro de 2017","format":false,"excerpt":"O que \u00e9 JavaScript? JavaScript \u00e9 uma linguagem de programa\u00e7\u00e3o, que foi criada originalmente para rodar em navegadores. Na tr\u00edade do Front-end, a linguagem \u00e9 respons\u00e1vel por interagir com o usu\u00e1rio (como mensagens de erro e outros), sem a necessidade das informa\u00e7\u00f5es irem at\u00e9 o servidor. O que \u00e9 JavaScript?\u2026","rel":"","context":"Em &quot;Dev&quot;","block_context":{"text":"Dev","link":"https:\/\/www.andrefelizardo.com.br\/blog\/category\/dev\/"},"img":{"alt_text":"","src":"https:\/\/i0.wp.com\/www.andrefelizardo.com.br\/blog\/wp-content\/uploads\/2017\/11\/javascript-comecando_jeito_certo.png?resize=350%2C200&ssl=1","width":350,"height":200,"srcset":"https:\/\/i0.wp.com\/www.andrefelizardo.com.br\/blog\/wp-content\/uploads\/2017\/11\/javascript-comecando_jeito_certo.png?resize=350%2C200&ssl=1 1x, https:\/\/i0.wp.com\/www.andrefelizardo.com.br\/blog\/wp-content\/uploads\/2017\/11\/javascript-comecando_jeito_certo.png?resize=525%2C300&ssl=1 1.5x, https:\/\/i0.wp.com\/www.andrefelizardo.com.br\/blog\/wp-content\/uploads\/2017\/11\/javascript-comecando_jeito_certo.png?resize=700%2C400&ssl=1 2x"},"classes":[]},{"id":438,"url":"https:\/\/www.andrefelizardo.com.br\/blog\/o-que-e-angularjs\/","url_meta":{"origin":3893,"position":5},"title":"O que \u00e9 AngularJS","author":"Andr\u00e9 Felizardo","date":"14 de dezembro de 2015","format":false,"excerpt":"AngularJS \u00e9 um framework para o desenvolvimento de aplica\u00e7\u00f5es web, utilizando a o JavaScript.\u00a0Seu objetivo \u00e9 aumentar aplicativos que podem ser acessados por um navegador web, sob o padr\u00e3o model\u2013view\u2013controller (MVC), em um esfor\u00e7o para facilitar tanto o desenvolvimento quanto o teste dos aplicativos. O que \u00e9 AngularJS? Hist\u00f3ria do\u2026","rel":"","context":"Em &quot;Dicas&quot;","block_context":{"text":"Dicas","link":"https:\/\/www.andrefelizardo.com.br\/blog\/category\/dicas\/"},"img":{"alt_text":"AngularJS","src":"https:\/\/i0.wp.com\/www.andrefelizardo.com.br\/blog\/wp-content\/uploads\/2015\/12\/angularjs.jpg?resize=350%2C200&ssl=1","width":350,"height":200,"srcset":"https:\/\/i0.wp.com\/www.andrefelizardo.com.br\/blog\/wp-content\/uploads\/2015\/12\/angularjs.jpg?resize=350%2C200&ssl=1 1x, https:\/\/i0.wp.com\/www.andrefelizardo.com.br\/blog\/wp-content\/uploads\/2015\/12\/angularjs.jpg?resize=525%2C300&ssl=1 1.5x, https:\/\/i0.wp.com\/www.andrefelizardo.com.br\/blog\/wp-content\/uploads\/2015\/12\/angularjs.jpg?resize=700%2C400&ssl=1 2x, https:\/\/i0.wp.com\/www.andrefelizardo.com.br\/blog\/wp-content\/uploads\/2015\/12\/angularjs.jpg?resize=1050%2C600&ssl=1 3x, https:\/\/i0.wp.com\/www.andrefelizardo.com.br\/blog\/wp-content\/uploads\/2015\/12\/angularjs.jpg?resize=1400%2C800&ssl=1 4x"},"classes":[]}],"jetpack_sharing_enabled":true,"_links":{"self":[{"href":"https:\/\/www.andrefelizardo.com.br\/blog\/wp-json\/wp\/v2\/posts\/3893","targetHints":{"allow":["GET"]}}],"collection":[{"href":"https:\/\/www.andrefelizardo.com.br\/blog\/wp-json\/wp\/v2\/posts"}],"about":[{"href":"https:\/\/www.andrefelizardo.com.br\/blog\/wp-json\/wp\/v2\/types\/post"}],"author":[{"embeddable":true,"href":"https:\/\/www.andrefelizardo.com.br\/blog\/wp-json\/wp\/v2\/users\/1"}],"replies":[{"embeddable":true,"href":"https:\/\/www.andrefelizardo.com.br\/blog\/wp-json\/wp\/v2\/comments?post=3893"}],"version-history":[{"count":0,"href":"https:\/\/www.andrefelizardo.com.br\/blog\/wp-json\/wp\/v2\/posts\/3893\/revisions"}],"wp:featuredmedia":[{"embeddable":true,"href":"https:\/\/www.andrefelizardo.com.br\/blog\/wp-json\/wp\/v2\/media\/3895"}],"wp:attachment":[{"href":"https:\/\/www.andrefelizardo.com.br\/blog\/wp-json\/wp\/v2\/media?parent=3893"}],"wp:term":[{"taxonomy":"category","embeddable":true,"href":"https:\/\/www.andrefelizardo.com.br\/blog\/wp-json\/wp\/v2\/categories?post=3893"},{"taxonomy":"post_tag","embeddable":true,"href":"https:\/\/www.andrefelizardo.com.br\/blog\/wp-json\/wp\/v2\/tags?post=3893"}],"curies":[{"name":"wp","href":"https:\/\/api.w.org\/{rel}","templated":true}]}}