{"id":3930,"date":"2026-02-10T21:23:03","date_gmt":"2026-02-10T21:23:03","guid":{"rendered":"https:\/\/www.andrefelizardo.com.br\/blog\/?p=3930"},"modified":"2026-02-10T21:52:25","modified_gmt":"2026-02-10T21:52:25","slug":"uma-terra-prometida-biografia-ou-soft-power","status":"publish","type":"post","link":"https:\/\/www.andrefelizardo.com.br\/blog\/uma-terra-prometida-biografia-ou-soft-power\/","title":{"rendered":"Uma Terra Prometida &#8211; Biografia ou Soft Power?"},"content":{"rendered":"\n<p>Ganhei esse livro alguns <em>natais<\/em> atr\u00e1s, comecei a ler 2 ou 3 vezes e parei. At\u00e9 que comecei ele um m\u00eas atr\u00e1s e li quase todos os dias algumas p\u00e1ginas dele.<\/p>\n\n\n\n<p>Antes de ler essa quase autobiografia do Obama, eu li a da Michele Obama e talvez por isso criei expectativas erradas sobre o que eu esperava desse livro. A Michele escreveu a sua autobiografia em ordem cronol\u00f3gica, falando bastante da inf\u00e2ncia dela, do per\u00edodo da faculdade e quando ela est\u00e1 como primeira dama o \u201cpersonagem\u201d j\u00e1 est\u00e1 constru\u00eddo na sua cabe\u00e7a.<\/p>\n\n\n\n<p>Eu n\u00e3o sabia muito sobre o Barack antes dessa leitura, e esperei que ele come\u00e7asse tamb\u00e9m falando da sua inf\u00e2ncia. At\u00e9 que ele fala um pouco no primeiro ou segundo cap\u00edtulo, mas aos poucos ele vai criando uma narrativa &#8211; que se parece muito com o meu jeito de contar hist\u00f3rias &#8211; mas n\u00e3o era o que eu esperava.<\/p>\n\n\n\n<h2 class=\"wp-block-heading\">Como Barack construiu suas decis\u00f5es<\/h2>\n\n\n\n<p>Ao inv\u00e9s de seguir o fio estritamente cronol\u00f3gico, Barack insere o tempo todo fragmentos de acontecimentos que formaram a opini\u00e3o dele para tomar a decis\u00e3o A ou B semanas, meses, d\u00e9cadas depois. Ele quer que entendamos, profundamente, porque ele tomou aquelas decis\u00f5es e de onde vieram suas convic\u00e7\u00f5es voltando por exemplo em epis\u00f3dios de conversas com a m\u00e3e enquanto era crian\u00e7a durante uma explica\u00e7\u00e3o de como era importante para ele mudar ou aprovar uma lei.<\/p>\n\n\n\n<h2 class=\"wp-block-heading\">Soft power, consumo e decep\u00e7\u00e3o<\/h2>\n\n\n\n<p>Eu, uma crian\u00e7a anos 90 cresci consumindo conte\u00fado e consequentemente o estilo de vida dos EUA atrav\u00e9s dos filmes e clipes musicais. J\u00e1 ali na fase adulta comecei a me questionar sobre tudo que eu absorvera disso e o quanto eu tinha de opini\u00f5es reais sobre os EUA e quanto era apenas <strong>comida que engoli sem julgar a proced\u00eancia<\/strong>.<\/p>\n\n\n\n<p>A verdade \u00e9 que eu nunca fui daqueles que queria morar nos EUA, mas eu admirava muito e achava que eles realmente eram uma pot\u00eancia imbat\u00edvel, incorrupt\u00edvel e exemplo a ser seguido em quase tudo. At\u00e9 que, n\u00e3o sei exatamente em qual momento, a partir de leituras de outros pontos de vista a coisa mudou pra mim. Me lembro de quando li <em>A Grande Sa\u00edda<\/em> do <em>Angus Deaton<\/em>, pr\u00eamio Nobel de economia 2015, o quanto algumas \u201cajudas humanit\u00e1rias\u201d mantidas ou quase sempre encabe\u00e7adas pelos EUA mant\u00e9m alguns pa\u00edses em guerra civil e em cen\u00e1rios realmente tristes. Passei at\u00e9 pela fase do ran\u00e7o, de achar que tudo que vinha de l\u00e1 era for\u00e7ado e ruim at\u00e9 que cheguei no momento atual onde acredito que consigo observar melhor os pontos fortes e fracos sem \u00f3dio ou amor.<\/p>\n\n\n\n<p>Durante a leitura em alguns momentos me questionei: isso \u00e9 bonito e verdadeiro ou uma tentativa de soft power? Mas at\u00e9 que v\u00e1rias d\u00favidas se dissiparam com o decorrer do livro.<\/p>\n\n\n\n<h2 class=\"wp-block-heading\">Autocr\u00edtica, limites do poder e pragmatismo pol\u00edtico<\/h2>\n\n\n\n<p>Conforme o livro vai se aprofundando, passando sobre as dificuldades e curiosidades sobre ser presidente, Barack sempre faz um <em>mea culpa<\/em> e apresenta aquelas opini\u00f5es mais democratas (esquerdistas talvez?) que fizeram ele ser admirado por povos discriminados nos mais diferentes locais do globo. Gosto tamb\u00e9m do fato de que at\u00e9 se tornar candidato a presidente pelo partido democrata ele passa por outros cargos p\u00fablicos, muitas vezes se deparando com o problema que conhecemos bem de concilia\u00e7\u00e3o entre diferentes partidos\/vis\u00f5es frentes para realizar algo politicamente.<\/p>\n\n\n\n<p>Apesar de ter sido escrito mais de 5 anos atr\u00e1s e contar fatos de mais de 15 anos atr\u00e1s acho o livro <strong>MUITO<\/strong> atual. N\u00e3o s\u00f3 por citar <em>Donald Trump<\/em> nos \u00faltimos cap\u00edtulos do livro, n\u00e3o s\u00f3 pelos EUA estarem diariamente no notici\u00e1rio de um ponto de vista negativo mais recentemente, mas principalmente pelo processo complicado, doloroso e talvez at\u00e9 injusto que ele descreve que foi necess\u00e1rio para conseguir ou n\u00e3o aprovar o que era o projeto dele de pa\u00eds.<\/p>\n\n\n\n<h2 class=\"wp-block-heading\">O paralelo inevit\u00e1vel com o Brasil<\/h2>\n\n\n\n<p>No Brasil, apesar do regimento do Senado e da C\u00e2mara n\u00e3o ser id\u00eantico ao dos EUA \u00e9 imposs\u00edvel n\u00e3o ler esse livro e comparar &#8211; de certa forma at\u00e9 entender &#8211; o que acontece no Brasil governo ap\u00f3s governo. Consigo ver claramente a bancada da direita e esquerda passando pelas disputas que ele descreve que aconteceram no Senado e na C\u00e2mara.<\/p>\n\n\n\n<p>Inclusive o livro me forneceu argumentos para sustentar uma tese que eu criei antes do Bolsonaro ser eleito e que eu considero ter sido confirmada durante o governo dele: seria imposs\u00edvel o Bolsonaro ter um bom governo tanto por ter tido uma carreira pol\u00edtica e partid\u00e1ria praticamente inexistente antes de ser candidato a elei\u00e7\u00e3o e tamb\u00e9m por nunca ter lutado por alguma causa de maneira profunda enquanto pol\u00edtico, o que eu acredito que faria ele se conectar com outros pol\u00edticos que tentavam aprovar leis. Essa aus\u00eancia de atua\u00e7\u00e3o pol\u00edtica fez com que ele criasse um governo com minist\u00e9rios e secretarias gerenciadas por colegas, influencers e qualquer pessoa que ele <em>fosse com a cara<\/em>. Mas ser presidente \u00e9, definitivamente, saber escolher as pessoas certas para trabalhar no seu entorno, pessoas competentes que far\u00e3o um bom trabalho e te ajudar\u00e3o a tomar boas decis\u00f5es embasadas nas \u00e1reas em quest\u00e3o, independente se voc\u00ea concorda com elas ou n\u00e3o.<\/p>\n\n\n\n<h2 class=\"wp-block-heading\">Vale a leitura?<\/h2>\n\n\n\n<p>Se voc\u00ea se interessa por pol\u00edtica e democracia considero um livro interessant\u00edssimo para voc\u00ea adicionar a sua lista. <a href=\"https:\/\/www.amazon.com.br\/Uma-terra-prometida-Barack-Obama\/dp\/8535933964\">Aqui o link pro livro na Amazon<\/a>.<\/p>\n","protected":false},"excerpt":{"rendered":"<p>Ganhei esse livro alguns natais atr\u00e1s, comecei a ler 2 ou 3 vezes e parei. At\u00e9 que comecei ele um m\u00eas atr\u00e1s e li quase todos os dias algumas p\u00e1ginas dele. Antes de ler essa quase autobiografia do Obama, eu li a da Michele Obama e talvez por isso criei expectativas erradas sobre o que [&hellip;]<\/p>\n","protected":false},"author":1,"featured_media":3938,"comment_status":"open","ping_status":"open","sticky":false,"template":"","format":"standard","meta":{"_jetpack_newsletter_access":"","_jetpack_dont_email_post_to_subs":false,"_jetpack_newsletter_tier_id":0,"_jetpack_memberships_contains_paywalled_content":false,"_jetpack_memberships_contains_paid_content":false,"footnotes":""},"categories":[5],"tags":[147],"class_list":["post-3930","post","type-post","status-publish","format-standard","has-post-thumbnail","hentry","category-tecnologia","tag-livro"],"yoast_head":"<!-- This site is optimized with the Yoast SEO plugin v27.5 - https:\/\/yoast.com\/product\/yoast-seo-wordpress\/ -->\n<title>Uma Terra Prometida - Biografia ou Soft Power? - Blog do Andr\u00e9 Felizardo<\/title>\n<meta name=\"robots\" content=\"index, follow, max-snippet:-1, max-image-preview:large, max-video-preview:-1\" \/>\n<link rel=\"canonical\" href=\"http:\/\/www.andrefelizardo.com.br\/blog\/uma-terra-prometida-biografia-ou-soft-power\/\" \/>\n<meta property=\"og:locale\" content=\"pt_BR\" \/>\n<meta property=\"og:type\" content=\"article\" \/>\n<meta property=\"og:title\" content=\"Uma Terra Prometida - Biografia ou Soft Power? - Blog do Andr\u00e9 Felizardo\" \/>\n<meta property=\"og:description\" content=\"Ganhei esse livro alguns natais atr\u00e1s, comecei a ler 2 ou 3 vezes e parei. At\u00e9 que comecei ele um m\u00eas atr\u00e1s e li quase todos os dias algumas p\u00e1ginas dele. Antes de ler essa quase autobiografia do Obama, eu li a da Michele Obama e talvez por isso criei expectativas erradas sobre o que [&hellip;]\" \/>\n<meta property=\"og:url\" content=\"http:\/\/www.andrefelizardo.com.br\/blog\/uma-terra-prometida-biografia-ou-soft-power\/\" \/>\n<meta property=\"og:site_name\" content=\"Blog do Andr\u00e9 Felizardo\" \/>\n<meta property=\"article:published_time\" content=\"2026-02-10T21:23:03+00:00\" \/>\n<meta property=\"article:modified_time\" content=\"2026-02-10T21:52:25+00:00\" \/>\n<meta property=\"og:image\" content=\"http:\/\/www.andrefelizardo.com.br\/blog\/wp-content\/uploads\/2026\/02\/IMG_4770-scaled.jpg\" \/>\n\t<meta property=\"og:image:width\" content=\"1920\" \/>\n\t<meta property=\"og:image:height\" content=\"2560\" \/>\n\t<meta property=\"og:image:type\" content=\"image\/jpeg\" \/>\n<meta name=\"author\" content=\"Andr\u00e9 Felizardo\" \/>\n<meta name=\"twitter:card\" content=\"summary_large_image\" \/>\n<meta name=\"twitter:label1\" content=\"Escrito por\" \/>\n\t<meta name=\"twitter:data1\" content=\"Andr\u00e9 Felizardo\" \/>\n\t<meta name=\"twitter:label2\" content=\"Est. tempo de leitura\" \/>\n\t<meta name=\"twitter:data2\" content=\"6 minutos\" \/>\n<script type=\"application\/ld+json\" class=\"yoast-schema-graph\">{\"@context\":\"https:\\\/\\\/schema.org\",\"@graph\":[{\"@type\":\"Article\",\"@id\":\"http:\\\/\\\/www.andrefelizardo.com.br\\\/blog\\\/uma-terra-prometida-biografia-ou-soft-power\\\/#article\",\"isPartOf\":{\"@id\":\"http:\\\/\\\/www.andrefelizardo.com.br\\\/blog\\\/uma-terra-prometida-biografia-ou-soft-power\\\/\"},\"author\":{\"name\":\"Andr\u00e9 Felizardo\",\"@id\":\"http:\\\/\\\/www.andrefelizardo.com.br\\\/blog\\\/#\\\/schema\\\/person\\\/7ffba68b251851fb519600e2e387a02b\"},\"headline\":\"Uma Terra Prometida &#8211; Biografia ou Soft Power?\",\"datePublished\":\"2026-02-10T21:23:03+00:00\",\"dateModified\":\"2026-02-10T21:52:25+00:00\",\"mainEntityOfPage\":{\"@id\":\"http:\\\/\\\/www.andrefelizardo.com.br\\\/blog\\\/uma-terra-prometida-biografia-ou-soft-power\\\/\"},\"wordCount\":972,\"commentCount\":0,\"image\":{\"@id\":\"http:\\\/\\\/www.andrefelizardo.com.br\\\/blog\\\/uma-terra-prometida-biografia-ou-soft-power\\\/#primaryimage\"},\"thumbnailUrl\":\"https:\\\/\\\/www.andrefelizardo.com.br\\\/blog\\\/wp-content\\\/uploads\\\/2026\\\/02\\\/IMG_4770-scaled.jpg\",\"keywords\":[\"livro\"],\"articleSection\":[\"Tecnologia\"],\"inLanguage\":\"pt-BR\",\"potentialAction\":[{\"@type\":\"CommentAction\",\"name\":\"Comment\",\"target\":[\"http:\\\/\\\/www.andrefelizardo.com.br\\\/blog\\\/uma-terra-prometida-biografia-ou-soft-power\\\/#respond\"]}]},{\"@type\":\"WebPage\",\"@id\":\"http:\\\/\\\/www.andrefelizardo.com.br\\\/blog\\\/uma-terra-prometida-biografia-ou-soft-power\\\/\",\"url\":\"http:\\\/\\\/www.andrefelizardo.com.br\\\/blog\\\/uma-terra-prometida-biografia-ou-soft-power\\\/\",\"name\":\"Uma Terra Prometida - Biografia ou Soft Power? - Blog do Andr\u00e9 Felizardo\",\"isPartOf\":{\"@id\":\"http:\\\/\\\/www.andrefelizardo.com.br\\\/blog\\\/#website\"},\"primaryImageOfPage\":{\"@id\":\"http:\\\/\\\/www.andrefelizardo.com.br\\\/blog\\\/uma-terra-prometida-biografia-ou-soft-power\\\/#primaryimage\"},\"image\":{\"@id\":\"http:\\\/\\\/www.andrefelizardo.com.br\\\/blog\\\/uma-terra-prometida-biografia-ou-soft-power\\\/#primaryimage\"},\"thumbnailUrl\":\"https:\\\/\\\/www.andrefelizardo.com.br\\\/blog\\\/wp-content\\\/uploads\\\/2026\\\/02\\\/IMG_4770-scaled.jpg\",\"datePublished\":\"2026-02-10T21:23:03+00:00\",\"dateModified\":\"2026-02-10T21:52:25+00:00\",\"author\":{\"@id\":\"http:\\\/\\\/www.andrefelizardo.com.br\\\/blog\\\/#\\\/schema\\\/person\\\/7ffba68b251851fb519600e2e387a02b\"},\"breadcrumb\":{\"@id\":\"http:\\\/\\\/www.andrefelizardo.com.br\\\/blog\\\/uma-terra-prometida-biografia-ou-soft-power\\\/#breadcrumb\"},\"inLanguage\":\"pt-BR\",\"potentialAction\":[{\"@type\":\"ReadAction\",\"target\":[\"http:\\\/\\\/www.andrefelizardo.com.br\\\/blog\\\/uma-terra-prometida-biografia-ou-soft-power\\\/\"]}]},{\"@type\":\"ImageObject\",\"inLanguage\":\"pt-BR\",\"@id\":\"http:\\\/\\\/www.andrefelizardo.com.br\\\/blog\\\/uma-terra-prometida-biografia-ou-soft-power\\\/#primaryimage\",\"url\":\"https:\\\/\\\/www.andrefelizardo.com.br\\\/blog\\\/wp-content\\\/uploads\\\/2026\\\/02\\\/IMG_4770-scaled.jpg\",\"contentUrl\":\"https:\\\/\\\/www.andrefelizardo.com.br\\\/blog\\\/wp-content\\\/uploads\\\/2026\\\/02\\\/IMG_4770-scaled.jpg\",\"width\":1920,\"height\":2560,\"caption\":\"Capa livro Uma Terra Prometida do Barack Obama\"},{\"@type\":\"BreadcrumbList\",\"@id\":\"http:\\\/\\\/www.andrefelizardo.com.br\\\/blog\\\/uma-terra-prometida-biografia-ou-soft-power\\\/#breadcrumb\",\"itemListElement\":[{\"@type\":\"ListItem\",\"position\":1,\"name\":\"In\u00edcio\",\"item\":\"http:\\\/\\\/www.andrefelizardo.com.br\\\/blog\\\/\"},{\"@type\":\"ListItem\",\"position\":2,\"name\":\"Uma Terra Prometida &#8211; Biografia ou Soft Power?\"}]},{\"@type\":\"WebSite\",\"@id\":\"http:\\\/\\\/www.andrefelizardo.com.br\\\/blog\\\/#website\",\"url\":\"http:\\\/\\\/www.andrefelizardo.com.br\\\/blog\\\/\",\"name\":\"Blog do Andr\u00e9 Felizardo\",\"description\":\"Programa\u00e7\u00e3o de dev para dev\",\"potentialAction\":[{\"@type\":\"SearchAction\",\"target\":{\"@type\":\"EntryPoint\",\"urlTemplate\":\"http:\\\/\\\/www.andrefelizardo.com.br\\\/blog\\\/?s={search_term_string}\"},\"query-input\":{\"@type\":\"PropertyValueSpecification\",\"valueRequired\":true,\"valueName\":\"search_term_string\"}}],\"inLanguage\":\"pt-BR\"},{\"@type\":\"Person\",\"@id\":\"http:\\\/\\\/www.andrefelizardo.com.br\\\/blog\\\/#\\\/schema\\\/person\\\/7ffba68b251851fb519600e2e387a02b\",\"name\":\"Andr\u00e9 Felizardo\",\"image\":{\"@type\":\"ImageObject\",\"inLanguage\":\"pt-BR\",\"@id\":\"https:\\\/\\\/www.andrefelizardo.com.br\\\/blog\\\/wp-content\\\/wphb-cache\\\/gravatar\\\/9f9\\\/9f92d8b773ef5acf9b462d6dab41d783x96.jpg\",\"url\":\"https:\\\/\\\/www.andrefelizardo.com.br\\\/blog\\\/wp-content\\\/wphb-cache\\\/gravatar\\\/9f9\\\/9f92d8b773ef5acf9b462d6dab41d783x96.jpg\",\"contentUrl\":\"https:\\\/\\\/www.andrefelizardo.com.br\\\/blog\\\/wp-content\\\/wphb-cache\\\/gravatar\\\/9f9\\\/9f92d8b773ef5acf9b462d6dab41d783x96.jpg\",\"caption\":\"Andr\u00e9 Felizardo\"},\"sameAs\":[\"http:\\\/\\\/www.andrefelizardo.com.br\"],\"url\":\"https:\\\/\\\/www.andrefelizardo.com.br\\\/blog\\\/author\\\/andrefelizardo\\\/\"}]}<\/script>\n<!-- \/ Yoast SEO plugin. -->","yoast_head_json":{"title":"Uma Terra Prometida - Biografia ou Soft Power? - Blog do Andr\u00e9 Felizardo","robots":{"index":"index","follow":"follow","max-snippet":"max-snippet:-1","max-image-preview":"max-image-preview:large","max-video-preview":"max-video-preview:-1"},"canonical":"http:\/\/www.andrefelizardo.com.br\/blog\/uma-terra-prometida-biografia-ou-soft-power\/","og_locale":"pt_BR","og_type":"article","og_title":"Uma Terra Prometida - Biografia ou Soft Power? - Blog do Andr\u00e9 Felizardo","og_description":"Ganhei esse livro alguns natais atr\u00e1s, comecei a ler 2 ou 3 vezes e parei. At\u00e9 que comecei ele um m\u00eas atr\u00e1s e li quase todos os dias algumas p\u00e1ginas dele. Antes de ler essa quase autobiografia do Obama, eu li a da Michele Obama e talvez por isso criei expectativas erradas sobre o que [&hellip;]","og_url":"http:\/\/www.andrefelizardo.com.br\/blog\/uma-terra-prometida-biografia-ou-soft-power\/","og_site_name":"Blog do Andr\u00e9 Felizardo","article_published_time":"2026-02-10T21:23:03+00:00","article_modified_time":"2026-02-10T21:52:25+00:00","og_image":[{"width":1920,"height":2560,"url":"http:\/\/www.andrefelizardo.com.br\/blog\/wp-content\/uploads\/2026\/02\/IMG_4770-scaled.jpg","type":"image\/jpeg"}],"author":"Andr\u00e9 Felizardo","twitter_card":"summary_large_image","twitter_misc":{"Escrito por":"Andr\u00e9 Felizardo","Est. tempo de leitura":"6 minutos"},"schema":{"@context":"https:\/\/schema.org","@graph":[{"@type":"Article","@id":"http:\/\/www.andrefelizardo.com.br\/blog\/uma-terra-prometida-biografia-ou-soft-power\/#article","isPartOf":{"@id":"http:\/\/www.andrefelizardo.com.br\/blog\/uma-terra-prometida-biografia-ou-soft-power\/"},"author":{"name":"Andr\u00e9 Felizardo","@id":"http:\/\/www.andrefelizardo.com.br\/blog\/#\/schema\/person\/7ffba68b251851fb519600e2e387a02b"},"headline":"Uma Terra Prometida &#8211; Biografia ou Soft Power?","datePublished":"2026-02-10T21:23:03+00:00","dateModified":"2026-02-10T21:52:25+00:00","mainEntityOfPage":{"@id":"http:\/\/www.andrefelizardo.com.br\/blog\/uma-terra-prometida-biografia-ou-soft-power\/"},"wordCount":972,"commentCount":0,"image":{"@id":"http:\/\/www.andrefelizardo.com.br\/blog\/uma-terra-prometida-biografia-ou-soft-power\/#primaryimage"},"thumbnailUrl":"https:\/\/www.andrefelizardo.com.br\/blog\/wp-content\/uploads\/2026\/02\/IMG_4770-scaled.jpg","keywords":["livro"],"articleSection":["Tecnologia"],"inLanguage":"pt-BR","potentialAction":[{"@type":"CommentAction","name":"Comment","target":["http:\/\/www.andrefelizardo.com.br\/blog\/uma-terra-prometida-biografia-ou-soft-power\/#respond"]}]},{"@type":"WebPage","@id":"http:\/\/www.andrefelizardo.com.br\/blog\/uma-terra-prometida-biografia-ou-soft-power\/","url":"http:\/\/www.andrefelizardo.com.br\/blog\/uma-terra-prometida-biografia-ou-soft-power\/","name":"Uma Terra Prometida - Biografia ou Soft Power? - Blog do Andr\u00e9 Felizardo","isPartOf":{"@id":"http:\/\/www.andrefelizardo.com.br\/blog\/#website"},"primaryImageOfPage":{"@id":"http:\/\/www.andrefelizardo.com.br\/blog\/uma-terra-prometida-biografia-ou-soft-power\/#primaryimage"},"image":{"@id":"http:\/\/www.andrefelizardo.com.br\/blog\/uma-terra-prometida-biografia-ou-soft-power\/#primaryimage"},"thumbnailUrl":"https:\/\/www.andrefelizardo.com.br\/blog\/wp-content\/uploads\/2026\/02\/IMG_4770-scaled.jpg","datePublished":"2026-02-10T21:23:03+00:00","dateModified":"2026-02-10T21:52:25+00:00","author":{"@id":"http:\/\/www.andrefelizardo.com.br\/blog\/#\/schema\/person\/7ffba68b251851fb519600e2e387a02b"},"breadcrumb":{"@id":"http:\/\/www.andrefelizardo.com.br\/blog\/uma-terra-prometida-biografia-ou-soft-power\/#breadcrumb"},"inLanguage":"pt-BR","potentialAction":[{"@type":"ReadAction","target":["http:\/\/www.andrefelizardo.com.br\/blog\/uma-terra-prometida-biografia-ou-soft-power\/"]}]},{"@type":"ImageObject","inLanguage":"pt-BR","@id":"http:\/\/www.andrefelizardo.com.br\/blog\/uma-terra-prometida-biografia-ou-soft-power\/#primaryimage","url":"https:\/\/www.andrefelizardo.com.br\/blog\/wp-content\/uploads\/2026\/02\/IMG_4770-scaled.jpg","contentUrl":"https:\/\/www.andrefelizardo.com.br\/blog\/wp-content\/uploads\/2026\/02\/IMG_4770-scaled.jpg","width":1920,"height":2560,"caption":"Capa livro Uma Terra Prometida do Barack Obama"},{"@type":"BreadcrumbList","@id":"http:\/\/www.andrefelizardo.com.br\/blog\/uma-terra-prometida-biografia-ou-soft-power\/#breadcrumb","itemListElement":[{"@type":"ListItem","position":1,"name":"In\u00edcio","item":"http:\/\/www.andrefelizardo.com.br\/blog\/"},{"@type":"ListItem","position":2,"name":"Uma Terra Prometida &#8211; Biografia ou Soft Power?"}]},{"@type":"WebSite","@id":"http:\/\/www.andrefelizardo.com.br\/blog\/#website","url":"http:\/\/www.andrefelizardo.com.br\/blog\/","name":"Blog do Andr\u00e9 Felizardo","description":"Programa\u00e7\u00e3o de dev para dev","potentialAction":[{"@type":"SearchAction","target":{"@type":"EntryPoint","urlTemplate":"http:\/\/www.andrefelizardo.com.br\/blog\/?s={search_term_string}"},"query-input":{"@type":"PropertyValueSpecification","valueRequired":true,"valueName":"search_term_string"}}],"inLanguage":"pt-BR"},{"@type":"Person","@id":"http:\/\/www.andrefelizardo.com.br\/blog\/#\/schema\/person\/7ffba68b251851fb519600e2e387a02b","name":"Andr\u00e9 Felizardo","image":{"@type":"ImageObject","inLanguage":"pt-BR","@id":"https:\/\/www.andrefelizardo.com.br\/blog\/wp-content\/wphb-cache\/gravatar\/9f9\/9f92d8b773ef5acf9b462d6dab41d783x96.jpg","url":"https:\/\/www.andrefelizardo.com.br\/blog\/wp-content\/wphb-cache\/gravatar\/9f9\/9f92d8b773ef5acf9b462d6dab41d783x96.jpg","contentUrl":"https:\/\/www.andrefelizardo.com.br\/blog\/wp-content\/wphb-cache\/gravatar\/9f9\/9f92d8b773ef5acf9b462d6dab41d783x96.jpg","caption":"Andr\u00e9 Felizardo"},"sameAs":["http:\/\/www.andrefelizardo.com.br"],"url":"https:\/\/www.andrefelizardo.com.br\/blog\/author\/andrefelizardo\/"}]}},"jetpack_featured_media_url":"https:\/\/www.andrefelizardo.com.br\/blog\/wp-content\/uploads\/2026\/02\/IMG_4770-scaled.jpg","jetpack_shortlink":"https:\/\/wp.me\/p6EP66-11o","jetpack-related-posts":[{"id":3874,"url":"https:\/\/www.andrefelizardo.com.br\/blog\/eu-li-o-livro-um-defeito-de-cor\/","url_meta":{"origin":3930,"position":0},"title":"Eu li o livro Um Defeito de Cor","author":"Andr\u00e9 Felizardo","date":"5 de fevereiro de 2026","format":false,"excerpt":"E \u00e9 provavelmente o melhor romance que eu j\u00e1 li. Inclusive eu s\u00f3 descobri - historicamente - o que significa um defeito de cor ap\u00f3s ler o livro. Por que romance? Me lembro de durante a pandemia, em algum momento o Emicida citar ou recomendar esse livro (provavelmente em algum\u2026","rel":"","context":"Em &quot;Tecnologia&quot;","block_context":{"text":"Tecnologia","link":"https:\/\/www.andrefelizardo.com.br\/blog\/category\/tecnologia\/"},"img":{"alt_text":"","src":"https:\/\/i0.wp.com\/www.andrefelizardo.com.br\/blog\/wp-content\/uploads\/2026\/02\/image.png?resize=350%2C200&ssl=1","width":350,"height":200,"srcset":"https:\/\/i0.wp.com\/www.andrefelizardo.com.br\/blog\/wp-content\/uploads\/2026\/02\/image.png?resize=350%2C200&ssl=1 1x, https:\/\/i0.wp.com\/www.andrefelizardo.com.br\/blog\/wp-content\/uploads\/2026\/02\/image.png?resize=525%2C300&ssl=1 1.5x, https:\/\/i0.wp.com\/www.andrefelizardo.com.br\/blog\/wp-content\/uploads\/2026\/02\/image.png?resize=700%2C400&ssl=1 2x"},"classes":[]},{"id":3959,"url":"https:\/\/www.andrefelizardo.com.br\/blog\/trabalho-focado-eu-precisava-ler-isso\/","url_meta":{"origin":3930,"position":1},"title":"Trabalho focado &#8211; eu precisava ler isso","author":"Andr\u00e9 Felizardo","date":"1 de mar\u00e7o de 2026","format":false,"excerpt":"Comecei o ano de 2026 decidido a ler mais, estudar mais, ser mais focado. Desde 2025 tenho sentido - e reclamado muito durante minhas sess\u00f5es de terapia - que n\u00e3o consigo mais me concentrar com a facilidade que eu me concentrava 10 anos atr\u00e1s. Ter me tornado pai 6 anos\u2026","rel":"","context":"Em &quot;Tecnologia&quot;","block_context":{"text":"Tecnologia","link":"https:\/\/www.andrefelizardo.com.br\/blog\/category\/tecnologia\/"},"img":{"alt_text":"","src":"https:\/\/i0.wp.com\/www.andrefelizardo.com.br\/blog\/wp-content\/uploads\/2026\/03\/9BA73973-30EA-40E8-81CB-1F3E6B647498-scaled.jpeg?resize=350%2C200&ssl=1","width":350,"height":200,"srcset":"https:\/\/i0.wp.com\/www.andrefelizardo.com.br\/blog\/wp-content\/uploads\/2026\/03\/9BA73973-30EA-40E8-81CB-1F3E6B647498-scaled.jpeg?resize=350%2C200&ssl=1 1x, https:\/\/i0.wp.com\/www.andrefelizardo.com.br\/blog\/wp-content\/uploads\/2026\/03\/9BA73973-30EA-40E8-81CB-1F3E6B647498-scaled.jpeg?resize=525%2C300&ssl=1 1.5x, https:\/\/i0.wp.com\/www.andrefelizardo.com.br\/blog\/wp-content\/uploads\/2026\/03\/9BA73973-30EA-40E8-81CB-1F3E6B647498-scaled.jpeg?resize=700%2C400&ssl=1 2x, https:\/\/i0.wp.com\/www.andrefelizardo.com.br\/blog\/wp-content\/uploads\/2026\/03\/9BA73973-30EA-40E8-81CB-1F3E6B647498-scaled.jpeg?resize=1050%2C600&ssl=1 3x, https:\/\/i0.wp.com\/www.andrefelizardo.com.br\/blog\/wp-content\/uploads\/2026\/03\/9BA73973-30EA-40E8-81CB-1F3E6B647498-scaled.jpeg?resize=1400%2C800&ssl=1 4x"},"classes":[]},{"id":3893,"url":"https:\/\/www.andrefelizardo.com.br\/blog\/curadoria-de-janeiro-26\/","url_meta":{"origin":3930,"position":2},"title":"Curadoria de Janeiro 26","author":"Andr\u00e9 Felizardo","date":"6 de fevereiro de 2026","format":false,"excerpt":"Toda vez que come\u00e7a um novo ano eu fico pensativo sobre o qu\u00e3o genial \u00e9 essa ideia de dividir o tempo. \u00c9 s\u00f3 um monte de dia atr\u00e1s do outro, mas esse ciclo de 12 meses acaba sempre motivando uns (e deprimindo alguns outros) na virada. Eu sou dos que\u2026","rel":"","context":"Em &quot;Tecnologia&quot;","block_context":{"text":"Tecnologia","link":"https:\/\/www.andrefelizardo.com.br\/blog\/category\/tecnologia\/"},"img":{"alt_text":"","src":"https:\/\/i0.wp.com\/www.andrefelizardo.com.br\/blog\/wp-content\/uploads\/2026\/02\/Curadoria-Janeiro-26.png?resize=350%2C200&ssl=1","width":350,"height":200,"srcset":"https:\/\/i0.wp.com\/www.andrefelizardo.com.br\/blog\/wp-content\/uploads\/2026\/02\/Curadoria-Janeiro-26.png?resize=350%2C200&ssl=1 1x, https:\/\/i0.wp.com\/www.andrefelizardo.com.br\/blog\/wp-content\/uploads\/2026\/02\/Curadoria-Janeiro-26.png?resize=525%2C300&ssl=1 1.5x, https:\/\/i0.wp.com\/www.andrefelizardo.com.br\/blog\/wp-content\/uploads\/2026\/02\/Curadoria-Janeiro-26.png?resize=700%2C400&ssl=1 2x, https:\/\/i0.wp.com\/www.andrefelizardo.com.br\/blog\/wp-content\/uploads\/2026\/02\/Curadoria-Janeiro-26.png?resize=1050%2C600&ssl=1 3x, https:\/\/i0.wp.com\/www.andrefelizardo.com.br\/blog\/wp-content\/uploads\/2026\/02\/Curadoria-Janeiro-26.png?resize=1400%2C800&ssl=1 4x"},"classes":[]},{"id":4005,"url":"https:\/\/www.andrefelizardo.com.br\/blog\/curadoria-de-fevereiro-2026\/","url_meta":{"origin":3930,"position":3},"title":"Curadoria de Fevereiro &#8211; 2026","author":"Andr\u00e9 Felizardo","date":"5 de mar\u00e7o de 2026","format":false,"excerpt":"Foi m\u00eas de carnaval, e fazendo essa curadoria eu sempre fico pensativo em quanta coisa se passa em 30 dias (nesse caso 28). Eu li bastante esse m\u00eas mas assisti umas coisas legais no Youtube. Abaixo como de costume minha curadoria dividida em N\u00e3o-Programa\u00e7\u00e3o e Programa\u00e7\u00e3o. N\u00e3o-Programa\u00e7\u00e3o V\u00eddeo - Abrace\u2026","rel":"","context":"Em &quot;Tecnologia&quot;","block_context":{"text":"Tecnologia","link":"https:\/\/www.andrefelizardo.com.br\/blog\/category\/tecnologia\/"},"img":{"alt_text":"Imagem de capa da curadoria representando v\u00e1rias coisas que podem ser referenciadas como v\u00eddeos, textos, filmes e outros","src":"https:\/\/i0.wp.com\/www.andrefelizardo.com.br\/blog\/wp-content\/uploads\/2026\/03\/curadoria-fevereiro.png?resize=350%2C200&ssl=1","width":350,"height":200,"srcset":"https:\/\/i0.wp.com\/www.andrefelizardo.com.br\/blog\/wp-content\/uploads\/2026\/03\/curadoria-fevereiro.png?resize=350%2C200&ssl=1 1x, https:\/\/i0.wp.com\/www.andrefelizardo.com.br\/blog\/wp-content\/uploads\/2026\/03\/curadoria-fevereiro.png?resize=525%2C300&ssl=1 1.5x, https:\/\/i0.wp.com\/www.andrefelizardo.com.br\/blog\/wp-content\/uploads\/2026\/03\/curadoria-fevereiro.png?resize=700%2C400&ssl=1 2x, https:\/\/i0.wp.com\/www.andrefelizardo.com.br\/blog\/wp-content\/uploads\/2026\/03\/curadoria-fevereiro.png?resize=1050%2C600&ssl=1 3x, https:\/\/i0.wp.com\/www.andrefelizardo.com.br\/blog\/wp-content\/uploads\/2026\/03\/curadoria-fevereiro.png?resize=1400%2C800&ssl=1 4x"},"classes":[]},{"id":3625,"url":"https:\/\/www.andrefelizardo.com.br\/blog\/livro-14-habitos-de-desenvolvedores-altamente-produtivos\/","url_meta":{"origin":3930,"position":4},"title":"Livro: 14 h\u00e1bitos de desenvolvedores altamente produtivos","author":"Andr\u00e9 Felizardo","date":"12 de janeiro de 2026","format":false,"excerpt":"Eu acredito muito no poder dos livros, e agora que j\u00e1 faz 5 anos que eu trabalho 100% home office posso dizer at\u00e9 que os livros s\u00e3o meus melhores amigos. O Zeno Rocha \u00e9 um cara que eu admiro bastante, mesmo que a dist\u00e2ncia. Uns 15 anos atr\u00e1s assisti uma\u2026","rel":"","context":"Em &quot;Tecnologia&quot;","block_context":{"text":"Tecnologia","link":"https:\/\/www.andrefelizardo.com.br\/blog\/category\/tecnologia\/"},"img":{"alt_text":"Foto do livro 14 h\u00e1bitos de desenvolvedores altamente produtivos na tela de um Kindle","src":"https:\/\/i0.wp.com\/www.andrefelizardo.com.br\/blog\/wp-content\/uploads\/2026\/01\/livro-zeno.jpeg?resize=350%2C200&ssl=1","width":350,"height":200,"srcset":"https:\/\/i0.wp.com\/www.andrefelizardo.com.br\/blog\/wp-content\/uploads\/2026\/01\/livro-zeno.jpeg?resize=350%2C200&ssl=1 1x, https:\/\/i0.wp.com\/www.andrefelizardo.com.br\/blog\/wp-content\/uploads\/2026\/01\/livro-zeno.jpeg?resize=525%2C300&ssl=1 1.5x, https:\/\/i0.wp.com\/www.andrefelizardo.com.br\/blog\/wp-content\/uploads\/2026\/01\/livro-zeno.jpeg?resize=700%2C400&ssl=1 2x, https:\/\/i0.wp.com\/www.andrefelizardo.com.br\/blog\/wp-content\/uploads\/2026\/01\/livro-zeno.jpeg?resize=1050%2C600&ssl=1 3x, https:\/\/i0.wp.com\/www.andrefelizardo.com.br\/blog\/wp-content\/uploads\/2026\/01\/livro-zeno.jpeg?resize=1400%2C800&ssl=1 4x"},"classes":[]},{"id":668,"url":"https:\/\/www.andrefelizardo.com.br\/blog\/manipulando-elementos-de-acordo-com-a-altura-da-janela\/","url_meta":{"origin":3930,"position":5},"title":"Manipulando elementos de acordo com a altura da janela","author":"Andr\u00e9 Felizardo","date":"30 de setembro de 2016","format":false,"excerpt":"Se voc\u00ea v\u00e1rias vezes j\u00e1 se pegou\u00a0manipulando elementos com JavaScript e jQuery nem precisa ler esse post, sei l\u00e1, vai ler sobre Ionic\u00a0:) Caso voc\u00ea esteja come\u00e7ando no mundo do Front-end\u00a0talvez voc\u00ea tenha tido esta d\u00favida. Como eu fa\u00e7o pra deixar um elemento (como uma div) da altura da janela?\u2026","rel":"","context":"Em &quot;Curiosidades&quot;","block_context":{"text":"Curiosidades","link":"https:\/\/www.andrefelizardo.com.br\/blog\/category\/curiosidades\/"},"img":{"alt_text":"","src":"https:\/\/i0.wp.com\/www.andrefelizardo.com.br\/blog\/wp-content\/uploads\/2016\/09\/javascript.jpg?resize=350%2C200&ssl=1","width":350,"height":200,"srcset":"https:\/\/i0.wp.com\/www.andrefelizardo.com.br\/blog\/wp-content\/uploads\/2016\/09\/javascript.jpg?resize=350%2C200&ssl=1 1x, https:\/\/i0.wp.com\/www.andrefelizardo.com.br\/blog\/wp-content\/uploads\/2016\/09\/javascript.jpg?resize=525%2C300&ssl=1 1.5x, https:\/\/i0.wp.com\/www.andrefelizardo.com.br\/blog\/wp-content\/uploads\/2016\/09\/javascript.jpg?resize=700%2C400&ssl=1 2x"},"classes":[]}],"jetpack_sharing_enabled":true,"_links":{"self":[{"href":"https:\/\/www.andrefelizardo.com.br\/blog\/wp-json\/wp\/v2\/posts\/3930","targetHints":{"allow":["GET"]}}],"collection":[{"href":"https:\/\/www.andrefelizardo.com.br\/blog\/wp-json\/wp\/v2\/posts"}],"about":[{"href":"https:\/\/www.andrefelizardo.com.br\/blog\/wp-json\/wp\/v2\/types\/post"}],"author":[{"embeddable":true,"href":"https:\/\/www.andrefelizardo.com.br\/blog\/wp-json\/wp\/v2\/users\/1"}],"replies":[{"embeddable":true,"href":"https:\/\/www.andrefelizardo.com.br\/blog\/wp-json\/wp\/v2\/comments?post=3930"}],"version-history":[{"count":0,"href":"https:\/\/www.andrefelizardo.com.br\/blog\/wp-json\/wp\/v2\/posts\/3930\/revisions"}],"wp:featuredmedia":[{"embeddable":true,"href":"https:\/\/www.andrefelizardo.com.br\/blog\/wp-json\/wp\/v2\/media\/3938"}],"wp:attachment":[{"href":"https:\/\/www.andrefelizardo.com.br\/blog\/wp-json\/wp\/v2\/media?parent=3930"}],"wp:term":[{"taxonomy":"category","embeddable":true,"href":"https:\/\/www.andrefelizardo.com.br\/blog\/wp-json\/wp\/v2\/categories?post=3930"},{"taxonomy":"post_tag","embeddable":true,"href":"https:\/\/www.andrefelizardo.com.br\/blog\/wp-json\/wp\/v2\/tags?post=3930"}],"curies":[{"name":"wp","href":"https:\/\/api.w.org\/{rel}","templated":true}]}}