{"id":3959,"date":"2026-03-01T16:02:16","date_gmt":"2026-03-01T16:02:16","guid":{"rendered":"http:\/\/www.andrefelizardo.com.br\/blog\/?p=3959"},"modified":"2026-03-01T16:02:18","modified_gmt":"2026-03-01T16:02:18","slug":"trabalho-focado-eu-precisava-ler-isso","status":"publish","type":"post","link":"https:\/\/www.andrefelizardo.com.br\/blog\/trabalho-focado-eu-precisava-ler-isso\/","title":{"rendered":"Trabalho focado &#8211; eu precisava ler isso"},"content":{"rendered":"\n<p>Comecei o ano de 2026 decidido a ler mais, estudar mais, ser mais focado. Desde 2025 tenho sentido &#8211; e reclamado muito durante minhas sess\u00f5es de terapia &#8211; que n\u00e3o consigo mais me concentrar com a facilidade que eu me concentrava 10 anos atr\u00e1s.<\/p>\n\n\n\n<p>Ter me tornado pai 6 anos atr\u00e1s, durante a pandemia, mudou a qu\u00edmica do meu c\u00e9rebro. De l\u00e1 pra c\u00e1 percebo v\u00e1rias dificuldades que tenho e isso inclui a de concentra\u00e7\u00e3o.<\/p>\n\n\n\n<h2 class=\"wp-block-heading\">Auto-diagn\u00f3stico<\/h2>\n\n\n\n<p>Com muitas mudan\u00e7as na rotina ao mesmo tempo: 100% home office, mudan\u00e7a de cidade e dist\u00e2ncia f\u00edsica de amigos, uma crian\u00e7a cheia de energia que precisa de aten\u00e7\u00e3o para que n\u00e3o cometa crimes contra a pr\u00f3pria vida (eu te amo filho) era um pouco dif\u00edcil identificar o motivo principal dessas minhas dificuldades e ao mesmo tempo f\u00e1cil justificar usando todas elas.<br>Mas de 2 anos para c\u00e1 eu tenho travado uma guerra com meu tempo de celular.<\/p>\n\n\n\n<h2 class=\"wp-block-heading\" id=\"redes-sociais-titulo\">Redes sociais, um mal necess\u00e1rio?<\/h2>\n\n\n\n<p>Tamb\u00e9m durante a pandemia eu criei uma p\u00e1gina no Instagram onde eu ensinava sobre finan\u00e7as, economia e investimentos <a href=\"https:\/\/www.instagram.com\/granadepreto\" target=\"_blank\" rel=\"noreferrer noopener nofollow\">@granadepreto<\/a>. Por um tempo eu acreditei que era imposs\u00edvel sair do Instagram por conta desse objetivo, mesmo a p\u00e1gina estando \u00e0s tra\u00e7as nos \u00faltimos 3 anos.<\/p>\n\n\n\n<p>Sendo um programador, sempre vi usar o Twitter (me recuso a chamar de outro nome) como um benef\u00edcio, quase um requisito. J\u00e1 aconteceu &#8211; por exemplo &#8211; de durante uma entrevista eu dar uma resposta de algo que eu tinha visto no Twitter naquela mesma semana. As coisas acontecem primeiro no Twitter, e desde pequeno sempre gostei de ser bem informado. Twitter pra mim \u00e9 como juntar a fome com a vontade de comer. Mesmo com todos esses benef\u00edcios, eu comecei a ver malef\u00edcios em usar.<\/p>\n\n\n\n<h2 class=\"wp-block-heading\">A busca por solu\u00e7\u00e3o<\/h2>\n\n\n\n<p>Achei que o culpado era o Twitter. N\u00e3o que ele n\u00e3o atrapalhasse muito (n\u00e3o s\u00f3 a concentra\u00e7\u00e3o), mas n\u00e3o resolveu. Eu estou mais de 75 dias sem usar o Twitter e n\u00e3o acho que melhorou n\u00e3o. Talvez tenha melhorado, mas resolvido com certeza n\u00e3o.<\/p>\n\n\n\n<p>Eu tenho objetivo de consolidar alguns conhecimentos de arquitetura de software esse ano, al\u00e9m de entrar de cabe\u00e7a no desenvolvimento assistido com IA. Para isso preciso trabalhar focado no hor\u00e1rio de trabalho para que eu consiga estudar focado no momento de estudar e relaxar tamb\u00e9m no momento de relaxar. Parece \u00f3bvio, simples, mas \u00e9 bem dif\u00edcil de executar.<\/p>\n\n\n\n<h2 class=\"wp-block-heading\">Todos falam de Cal Newport<\/h2>\n\n\n\n<p>Com esses objetivos em mente, todo v\u00eddeo que eu buscava sobre o assunto, quase todos os textos que eu lia sobre o assunto indicavam o autor Cal Newport. Eu j\u00e1 tinha alguns livros dele adicionados \u00e0 minha estante do Skoob, mas o livro <a href=\"https:\/\/www.amazon.com.br\/Trabalho-Focado-Sucesso-Mundo-Distra%C3%ADdo\/dp\/8550802328\/ref=tmm_pap_swatch_0\" target=\"_blank\" rel=\"noreferrer noopener nofollow\">Deep Work ou Trabalho Focado<\/a> n\u00e3o estava na minha lista, talvez por ser um livro de 2016, n\u00e3o sei.<\/p>\n\n\n\n<figure class=\"wp-block-image size-large\"><a href=\"https:\/\/www.andrefelizardo.com.br\/blog\/wp-content\/uploads\/2026\/03\/image.png\"><img decoding=\"async\" width=\"473\" height=\"1024\" data-src=\"https:\/\/www.andrefelizardo.com.br\/blog\/wp-content\/uploads\/2026\/03\/image-473x1024.png\" alt=\"\" class=\"wp-image-3962 lazyload\" data-srcset=\"https:\/\/www.andrefelizardo.com.br\/blog\/wp-content\/uploads\/2026\/03\/image-473x1024.png 473w, https:\/\/www.andrefelizardo.com.br\/blog\/wp-content\/uploads\/2026\/03\/image-139x300.png 139w, https:\/\/www.andrefelizardo.com.br\/blog\/wp-content\/uploads\/2026\/03\/image-768x1662.png 768w, https:\/\/www.andrefelizardo.com.br\/blog\/wp-content\/uploads\/2026\/03\/image-710x1536.png 710w, https:\/\/www.andrefelizardo.com.br\/blog\/wp-content\/uploads\/2026\/03\/image-946x2048.png 946w, https:\/\/www.andrefelizardo.com.br\/blog\/wp-content\/uploads\/2026\/03\/image.png 1170w\" data-sizes=\"(max-width: 473px) 100vw, 473px\" src=\"data:image\/svg+xml;base64,PHN2ZyB3aWR0aD0iMSIgaGVpZ2h0PSIxIiB4bWxucz0iaHR0cDovL3d3dy53My5vcmcvMjAwMC9zdmciPjwvc3ZnPg==\" style=\"--smush-placeholder-width: 473px; --smush-placeholder-aspect-ratio: 473\/1024;\" \/><\/a><\/figure>\n\n\n\n<p>Decidi ler o livro, acabei lendo bem r\u00e1pido para minha velocidade atual &#8211; menos de uma semana &#8211; e eu realmente precisava ter lido isso agora.<\/p>\n\n\n\n<h2 class=\"wp-block-heading\">Trabalho focado &#8211; Deep Work<\/h2>\n\n\n\n<p>O livro \u00e9 dividido em 2 partes, onde a primeira parte o autor tenta te convencer da necessidade de voc\u00ea aprender a trabalhar de maneira focada, dando v\u00e1rios exemplos biogr\u00e1ficos, estudos cient\u00edficos e exemplos pessoais.<\/p>\n\n\n\n<p>A segunda parte o autor explica as 4 regras que ele considera necess\u00e1rias e obrigat\u00f3rias para conseguir ter habilidade mental para conseguir trabalhar de maneira focada.<\/p>\n\n\n\n<p>Dentre as regras, a regra sobre sair das redes sociais fez total sentido para minha vida. Eu realmente acho que por mais que eu j\u00e1 tivesse sa\u00eddo do Twitter, o Instagram ainda me consome tempo consider\u00e1vel. E os argumentos do autor sobre porque as pessoas decidem manter as redes sociais e porque voc\u00ea deveria sair encaixam muito no que eu penso e vivo. E a\u00ed decidi pelo menos fazer o teste de desinstalar o Instagram por 30 dias (e no processo convenci minha esposa a fazer esse teste tamb\u00e9m).<\/p>\n\n\n\n<h2 class=\"wp-block-heading\">Conclus\u00e3o<\/h2>\n\n\n\n<p>Na conclus\u00e3o do livro o autor deu muitos exemplos pessoais, alguns que eu discordei muito, sendo sincero. Se a conclus\u00e3o dele fosse o in\u00edcio do livro, talvez eu teria desanimado bastante da leitura. Sorte a minha que n\u00e3o \ud83e\udd23<\/p>\n\n\n\n<p>A minha conclus\u00e3o \u00e9: voc\u00ea tem que ler. Especialmente se voc\u00ea tem minimamente se incomodado de n\u00e3o ter controle sobre sua aten\u00e7\u00e3o como eu tinha algum tempo atr\u00e1s.<\/p>\n\n\n\n<p><\/p>\n","protected":false},"excerpt":{"rendered":"<p>Comecei o ano de 2026 decidido a ler mais, estudar mais, ser mais focado. Desde 2025 tenho sentido &#8211; e reclamado muito durante minhas sess\u00f5es de terapia &#8211; que n\u00e3o consigo mais me concentrar com a facilidade que eu me concentrava 10 anos atr\u00e1s. Ter me tornado pai 6 anos atr\u00e1s, durante a pandemia, mudou [&hellip;]<\/p>\n","protected":false},"author":1,"featured_media":3961,"comment_status":"closed","ping_status":"open","sticky":false,"template":"","format":"standard","meta":{"_jetpack_newsletter_access":"","_jetpack_dont_email_post_to_subs":false,"_jetpack_newsletter_tier_id":0,"_jetpack_memberships_contains_paywalled_content":false,"_jetpack_memberships_contains_paid_content":false,"footnotes":""},"categories":[5],"tags":[147,146],"class_list":["post-3959","post","type-post","status-publish","format-standard","has-post-thumbnail","hentry","category-tecnologia","tag-livro","tag-livros"],"yoast_head":"<!-- This site is optimized with the Yoast SEO plugin v27.5 - https:\/\/yoast.com\/product\/yoast-seo-wordpress\/ -->\n<title>Trabalho focado - eu precisava ler isso - Blog do Andr\u00e9 Felizardo<\/title>\n<meta name=\"robots\" content=\"index, follow, max-snippet:-1, max-image-preview:large, max-video-preview:-1\" \/>\n<link rel=\"canonical\" href=\"http:\/\/www.andrefelizardo.com.br\/blog\/trabalho-focado-eu-precisava-ler-isso\/\" \/>\n<meta property=\"og:locale\" content=\"pt_BR\" \/>\n<meta property=\"og:type\" content=\"article\" \/>\n<meta property=\"og:title\" content=\"Trabalho focado - eu precisava ler isso - Blog do Andr\u00e9 Felizardo\" \/>\n<meta property=\"og:description\" content=\"Comecei o ano de 2026 decidido a ler mais, estudar mais, ser mais focado. Desde 2025 tenho sentido &#8211; e reclamado muito durante minhas sess\u00f5es de terapia &#8211; que n\u00e3o consigo mais me concentrar com a facilidade que eu me concentrava 10 anos atr\u00e1s. Ter me tornado pai 6 anos atr\u00e1s, durante a pandemia, mudou [&hellip;]\" \/>\n<meta property=\"og:url\" content=\"http:\/\/www.andrefelizardo.com.br\/blog\/trabalho-focado-eu-precisava-ler-isso\/\" \/>\n<meta property=\"og:site_name\" content=\"Blog do Andr\u00e9 Felizardo\" \/>\n<meta property=\"article:published_time\" content=\"2026-03-01T16:02:16+00:00\" \/>\n<meta property=\"article:modified_time\" content=\"2026-03-01T16:02:18+00:00\" \/>\n<meta property=\"og:image\" content=\"http:\/\/www.andrefelizardo.com.br\/blog\/wp-content\/uploads\/2026\/03\/9BA73973-30EA-40E8-81CB-1F3E6B647498-scaled.jpeg\" \/>\n\t<meta property=\"og:image:width\" content=\"1440\" \/>\n\t<meta property=\"og:image:height\" content=\"2560\" \/>\n\t<meta property=\"og:image:type\" content=\"image\/jpeg\" \/>\n<meta name=\"author\" content=\"Andr\u00e9 Felizardo\" \/>\n<meta name=\"twitter:card\" content=\"summary_large_image\" \/>\n<meta name=\"twitter:label1\" content=\"Escrito por\" \/>\n\t<meta name=\"twitter:data1\" content=\"Andr\u00e9 Felizardo\" \/>\n\t<meta name=\"twitter:label2\" content=\"Est. tempo de leitura\" \/>\n\t<meta name=\"twitter:data2\" content=\"5 minutos\" \/>\n<script type=\"application\/ld+json\" class=\"yoast-schema-graph\">{\"@context\":\"https:\\\/\\\/schema.org\",\"@graph\":[{\"@type\":\"Article\",\"@id\":\"http:\\\/\\\/www.andrefelizardo.com.br\\\/blog\\\/trabalho-focado-eu-precisava-ler-isso\\\/#article\",\"isPartOf\":{\"@id\":\"http:\\\/\\\/www.andrefelizardo.com.br\\\/blog\\\/trabalho-focado-eu-precisava-ler-isso\\\/\"},\"author\":{\"name\":\"Andr\u00e9 Felizardo\",\"@id\":\"http:\\\/\\\/www.andrefelizardo.com.br\\\/blog\\\/#\\\/schema\\\/person\\\/7ffba68b251851fb519600e2e387a02b\"},\"headline\":\"Trabalho focado &#8211; eu precisava ler isso\",\"datePublished\":\"2026-03-01T16:02:16+00:00\",\"dateModified\":\"2026-03-01T16:02:18+00:00\",\"mainEntityOfPage\":{\"@id\":\"http:\\\/\\\/www.andrefelizardo.com.br\\\/blog\\\/trabalho-focado-eu-precisava-ler-isso\\\/\"},\"wordCount\":763,\"image\":{\"@id\":\"http:\\\/\\\/www.andrefelizardo.com.br\\\/blog\\\/trabalho-focado-eu-precisava-ler-isso\\\/#primaryimage\"},\"thumbnailUrl\":\"https:\\\/\\\/www.andrefelizardo.com.br\\\/blog\\\/wp-content\\\/uploads\\\/2026\\\/03\\\/9BA73973-30EA-40E8-81CB-1F3E6B647498-scaled.jpeg\",\"keywords\":[\"livro\",\"livros\"],\"articleSection\":[\"Tecnologia\"],\"inLanguage\":\"pt-BR\"},{\"@type\":\"WebPage\",\"@id\":\"http:\\\/\\\/www.andrefelizardo.com.br\\\/blog\\\/trabalho-focado-eu-precisava-ler-isso\\\/\",\"url\":\"http:\\\/\\\/www.andrefelizardo.com.br\\\/blog\\\/trabalho-focado-eu-precisava-ler-isso\\\/\",\"name\":\"Trabalho focado - eu precisava ler isso - Blog do Andr\u00e9 Felizardo\",\"isPartOf\":{\"@id\":\"http:\\\/\\\/www.andrefelizardo.com.br\\\/blog\\\/#website\"},\"primaryImageOfPage\":{\"@id\":\"http:\\\/\\\/www.andrefelizardo.com.br\\\/blog\\\/trabalho-focado-eu-precisava-ler-isso\\\/#primaryimage\"},\"image\":{\"@id\":\"http:\\\/\\\/www.andrefelizardo.com.br\\\/blog\\\/trabalho-focado-eu-precisava-ler-isso\\\/#primaryimage\"},\"thumbnailUrl\":\"https:\\\/\\\/www.andrefelizardo.com.br\\\/blog\\\/wp-content\\\/uploads\\\/2026\\\/03\\\/9BA73973-30EA-40E8-81CB-1F3E6B647498-scaled.jpeg\",\"datePublished\":\"2026-03-01T16:02:16+00:00\",\"dateModified\":\"2026-03-01T16:02:18+00:00\",\"author\":{\"@id\":\"http:\\\/\\\/www.andrefelizardo.com.br\\\/blog\\\/#\\\/schema\\\/person\\\/7ffba68b251851fb519600e2e387a02b\"},\"breadcrumb\":{\"@id\":\"http:\\\/\\\/www.andrefelizardo.com.br\\\/blog\\\/trabalho-focado-eu-precisava-ler-isso\\\/#breadcrumb\"},\"inLanguage\":\"pt-BR\",\"potentialAction\":[{\"@type\":\"ReadAction\",\"target\":[\"http:\\\/\\\/www.andrefelizardo.com.br\\\/blog\\\/trabalho-focado-eu-precisava-ler-isso\\\/\"]}]},{\"@type\":\"ImageObject\",\"inLanguage\":\"pt-BR\",\"@id\":\"http:\\\/\\\/www.andrefelizardo.com.br\\\/blog\\\/trabalho-focado-eu-precisava-ler-isso\\\/#primaryimage\",\"url\":\"https:\\\/\\\/www.andrefelizardo.com.br\\\/blog\\\/wp-content\\\/uploads\\\/2026\\\/03\\\/9BA73973-30EA-40E8-81CB-1F3E6B647498-scaled.jpeg\",\"contentUrl\":\"https:\\\/\\\/www.andrefelizardo.com.br\\\/blog\\\/wp-content\\\/uploads\\\/2026\\\/03\\\/9BA73973-30EA-40E8-81CB-1F3E6B647498-scaled.jpeg\",\"width\":1440,\"height\":2560,\"caption\":\"Capa do livro Trabalho Focado do Cal Newport no Kindle\"},{\"@type\":\"BreadcrumbList\",\"@id\":\"http:\\\/\\\/www.andrefelizardo.com.br\\\/blog\\\/trabalho-focado-eu-precisava-ler-isso\\\/#breadcrumb\",\"itemListElement\":[{\"@type\":\"ListItem\",\"position\":1,\"name\":\"In\u00edcio\",\"item\":\"http:\\\/\\\/www.andrefelizardo.com.br\\\/blog\\\/\"},{\"@type\":\"ListItem\",\"position\":2,\"name\":\"Trabalho focado &#8211; eu precisava ler isso\"}]},{\"@type\":\"WebSite\",\"@id\":\"http:\\\/\\\/www.andrefelizardo.com.br\\\/blog\\\/#website\",\"url\":\"http:\\\/\\\/www.andrefelizardo.com.br\\\/blog\\\/\",\"name\":\"Blog do Andr\u00e9 Felizardo\",\"description\":\"Programa\u00e7\u00e3o de dev para dev\",\"potentialAction\":[{\"@type\":\"SearchAction\",\"target\":{\"@type\":\"EntryPoint\",\"urlTemplate\":\"http:\\\/\\\/www.andrefelizardo.com.br\\\/blog\\\/?s={search_term_string}\"},\"query-input\":{\"@type\":\"PropertyValueSpecification\",\"valueRequired\":true,\"valueName\":\"search_term_string\"}}],\"inLanguage\":\"pt-BR\"},{\"@type\":\"Person\",\"@id\":\"http:\\\/\\\/www.andrefelizardo.com.br\\\/blog\\\/#\\\/schema\\\/person\\\/7ffba68b251851fb519600e2e387a02b\",\"name\":\"Andr\u00e9 Felizardo\",\"image\":{\"@type\":\"ImageObject\",\"inLanguage\":\"pt-BR\",\"@id\":\"https:\\\/\\\/www.andrefelizardo.com.br\\\/blog\\\/wp-content\\\/wphb-cache\\\/gravatar\\\/9f9\\\/9f92d8b773ef5acf9b462d6dab41d783x96.jpg\",\"url\":\"https:\\\/\\\/www.andrefelizardo.com.br\\\/blog\\\/wp-content\\\/wphb-cache\\\/gravatar\\\/9f9\\\/9f92d8b773ef5acf9b462d6dab41d783x96.jpg\",\"contentUrl\":\"https:\\\/\\\/www.andrefelizardo.com.br\\\/blog\\\/wp-content\\\/wphb-cache\\\/gravatar\\\/9f9\\\/9f92d8b773ef5acf9b462d6dab41d783x96.jpg\",\"caption\":\"Andr\u00e9 Felizardo\"},\"sameAs\":[\"http:\\\/\\\/www.andrefelizardo.com.br\"],\"url\":\"https:\\\/\\\/www.andrefelizardo.com.br\\\/blog\\\/author\\\/andrefelizardo\\\/\"}]}<\/script>\n<!-- \/ Yoast SEO plugin. -->","yoast_head_json":{"title":"Trabalho focado - eu precisava ler isso - Blog do Andr\u00e9 Felizardo","robots":{"index":"index","follow":"follow","max-snippet":"max-snippet:-1","max-image-preview":"max-image-preview:large","max-video-preview":"max-video-preview:-1"},"canonical":"http:\/\/www.andrefelizardo.com.br\/blog\/trabalho-focado-eu-precisava-ler-isso\/","og_locale":"pt_BR","og_type":"article","og_title":"Trabalho focado - eu precisava ler isso - Blog do Andr\u00e9 Felizardo","og_description":"Comecei o ano de 2026 decidido a ler mais, estudar mais, ser mais focado. Desde 2025 tenho sentido &#8211; e reclamado muito durante minhas sess\u00f5es de terapia &#8211; que n\u00e3o consigo mais me concentrar com a facilidade que eu me concentrava 10 anos atr\u00e1s. Ter me tornado pai 6 anos atr\u00e1s, durante a pandemia, mudou [&hellip;]","og_url":"http:\/\/www.andrefelizardo.com.br\/blog\/trabalho-focado-eu-precisava-ler-isso\/","og_site_name":"Blog do Andr\u00e9 Felizardo","article_published_time":"2026-03-01T16:02:16+00:00","article_modified_time":"2026-03-01T16:02:18+00:00","og_image":[{"width":1440,"height":2560,"url":"http:\/\/www.andrefelizardo.com.br\/blog\/wp-content\/uploads\/2026\/03\/9BA73973-30EA-40E8-81CB-1F3E6B647498-scaled.jpeg","type":"image\/jpeg"}],"author":"Andr\u00e9 Felizardo","twitter_card":"summary_large_image","twitter_misc":{"Escrito por":"Andr\u00e9 Felizardo","Est. tempo de leitura":"5 minutos"},"schema":{"@context":"https:\/\/schema.org","@graph":[{"@type":"Article","@id":"http:\/\/www.andrefelizardo.com.br\/blog\/trabalho-focado-eu-precisava-ler-isso\/#article","isPartOf":{"@id":"http:\/\/www.andrefelizardo.com.br\/blog\/trabalho-focado-eu-precisava-ler-isso\/"},"author":{"name":"Andr\u00e9 Felizardo","@id":"http:\/\/www.andrefelizardo.com.br\/blog\/#\/schema\/person\/7ffba68b251851fb519600e2e387a02b"},"headline":"Trabalho focado &#8211; eu precisava ler isso","datePublished":"2026-03-01T16:02:16+00:00","dateModified":"2026-03-01T16:02:18+00:00","mainEntityOfPage":{"@id":"http:\/\/www.andrefelizardo.com.br\/blog\/trabalho-focado-eu-precisava-ler-isso\/"},"wordCount":763,"image":{"@id":"http:\/\/www.andrefelizardo.com.br\/blog\/trabalho-focado-eu-precisava-ler-isso\/#primaryimage"},"thumbnailUrl":"https:\/\/www.andrefelizardo.com.br\/blog\/wp-content\/uploads\/2026\/03\/9BA73973-30EA-40E8-81CB-1F3E6B647498-scaled.jpeg","keywords":["livro","livros"],"articleSection":["Tecnologia"],"inLanguage":"pt-BR"},{"@type":"WebPage","@id":"http:\/\/www.andrefelizardo.com.br\/blog\/trabalho-focado-eu-precisava-ler-isso\/","url":"http:\/\/www.andrefelizardo.com.br\/blog\/trabalho-focado-eu-precisava-ler-isso\/","name":"Trabalho focado - eu precisava ler isso - Blog do Andr\u00e9 Felizardo","isPartOf":{"@id":"http:\/\/www.andrefelizardo.com.br\/blog\/#website"},"primaryImageOfPage":{"@id":"http:\/\/www.andrefelizardo.com.br\/blog\/trabalho-focado-eu-precisava-ler-isso\/#primaryimage"},"image":{"@id":"http:\/\/www.andrefelizardo.com.br\/blog\/trabalho-focado-eu-precisava-ler-isso\/#primaryimage"},"thumbnailUrl":"https:\/\/www.andrefelizardo.com.br\/blog\/wp-content\/uploads\/2026\/03\/9BA73973-30EA-40E8-81CB-1F3E6B647498-scaled.jpeg","datePublished":"2026-03-01T16:02:16+00:00","dateModified":"2026-03-01T16:02:18+00:00","author":{"@id":"http:\/\/www.andrefelizardo.com.br\/blog\/#\/schema\/person\/7ffba68b251851fb519600e2e387a02b"},"breadcrumb":{"@id":"http:\/\/www.andrefelizardo.com.br\/blog\/trabalho-focado-eu-precisava-ler-isso\/#breadcrumb"},"inLanguage":"pt-BR","potentialAction":[{"@type":"ReadAction","target":["http:\/\/www.andrefelizardo.com.br\/blog\/trabalho-focado-eu-precisava-ler-isso\/"]}]},{"@type":"ImageObject","inLanguage":"pt-BR","@id":"http:\/\/www.andrefelizardo.com.br\/blog\/trabalho-focado-eu-precisava-ler-isso\/#primaryimage","url":"https:\/\/www.andrefelizardo.com.br\/blog\/wp-content\/uploads\/2026\/03\/9BA73973-30EA-40E8-81CB-1F3E6B647498-scaled.jpeg","contentUrl":"https:\/\/www.andrefelizardo.com.br\/blog\/wp-content\/uploads\/2026\/03\/9BA73973-30EA-40E8-81CB-1F3E6B647498-scaled.jpeg","width":1440,"height":2560,"caption":"Capa do livro Trabalho Focado do Cal Newport no Kindle"},{"@type":"BreadcrumbList","@id":"http:\/\/www.andrefelizardo.com.br\/blog\/trabalho-focado-eu-precisava-ler-isso\/#breadcrumb","itemListElement":[{"@type":"ListItem","position":1,"name":"In\u00edcio","item":"http:\/\/www.andrefelizardo.com.br\/blog\/"},{"@type":"ListItem","position":2,"name":"Trabalho focado &#8211; eu precisava ler isso"}]},{"@type":"WebSite","@id":"http:\/\/www.andrefelizardo.com.br\/blog\/#website","url":"http:\/\/www.andrefelizardo.com.br\/blog\/","name":"Blog do Andr\u00e9 Felizardo","description":"Programa\u00e7\u00e3o de dev para dev","potentialAction":[{"@type":"SearchAction","target":{"@type":"EntryPoint","urlTemplate":"http:\/\/www.andrefelizardo.com.br\/blog\/?s={search_term_string}"},"query-input":{"@type":"PropertyValueSpecification","valueRequired":true,"valueName":"search_term_string"}}],"inLanguage":"pt-BR"},{"@type":"Person","@id":"http:\/\/www.andrefelizardo.com.br\/blog\/#\/schema\/person\/7ffba68b251851fb519600e2e387a02b","name":"Andr\u00e9 Felizardo","image":{"@type":"ImageObject","inLanguage":"pt-BR","@id":"https:\/\/www.andrefelizardo.com.br\/blog\/wp-content\/wphb-cache\/gravatar\/9f9\/9f92d8b773ef5acf9b462d6dab41d783x96.jpg","url":"https:\/\/www.andrefelizardo.com.br\/blog\/wp-content\/wphb-cache\/gravatar\/9f9\/9f92d8b773ef5acf9b462d6dab41d783x96.jpg","contentUrl":"https:\/\/www.andrefelizardo.com.br\/blog\/wp-content\/wphb-cache\/gravatar\/9f9\/9f92d8b773ef5acf9b462d6dab41d783x96.jpg","caption":"Andr\u00e9 Felizardo"},"sameAs":["http:\/\/www.andrefelizardo.com.br"],"url":"https:\/\/www.andrefelizardo.com.br\/blog\/author\/andrefelizardo\/"}]}},"jetpack_featured_media_url":"https:\/\/www.andrefelizardo.com.br\/blog\/wp-content\/uploads\/2026\/03\/9BA73973-30EA-40E8-81CB-1F3E6B647498-scaled.jpeg","jetpack_shortlink":"https:\/\/wp.me\/p6EP66-11R","jetpack-related-posts":[{"id":3930,"url":"https:\/\/www.andrefelizardo.com.br\/blog\/uma-terra-prometida-biografia-ou-soft-power\/","url_meta":{"origin":3959,"position":0},"title":"Uma Terra Prometida &#8211; Biografia ou Soft Power?","author":"Andr\u00e9 Felizardo","date":"10 de fevereiro de 2026","format":false,"excerpt":"Ganhei esse livro alguns natais atr\u00e1s, comecei a ler 2 ou 3 vezes e parei. At\u00e9 que comecei ele um m\u00eas atr\u00e1s e li quase todos os dias algumas p\u00e1ginas dele. Antes de ler essa quase autobiografia do Obama, eu li a da Michele Obama e talvez por isso criei\u2026","rel":"","context":"Em &quot;Tecnologia&quot;","block_context":{"text":"Tecnologia","link":"https:\/\/www.andrefelizardo.com.br\/blog\/category\/tecnologia\/"},"img":{"alt_text":"Capa livro Uma Terra Prometida do Barack Obama","src":"https:\/\/i0.wp.com\/www.andrefelizardo.com.br\/blog\/wp-content\/uploads\/2026\/02\/IMG_4770-scaled.jpg?resize=350%2C200&ssl=1","width":350,"height":200,"srcset":"https:\/\/i0.wp.com\/www.andrefelizardo.com.br\/blog\/wp-content\/uploads\/2026\/02\/IMG_4770-scaled.jpg?resize=350%2C200&ssl=1 1x, https:\/\/i0.wp.com\/www.andrefelizardo.com.br\/blog\/wp-content\/uploads\/2026\/02\/IMG_4770-scaled.jpg?resize=525%2C300&ssl=1 1.5x, https:\/\/i0.wp.com\/www.andrefelizardo.com.br\/blog\/wp-content\/uploads\/2026\/02\/IMG_4770-scaled.jpg?resize=700%2C400&ssl=1 2x, https:\/\/i0.wp.com\/www.andrefelizardo.com.br\/blog\/wp-content\/uploads\/2026\/02\/IMG_4770-scaled.jpg?resize=1050%2C600&ssl=1 3x, https:\/\/i0.wp.com\/www.andrefelizardo.com.br\/blog\/wp-content\/uploads\/2026\/02\/IMG_4770-scaled.jpg?resize=1400%2C800&ssl=1 4x"},"classes":[]},{"id":3874,"url":"https:\/\/www.andrefelizardo.com.br\/blog\/eu-li-o-livro-um-defeito-de-cor\/","url_meta":{"origin":3959,"position":1},"title":"Eu li o livro Um Defeito de Cor","author":"Andr\u00e9 Felizardo","date":"5 de fevereiro de 2026","format":false,"excerpt":"E \u00e9 provavelmente o melhor romance que eu j\u00e1 li. Inclusive eu s\u00f3 descobri - historicamente - o que significa um defeito de cor ap\u00f3s ler o livro. Por que romance? Me lembro de durante a pandemia, em algum momento o Emicida citar ou recomendar esse livro (provavelmente em algum\u2026","rel":"","context":"Em &quot;Tecnologia&quot;","block_context":{"text":"Tecnologia","link":"https:\/\/www.andrefelizardo.com.br\/blog\/category\/tecnologia\/"},"img":{"alt_text":"","src":"https:\/\/i0.wp.com\/www.andrefelizardo.com.br\/blog\/wp-content\/uploads\/2026\/02\/image.png?resize=350%2C200&ssl=1","width":350,"height":200,"srcset":"https:\/\/i0.wp.com\/www.andrefelizardo.com.br\/blog\/wp-content\/uploads\/2026\/02\/image.png?resize=350%2C200&ssl=1 1x, https:\/\/i0.wp.com\/www.andrefelizardo.com.br\/blog\/wp-content\/uploads\/2026\/02\/image.png?resize=525%2C300&ssl=1 1.5x, https:\/\/i0.wp.com\/www.andrefelizardo.com.br\/blog\/wp-content\/uploads\/2026\/02\/image.png?resize=700%2C400&ssl=1 2x"},"classes":[]},{"id":732,"url":"https:\/\/www.andrefelizardo.com.br\/blog\/primeiro-ano-serio-do-blog-balanco-2016\/","url_meta":{"origin":3959,"position":2},"title":"Primeiro ano (s\u00e9rio) do blog &#8211; Balan\u00e7o 2016","author":"Andr\u00e9 Felizardo","date":"13 de dezembro de 2016","format":false,"excerpt":"Estamos na \u00e9poca de Retrospectivas n\u00e9, ent\u00e3o vou come\u00e7ar a minha. Esse ano foi o segundo ano do blog, mas na verdade foi o primeiro ano que eu levei o blog a s\u00e9rio, e os n\u00fameros foram impressionantes! Divulga\u00e7\u00e3o Bom, eu n\u00e3o utilizei nenhum m\u00e9todo pago este ano para conseguir\u2026","rel":"","context":"Em &quot;Curiosidades&quot;","block_context":{"text":"Curiosidades","link":"https:\/\/www.andrefelizardo.com.br\/blog\/category\/curiosidades\/"},"img":{"alt_text":"Splash Screen Ionic","src":"https:\/\/i0.wp.com\/www.andrefelizardo.com.br\/blog\/wp-content\/uploads\/2016\/07\/splash-andre-felizardo.png?resize=350%2C200&ssl=1","width":350,"height":200,"srcset":"https:\/\/i0.wp.com\/www.andrefelizardo.com.br\/blog\/wp-content\/uploads\/2016\/07\/splash-andre-felizardo.png?resize=350%2C200&ssl=1 1x, https:\/\/i0.wp.com\/www.andrefelizardo.com.br\/blog\/wp-content\/uploads\/2016\/07\/splash-andre-felizardo.png?resize=525%2C300&ssl=1 1.5x, https:\/\/i0.wp.com\/www.andrefelizardo.com.br\/blog\/wp-content\/uploads\/2016\/07\/splash-andre-felizardo.png?resize=700%2C400&ssl=1 2x, https:\/\/i0.wp.com\/www.andrefelizardo.com.br\/blog\/wp-content\/uploads\/2016\/07\/splash-andre-felizardo.png?resize=1050%2C600&ssl=1 3x, https:\/\/i0.wp.com\/www.andrefelizardo.com.br\/blog\/wp-content\/uploads\/2016\/07\/splash-andre-felizardo.png?resize=1400%2C800&ssl=1 4x"},"classes":[]},{"id":821,"url":"https:\/\/www.andrefelizardo.com.br\/blog\/projetos-paralelos\/","url_meta":{"origin":3959,"position":3},"title":"Projetos paralelos","author":"Andr\u00e9 Felizardo","date":"5 de maio de 2017","format":false,"excerpt":"Esse texto \u00e9 sobre sair da zona de conforto. O meu Blog \u00e9 a minha vis\u00e3o sobre Marketing Digital, Empreendedorismo e Tecnologia.\u00a0(t\u00e1 no t\u00edtulo!) Desde que eu comecei a trabalhar (l\u00e1 em 2007), eu trabalho com tecnologia. Meu primeiro emprego foi num curso de inform\u00e1tica e passei por praticamente todas\u2026","rel":"","context":"Em &quot;Dicas&quot;","block_context":{"text":"Dicas","link":"https:\/\/www.andrefelizardo.com.br\/blog\/category\/dicas\/"},"img":{"alt_text":"","src":"https:\/\/i0.wp.com\/www.andrefelizardo.com.br\/blog\/wp-content\/uploads\/2017\/05\/F672CBDC0F1.jpg?resize=350%2C200&ssl=1","width":350,"height":200,"srcset":"https:\/\/i0.wp.com\/www.andrefelizardo.com.br\/blog\/wp-content\/uploads\/2017\/05\/F672CBDC0F1.jpg?resize=350%2C200&ssl=1 1x, https:\/\/i0.wp.com\/www.andrefelizardo.com.br\/blog\/wp-content\/uploads\/2017\/05\/F672CBDC0F1.jpg?resize=525%2C300&ssl=1 1.5x, https:\/\/i0.wp.com\/www.andrefelizardo.com.br\/blog\/wp-content\/uploads\/2017\/05\/F672CBDC0F1.jpg?resize=700%2C400&ssl=1 2x"},"classes":[]},{"id":926,"url":"https:\/\/www.andrefelizardo.com.br\/blog\/o-que-e-ember-js\/","url_meta":{"origin":3959,"position":4},"title":"O que \u00e9 Ember.js","author":"Andr\u00e9 Felizardo","date":"30 de setembro de 2017","format":false,"excerpt":"Ember.js \u00e9 um framework Javascript (sim, mais um) para construir aplica\u00e7\u00f5es web ambiciosas. O objetivo dele \u00e9 aumentar a produtividade de desenvolvimento de aplica\u00e7\u00f5es web, mas focado no paradigma de que \u00e9 melhor gastar um pouco mais de tempo no desenvolvimento por\u00e9m facilitar a manuten\u00e7\u00e3o. Antes de detalhar mais o\u2026","rel":"","context":"Em &quot;Dev&quot;","block_context":{"text":"Dev","link":"https:\/\/www.andrefelizardo.com.br\/blog\/category\/dev\/"},"img":{"alt_text":"Logo Ember.js","src":"https:\/\/i0.wp.com\/www.andrefelizardo.com.br\/blog\/wp-content\/uploads\/2017\/09\/ember.js.png?resize=350%2C200&ssl=1","width":350,"height":200,"srcset":"https:\/\/i0.wp.com\/www.andrefelizardo.com.br\/blog\/wp-content\/uploads\/2017\/09\/ember.js.png?resize=350%2C200&ssl=1 1x, https:\/\/i0.wp.com\/www.andrefelizardo.com.br\/blog\/wp-content\/uploads\/2017\/09\/ember.js.png?resize=525%2C300&ssl=1 1.5x, https:\/\/i0.wp.com\/www.andrefelizardo.com.br\/blog\/wp-content\/uploads\/2017\/09\/ember.js.png?resize=700%2C400&ssl=1 2x"},"classes":[]},{"id":3893,"url":"https:\/\/www.andrefelizardo.com.br\/blog\/curadoria-de-janeiro-26\/","url_meta":{"origin":3959,"position":5},"title":"Curadoria de Janeiro 26","author":"Andr\u00e9 Felizardo","date":"6 de fevereiro de 2026","format":false,"excerpt":"Toda vez que come\u00e7a um novo ano eu fico pensativo sobre o qu\u00e3o genial \u00e9 essa ideia de dividir o tempo. \u00c9 s\u00f3 um monte de dia atr\u00e1s do outro, mas esse ciclo de 12 meses acaba sempre motivando uns (e deprimindo alguns outros) na virada. Eu sou dos que\u2026","rel":"","context":"Em &quot;Tecnologia&quot;","block_context":{"text":"Tecnologia","link":"https:\/\/www.andrefelizardo.com.br\/blog\/category\/tecnologia\/"},"img":{"alt_text":"","src":"https:\/\/i0.wp.com\/www.andrefelizardo.com.br\/blog\/wp-content\/uploads\/2026\/02\/Curadoria-Janeiro-26.png?resize=350%2C200&ssl=1","width":350,"height":200,"srcset":"https:\/\/i0.wp.com\/www.andrefelizardo.com.br\/blog\/wp-content\/uploads\/2026\/02\/Curadoria-Janeiro-26.png?resize=350%2C200&ssl=1 1x, https:\/\/i0.wp.com\/www.andrefelizardo.com.br\/blog\/wp-content\/uploads\/2026\/02\/Curadoria-Janeiro-26.png?resize=525%2C300&ssl=1 1.5x, https:\/\/i0.wp.com\/www.andrefelizardo.com.br\/blog\/wp-content\/uploads\/2026\/02\/Curadoria-Janeiro-26.png?resize=700%2C400&ssl=1 2x, https:\/\/i0.wp.com\/www.andrefelizardo.com.br\/blog\/wp-content\/uploads\/2026\/02\/Curadoria-Janeiro-26.png?resize=1050%2C600&ssl=1 3x, https:\/\/i0.wp.com\/www.andrefelizardo.com.br\/blog\/wp-content\/uploads\/2026\/02\/Curadoria-Janeiro-26.png?resize=1400%2C800&ssl=1 4x"},"classes":[]}],"jetpack_sharing_enabled":true,"_links":{"self":[{"href":"https:\/\/www.andrefelizardo.com.br\/blog\/wp-json\/wp\/v2\/posts\/3959","targetHints":{"allow":["GET"]}}],"collection":[{"href":"https:\/\/www.andrefelizardo.com.br\/blog\/wp-json\/wp\/v2\/posts"}],"about":[{"href":"https:\/\/www.andrefelizardo.com.br\/blog\/wp-json\/wp\/v2\/types\/post"}],"author":[{"embeddable":true,"href":"https:\/\/www.andrefelizardo.com.br\/blog\/wp-json\/wp\/v2\/users\/1"}],"replies":[{"embeddable":true,"href":"https:\/\/www.andrefelizardo.com.br\/blog\/wp-json\/wp\/v2\/comments?post=3959"}],"version-history":[{"count":0,"href":"https:\/\/www.andrefelizardo.com.br\/blog\/wp-json\/wp\/v2\/posts\/3959\/revisions"}],"wp:featuredmedia":[{"embeddable":true,"href":"https:\/\/www.andrefelizardo.com.br\/blog\/wp-json\/wp\/v2\/media\/3961"}],"wp:attachment":[{"href":"https:\/\/www.andrefelizardo.com.br\/blog\/wp-json\/wp\/v2\/media?parent=3959"}],"wp:term":[{"taxonomy":"category","embeddable":true,"href":"https:\/\/www.andrefelizardo.com.br\/blog\/wp-json\/wp\/v2\/categories?post=3959"},{"taxonomy":"post_tag","embeddable":true,"href":"https:\/\/www.andrefelizardo.com.br\/blog\/wp-json\/wp\/v2\/tags?post=3959"}],"curies":[{"name":"wp","href":"https:\/\/api.w.org\/{rel}","templated":true}]}}