{"id":4005,"date":"2026-03-05T19:57:14","date_gmt":"2026-03-05T19:57:14","guid":{"rendered":"https:\/\/www.andrefelizardo.com.br\/blog\/?p=4005"},"modified":"2026-03-05T19:57:16","modified_gmt":"2026-03-05T19:57:16","slug":"curadoria-de-fevereiro-2026","status":"publish","type":"post","link":"https:\/\/www.andrefelizardo.com.br\/blog\/curadoria-de-fevereiro-2026\/","title":{"rendered":"Curadoria de Fevereiro &#8211; 2026"},"content":{"rendered":"\n<p>Foi m\u00eas de carnaval, e fazendo essa curadoria eu sempre fico pensativo em quanta coisa se passa em 30 dias (nesse caso 28). Eu li bastante esse m\u00eas mas assisti umas coisas legais no Youtube.<\/p>\n\n\n\n<p>Abaixo como de costume minha curadoria dividida em N\u00e3o-Programa\u00e7\u00e3o e Programa\u00e7\u00e3o.<\/p>\n\n\n\n<h2 class=\"wp-block-heading\">N\u00e3o-Programa\u00e7\u00e3o<\/h2>\n\n\n\n<h3 class=\"wp-block-heading\">V\u00eddeo &#8211; Abrace sua mediocridade<\/h3>\n\n\n\n<p>De tanto consumir conte\u00fado de coach no in\u00edcio da minha vida adulta, tem palavras que eu odeio entre elas med\u00edocre. Mas de uns burnouts pra c\u00e1, tenho tentado viver uma vida um pouco mais med\u00edocre. Esse <a href=\"https:\/\/youtu.be\/9XzKB4VsmqA\" target=\"_blank\" rel=\"noreferrer noopener\">v\u00eddeo do Luide<\/a> foi um v\u00eddeo interessante sobre como ter uma vida med\u00edocre o que n\u00e3o quer dizer ter uma vida estagnada.<\/p>\n\n\n\n<h3 class=\"wp-block-heading\">Artigo\/V\u00eddeo\/\u00c1udio &#8211; Pra onde vamos em 2026 &#8211; Apocalipse Imagin\u00e1rio<\/h3>\n\n\n\n<p>Esse <a href=\"https:\/\/open.substack.com\/pub\/orenatomendes\/p\/pra-onde-vamos-em-2026-apocalipse\">v\u00eddeo\/texto\/\u00e1udio do meu <\/a><a href=\"https:\/\/open.substack.com\/pub\/orenatomendes\/p\/pra-onde-vamos-em-2026-apocalipse\" target=\"_blank\" rel=\"noreferrer noopener\">querido Renato Mendes no Estratagema<\/a>, eu fiquei segurando umas semanas para ler, pois eu sabia que ia me tirar uns insights. \u00c9 o tipo de coisa que eu gosto de ler com aten\u00e7\u00e3o. Ainda vale <strong>muito<\/strong> a pena voc\u00ea dar uma olhada nisso nesse in\u00edcio de mar\u00e7o. Renato n\u00e3o costuma errar.<\/p>\n\n\n\n<h3 class=\"wp-block-heading\">Artigo &#8211; Uma Terra Prometida &#8211; Biografia ou Soft Power?<\/h3>\n\n\n\n<p>Esse texto \u00e9 uma <a href=\"https:\/\/www.andrefelizardo.com.br\/blog\/uma-terra-prometida-biografia-ou-soft-power\/\" target=\"_blank\" rel=\"noreferrer noopener\">resenha do livro\/autobiografia do Obama &#8211; Uma Terra Prometida &#8211; que escrevi<\/a> nesse \u00faltimo m\u00eas. Interessant\u00edssimo enxergar o conflito que acontece no Ir\u00e3 e Oriente M\u00e9dio nesse exato instante com as informa\u00e7\u00f5es adicionais que o Obama j\u00e1 vivenciou em seus mandatos (2009-2017) e detalhou nesse livro de 2020 em mente. Geopol\u00edtica \u00e9 um assunto que me fascina.<\/p>\n\n\n\n<h2 class=\"wp-block-heading\">Programa\u00e7\u00e3o<\/h2>\n\n\n\n<h3 class=\"wp-block-heading\">V\u00eddeo &#8211; Transformei o Spotify em HD infinito (e deu certo!)<\/h3>\n\n\n\n<p>Come\u00e7o a sess\u00e3o de programa\u00e7\u00e3o com o achado que foi esse <a href=\"https:\/\/www.youtube.com\/watch?v=PclOETKxRCw\" target=\"_blank\" rel=\"noreferrer noopener\">v\u00eddeo do Gambiarra Labs<\/a>. Se voc\u00ea \u00e9 mais novo em programa\u00e7\u00e3o ou se j\u00e1 t\u00e1 carcomido pela l\u00f3gica de produzir tudo com IA, mais r\u00e1pido e mais rent\u00e1vel, talvez n\u00e3o fa\u00e7a sentido na sua cabe\u00e7a por que algu\u00e9m faria isso.<br>Mas esse v\u00eddeo me deixou muito feliz, porque pra mim programa\u00e7\u00e3o \u00e9 isso: fazer algo simplesmente porque eu posso, pela divers\u00e3o, pra ver se \u00e9 poss\u00edvel e se divertir pelo caminho.<\/p>\n\n\n\n<h3 class=\"wp-block-heading\">Podcast &#8211; Como continuar motivado a estudar<\/h3>\n\n\n\n<p>Costumo ouvir alguns epis\u00f3dios do podcast da Codecon, me lembra o podcast do DevNaEstrada nos \u00e1ureos tempos, boas conversas e insights. <a href=\"https:\/\/open.spotify.com\/episode\/7oD7euaaoBGfi2ztRHsK0o\" target=\"_blank\" rel=\"noreferrer noopener\">Nesse epis\u00f3dio com o Jeff (LinuxTips) e o Deschamps (Michel Tel\u00f3)<\/a>, eles falaram de um assunto sobre o qual, no m\u00ednimo, uma vez por ano, eu me questiono.<\/p>\n\n\n\n<h3 class=\"wp-block-heading\">Artigo &#8211; A teoria dos jogos da d\u00edvida t\u00e9cnica<\/h3>\n\n\n\n<p>J\u00e1 deve ter uns meses seguidos que eu indico a leitura dos artigos do Alex, ent\u00e3o vai a\u00ed mais um. Eu gosto do jeito mais acad\u00eamico com que ele aborda os assuntos e n\u00e3o foi diferente nesse <a href=\"https:\/\/open.substack.com\/pub\/alexriosbr\/p\/a-teoria-dos-jogos-da-divida-tecnica?utm_campaign=post-expanded-share\" target=\"_blank\" rel=\"noreferrer noopener\">artigo sobre as decis\u00f5es irracionais de engenheiros racionais e como tentar mudar isso no seu time<\/a>.<\/p>\n\n\n\n<p>Nos encontramos na pr\u00f3xima curadoria, na primeira sexta-feira do m\u00eas \u00e0s 11:13\u00a0\ud83d\udd90\ud83c\udfff<\/p>\n\n\n\n<p><\/p>\n","protected":false},"excerpt":{"rendered":"<p>Foi m\u00eas de carnaval, e fazendo essa curadoria eu sempre fico pensativo em quanta coisa se passa em 30 dias (nesse caso 28). Eu li bastante esse m\u00eas mas assisti umas coisas legais no Youtube. Abaixo como de costume minha curadoria dividida em N\u00e3o-Programa\u00e7\u00e3o e Programa\u00e7\u00e3o. N\u00e3o-Programa\u00e7\u00e3o V\u00eddeo &#8211; Abrace sua mediocridade De tanto consumir [&hellip;]<\/p>\n","protected":false},"author":1,"featured_media":4010,"comment_status":"open","ping_status":"open","sticky":false,"template":"","format":"standard","meta":{"_jetpack_newsletter_access":"","_jetpack_dont_email_post_to_subs":false,"_jetpack_newsletter_tier_id":0,"_jetpack_memberships_contains_paywalled_content":false,"_jetpack_memberships_contains_paid_content":false,"footnotes":""},"categories":[5],"tags":[],"class_list":["post-4005","post","type-post","status-publish","format-standard","has-post-thumbnail","hentry","category-tecnologia"],"yoast_head":"<!-- This site is optimized with the Yoast SEO plugin v27.5 - https:\/\/yoast.com\/product\/yoast-seo-wordpress\/ -->\n<title>Curadoria de Fevereiro - 2026 - Blog do Andr\u00e9 Felizardo<\/title>\n<meta name=\"robots\" content=\"index, follow, max-snippet:-1, max-image-preview:large, max-video-preview:-1\" \/>\n<link rel=\"canonical\" href=\"https:\/\/www.andrefelizardo.com.br\/blog\/curadoria-de-fevereiro-2026\/\" \/>\n<meta property=\"og:locale\" content=\"pt_BR\" \/>\n<meta property=\"og:type\" content=\"article\" \/>\n<meta property=\"og:title\" content=\"Curadoria de Fevereiro - 2026 - Blog do Andr\u00e9 Felizardo\" \/>\n<meta property=\"og:description\" content=\"Foi m\u00eas de carnaval, e fazendo essa curadoria eu sempre fico pensativo em quanta coisa se passa em 30 dias (nesse caso 28). Eu li bastante esse m\u00eas mas assisti umas coisas legais no Youtube. Abaixo como de costume minha curadoria dividida em N\u00e3o-Programa\u00e7\u00e3o e Programa\u00e7\u00e3o. N\u00e3o-Programa\u00e7\u00e3o V\u00eddeo &#8211; Abrace sua mediocridade De tanto consumir [&hellip;]\" \/>\n<meta property=\"og:url\" content=\"https:\/\/www.andrefelizardo.com.br\/blog\/curadoria-de-fevereiro-2026\/\" \/>\n<meta property=\"og:site_name\" content=\"Blog do Andr\u00e9 Felizardo\" \/>\n<meta property=\"article:published_time\" content=\"2026-03-05T19:57:14+00:00\" \/>\n<meta property=\"article:modified_time\" content=\"2026-03-05T19:57:16+00:00\" \/>\n<meta property=\"og:image\" content=\"https:\/\/www.andrefelizardo.com.br\/blog\/wp-content\/uploads\/2026\/03\/curadoria-fevereiro-1024x683.png\" \/>\n\t<meta property=\"og:image:width\" content=\"1024\" \/>\n\t<meta property=\"og:image:height\" content=\"683\" \/>\n\t<meta property=\"og:image:type\" content=\"image\/png\" \/>\n<meta name=\"author\" content=\"Andr\u00e9 Felizardo\" \/>\n<meta name=\"twitter:card\" content=\"summary_large_image\" \/>\n<meta name=\"twitter:label1\" content=\"Escrito por\" \/>\n\t<meta name=\"twitter:data1\" content=\"Andr\u00e9 Felizardo\" \/>\n\t<meta name=\"twitter:label2\" content=\"Est. tempo de leitura\" \/>\n\t<meta name=\"twitter:data2\" content=\"3 minutos\" \/>\n<script type=\"application\/ld+json\" class=\"yoast-schema-graph\">{\"@context\":\"https:\\\/\\\/schema.org\",\"@graph\":[{\"@type\":\"Article\",\"@id\":\"https:\\\/\\\/www.andrefelizardo.com.br\\\/blog\\\/curadoria-de-fevereiro-2026\\\/#article\",\"isPartOf\":{\"@id\":\"https:\\\/\\\/www.andrefelizardo.com.br\\\/blog\\\/curadoria-de-fevereiro-2026\\\/\"},\"author\":{\"name\":\"Andr\u00e9 Felizardo\",\"@id\":\"http:\\\/\\\/www.andrefelizardo.com.br\\\/blog\\\/#\\\/schema\\\/person\\\/7ffba68b251851fb519600e2e387a02b\"},\"headline\":\"Curadoria de Fevereiro &#8211; 2026\",\"datePublished\":\"2026-03-05T19:57:14+00:00\",\"dateModified\":\"2026-03-05T19:57:16+00:00\",\"mainEntityOfPage\":{\"@id\":\"https:\\\/\\\/www.andrefelizardo.com.br\\\/blog\\\/curadoria-de-fevereiro-2026\\\/\"},\"wordCount\":525,\"commentCount\":0,\"image\":{\"@id\":\"https:\\\/\\\/www.andrefelizardo.com.br\\\/blog\\\/curadoria-de-fevereiro-2026\\\/#primaryimage\"},\"thumbnailUrl\":\"https:\\\/\\\/www.andrefelizardo.com.br\\\/blog\\\/wp-content\\\/uploads\\\/2026\\\/03\\\/curadoria-fevereiro.png\",\"articleSection\":[\"Tecnologia\"],\"inLanguage\":\"pt-BR\",\"potentialAction\":[{\"@type\":\"CommentAction\",\"name\":\"Comment\",\"target\":[\"https:\\\/\\\/www.andrefelizardo.com.br\\\/blog\\\/curadoria-de-fevereiro-2026\\\/#respond\"]}]},{\"@type\":\"WebPage\",\"@id\":\"https:\\\/\\\/www.andrefelizardo.com.br\\\/blog\\\/curadoria-de-fevereiro-2026\\\/\",\"url\":\"https:\\\/\\\/www.andrefelizardo.com.br\\\/blog\\\/curadoria-de-fevereiro-2026\\\/\",\"name\":\"Curadoria de Fevereiro - 2026 - Blog do Andr\u00e9 Felizardo\",\"isPartOf\":{\"@id\":\"http:\\\/\\\/www.andrefelizardo.com.br\\\/blog\\\/#website\"},\"primaryImageOfPage\":{\"@id\":\"https:\\\/\\\/www.andrefelizardo.com.br\\\/blog\\\/curadoria-de-fevereiro-2026\\\/#primaryimage\"},\"image\":{\"@id\":\"https:\\\/\\\/www.andrefelizardo.com.br\\\/blog\\\/curadoria-de-fevereiro-2026\\\/#primaryimage\"},\"thumbnailUrl\":\"https:\\\/\\\/www.andrefelizardo.com.br\\\/blog\\\/wp-content\\\/uploads\\\/2026\\\/03\\\/curadoria-fevereiro.png\",\"datePublished\":\"2026-03-05T19:57:14+00:00\",\"dateModified\":\"2026-03-05T19:57:16+00:00\",\"author\":{\"@id\":\"http:\\\/\\\/www.andrefelizardo.com.br\\\/blog\\\/#\\\/schema\\\/person\\\/7ffba68b251851fb519600e2e387a02b\"},\"breadcrumb\":{\"@id\":\"https:\\\/\\\/www.andrefelizardo.com.br\\\/blog\\\/curadoria-de-fevereiro-2026\\\/#breadcrumb\"},\"inLanguage\":\"pt-BR\",\"potentialAction\":[{\"@type\":\"ReadAction\",\"target\":[\"https:\\\/\\\/www.andrefelizardo.com.br\\\/blog\\\/curadoria-de-fevereiro-2026\\\/\"]}]},{\"@type\":\"ImageObject\",\"inLanguage\":\"pt-BR\",\"@id\":\"https:\\\/\\\/www.andrefelizardo.com.br\\\/blog\\\/curadoria-de-fevereiro-2026\\\/#primaryimage\",\"url\":\"https:\\\/\\\/www.andrefelizardo.com.br\\\/blog\\\/wp-content\\\/uploads\\\/2026\\\/03\\\/curadoria-fevereiro.png\",\"contentUrl\":\"https:\\\/\\\/www.andrefelizardo.com.br\\\/blog\\\/wp-content\\\/uploads\\\/2026\\\/03\\\/curadoria-fevereiro.png\",\"width\":1536,\"height\":1024,\"caption\":\"Imagem de capa da curadoria representando v\u00e1rias coisas que podem ser referenciadas como v\u00eddeos, textos, filmes e outros\"},{\"@type\":\"BreadcrumbList\",\"@id\":\"https:\\\/\\\/www.andrefelizardo.com.br\\\/blog\\\/curadoria-de-fevereiro-2026\\\/#breadcrumb\",\"itemListElement\":[{\"@type\":\"ListItem\",\"position\":1,\"name\":\"In\u00edcio\",\"item\":\"http:\\\/\\\/www.andrefelizardo.com.br\\\/blog\\\/\"},{\"@type\":\"ListItem\",\"position\":2,\"name\":\"Curadoria de Fevereiro &#8211; 2026\"}]},{\"@type\":\"WebSite\",\"@id\":\"http:\\\/\\\/www.andrefelizardo.com.br\\\/blog\\\/#website\",\"url\":\"http:\\\/\\\/www.andrefelizardo.com.br\\\/blog\\\/\",\"name\":\"Blog do Andr\u00e9 Felizardo\",\"description\":\"Programa\u00e7\u00e3o de dev para dev\",\"potentialAction\":[{\"@type\":\"SearchAction\",\"target\":{\"@type\":\"EntryPoint\",\"urlTemplate\":\"http:\\\/\\\/www.andrefelizardo.com.br\\\/blog\\\/?s={search_term_string}\"},\"query-input\":{\"@type\":\"PropertyValueSpecification\",\"valueRequired\":true,\"valueName\":\"search_term_string\"}}],\"inLanguage\":\"pt-BR\"},{\"@type\":\"Person\",\"@id\":\"http:\\\/\\\/www.andrefelizardo.com.br\\\/blog\\\/#\\\/schema\\\/person\\\/7ffba68b251851fb519600e2e387a02b\",\"name\":\"Andr\u00e9 Felizardo\",\"image\":{\"@type\":\"ImageObject\",\"inLanguage\":\"pt-BR\",\"@id\":\"https:\\\/\\\/www.andrefelizardo.com.br\\\/blog\\\/wp-content\\\/wphb-cache\\\/gravatar\\\/9f9\\\/9f92d8b773ef5acf9b462d6dab41d783x96.jpg\",\"url\":\"https:\\\/\\\/www.andrefelizardo.com.br\\\/blog\\\/wp-content\\\/wphb-cache\\\/gravatar\\\/9f9\\\/9f92d8b773ef5acf9b462d6dab41d783x96.jpg\",\"contentUrl\":\"https:\\\/\\\/www.andrefelizardo.com.br\\\/blog\\\/wp-content\\\/wphb-cache\\\/gravatar\\\/9f9\\\/9f92d8b773ef5acf9b462d6dab41d783x96.jpg\",\"caption\":\"Andr\u00e9 Felizardo\"},\"sameAs\":[\"http:\\\/\\\/www.andrefelizardo.com.br\"],\"url\":\"https:\\\/\\\/www.andrefelizardo.com.br\\\/blog\\\/author\\\/andrefelizardo\\\/\"}]}<\/script>\n<!-- \/ Yoast SEO plugin. -->","yoast_head_json":{"title":"Curadoria de Fevereiro - 2026 - Blog do Andr\u00e9 Felizardo","robots":{"index":"index","follow":"follow","max-snippet":"max-snippet:-1","max-image-preview":"max-image-preview:large","max-video-preview":"max-video-preview:-1"},"canonical":"https:\/\/www.andrefelizardo.com.br\/blog\/curadoria-de-fevereiro-2026\/","og_locale":"pt_BR","og_type":"article","og_title":"Curadoria de Fevereiro - 2026 - Blog do Andr\u00e9 Felizardo","og_description":"Foi m\u00eas de carnaval, e fazendo essa curadoria eu sempre fico pensativo em quanta coisa se passa em 30 dias (nesse caso 28). Eu li bastante esse m\u00eas mas assisti umas coisas legais no Youtube. Abaixo como de costume minha curadoria dividida em N\u00e3o-Programa\u00e7\u00e3o e Programa\u00e7\u00e3o. N\u00e3o-Programa\u00e7\u00e3o V\u00eddeo &#8211; Abrace sua mediocridade De tanto consumir [&hellip;]","og_url":"https:\/\/www.andrefelizardo.com.br\/blog\/curadoria-de-fevereiro-2026\/","og_site_name":"Blog do Andr\u00e9 Felizardo","article_published_time":"2026-03-05T19:57:14+00:00","article_modified_time":"2026-03-05T19:57:16+00:00","og_image":[{"width":1024,"height":683,"url":"https:\/\/www.andrefelizardo.com.br\/blog\/wp-content\/uploads\/2026\/03\/curadoria-fevereiro-1024x683.png","type":"image\/png"}],"author":"Andr\u00e9 Felizardo","twitter_card":"summary_large_image","twitter_misc":{"Escrito por":"Andr\u00e9 Felizardo","Est. tempo de leitura":"3 minutos"},"schema":{"@context":"https:\/\/schema.org","@graph":[{"@type":"Article","@id":"https:\/\/www.andrefelizardo.com.br\/blog\/curadoria-de-fevereiro-2026\/#article","isPartOf":{"@id":"https:\/\/www.andrefelizardo.com.br\/blog\/curadoria-de-fevereiro-2026\/"},"author":{"name":"Andr\u00e9 Felizardo","@id":"http:\/\/www.andrefelizardo.com.br\/blog\/#\/schema\/person\/7ffba68b251851fb519600e2e387a02b"},"headline":"Curadoria de Fevereiro &#8211; 2026","datePublished":"2026-03-05T19:57:14+00:00","dateModified":"2026-03-05T19:57:16+00:00","mainEntityOfPage":{"@id":"https:\/\/www.andrefelizardo.com.br\/blog\/curadoria-de-fevereiro-2026\/"},"wordCount":525,"commentCount":0,"image":{"@id":"https:\/\/www.andrefelizardo.com.br\/blog\/curadoria-de-fevereiro-2026\/#primaryimage"},"thumbnailUrl":"https:\/\/www.andrefelizardo.com.br\/blog\/wp-content\/uploads\/2026\/03\/curadoria-fevereiro.png","articleSection":["Tecnologia"],"inLanguage":"pt-BR","potentialAction":[{"@type":"CommentAction","name":"Comment","target":["https:\/\/www.andrefelizardo.com.br\/blog\/curadoria-de-fevereiro-2026\/#respond"]}]},{"@type":"WebPage","@id":"https:\/\/www.andrefelizardo.com.br\/blog\/curadoria-de-fevereiro-2026\/","url":"https:\/\/www.andrefelizardo.com.br\/blog\/curadoria-de-fevereiro-2026\/","name":"Curadoria de Fevereiro - 2026 - Blog do Andr\u00e9 Felizardo","isPartOf":{"@id":"http:\/\/www.andrefelizardo.com.br\/blog\/#website"},"primaryImageOfPage":{"@id":"https:\/\/www.andrefelizardo.com.br\/blog\/curadoria-de-fevereiro-2026\/#primaryimage"},"image":{"@id":"https:\/\/www.andrefelizardo.com.br\/blog\/curadoria-de-fevereiro-2026\/#primaryimage"},"thumbnailUrl":"https:\/\/www.andrefelizardo.com.br\/blog\/wp-content\/uploads\/2026\/03\/curadoria-fevereiro.png","datePublished":"2026-03-05T19:57:14+00:00","dateModified":"2026-03-05T19:57:16+00:00","author":{"@id":"http:\/\/www.andrefelizardo.com.br\/blog\/#\/schema\/person\/7ffba68b251851fb519600e2e387a02b"},"breadcrumb":{"@id":"https:\/\/www.andrefelizardo.com.br\/blog\/curadoria-de-fevereiro-2026\/#breadcrumb"},"inLanguage":"pt-BR","potentialAction":[{"@type":"ReadAction","target":["https:\/\/www.andrefelizardo.com.br\/blog\/curadoria-de-fevereiro-2026\/"]}]},{"@type":"ImageObject","inLanguage":"pt-BR","@id":"https:\/\/www.andrefelizardo.com.br\/blog\/curadoria-de-fevereiro-2026\/#primaryimage","url":"https:\/\/www.andrefelizardo.com.br\/blog\/wp-content\/uploads\/2026\/03\/curadoria-fevereiro.png","contentUrl":"https:\/\/www.andrefelizardo.com.br\/blog\/wp-content\/uploads\/2026\/03\/curadoria-fevereiro.png","width":1536,"height":1024,"caption":"Imagem de capa da curadoria representando v\u00e1rias coisas que podem ser referenciadas como v\u00eddeos, textos, filmes e outros"},{"@type":"BreadcrumbList","@id":"https:\/\/www.andrefelizardo.com.br\/blog\/curadoria-de-fevereiro-2026\/#breadcrumb","itemListElement":[{"@type":"ListItem","position":1,"name":"In\u00edcio","item":"http:\/\/www.andrefelizardo.com.br\/blog\/"},{"@type":"ListItem","position":2,"name":"Curadoria de Fevereiro &#8211; 2026"}]},{"@type":"WebSite","@id":"http:\/\/www.andrefelizardo.com.br\/blog\/#website","url":"http:\/\/www.andrefelizardo.com.br\/blog\/","name":"Blog do Andr\u00e9 Felizardo","description":"Programa\u00e7\u00e3o de dev para dev","potentialAction":[{"@type":"SearchAction","target":{"@type":"EntryPoint","urlTemplate":"http:\/\/www.andrefelizardo.com.br\/blog\/?s={search_term_string}"},"query-input":{"@type":"PropertyValueSpecification","valueRequired":true,"valueName":"search_term_string"}}],"inLanguage":"pt-BR"},{"@type":"Person","@id":"http:\/\/www.andrefelizardo.com.br\/blog\/#\/schema\/person\/7ffba68b251851fb519600e2e387a02b","name":"Andr\u00e9 Felizardo","image":{"@type":"ImageObject","inLanguage":"pt-BR","@id":"https:\/\/www.andrefelizardo.com.br\/blog\/wp-content\/wphb-cache\/gravatar\/9f9\/9f92d8b773ef5acf9b462d6dab41d783x96.jpg","url":"https:\/\/www.andrefelizardo.com.br\/blog\/wp-content\/wphb-cache\/gravatar\/9f9\/9f92d8b773ef5acf9b462d6dab41d783x96.jpg","contentUrl":"https:\/\/www.andrefelizardo.com.br\/blog\/wp-content\/wphb-cache\/gravatar\/9f9\/9f92d8b773ef5acf9b462d6dab41d783x96.jpg","caption":"Andr\u00e9 Felizardo"},"sameAs":["http:\/\/www.andrefelizardo.com.br"],"url":"https:\/\/www.andrefelizardo.com.br\/blog\/author\/andrefelizardo\/"}]}},"jetpack_featured_media_url":"https:\/\/www.andrefelizardo.com.br\/blog\/wp-content\/uploads\/2026\/03\/curadoria-fevereiro.png","jetpack_shortlink":"https:\/\/wp.me\/p6EP66-12B","jetpack-related-posts":[{"id":3893,"url":"https:\/\/www.andrefelizardo.com.br\/blog\/curadoria-de-janeiro-26\/","url_meta":{"origin":4005,"position":0},"title":"Curadoria de Janeiro 26","author":"Andr\u00e9 Felizardo","date":"6 de fevereiro de 2026","format":false,"excerpt":"Toda vez que come\u00e7a um novo ano eu fico pensativo sobre o qu\u00e3o genial \u00e9 essa ideia de dividir o tempo. \u00c9 s\u00f3 um monte de dia atr\u00e1s do outro, mas esse ciclo de 12 meses acaba sempre motivando uns (e deprimindo alguns outros) na virada. Eu sou dos que\u2026","rel":"","context":"Em &quot;Tecnologia&quot;","block_context":{"text":"Tecnologia","link":"https:\/\/www.andrefelizardo.com.br\/blog\/category\/tecnologia\/"},"img":{"alt_text":"","src":"https:\/\/i0.wp.com\/www.andrefelizardo.com.br\/blog\/wp-content\/uploads\/2026\/02\/Curadoria-Janeiro-26.png?resize=350%2C200&ssl=1","width":350,"height":200,"srcset":"https:\/\/i0.wp.com\/www.andrefelizardo.com.br\/blog\/wp-content\/uploads\/2026\/02\/Curadoria-Janeiro-26.png?resize=350%2C200&ssl=1 1x, https:\/\/i0.wp.com\/www.andrefelizardo.com.br\/blog\/wp-content\/uploads\/2026\/02\/Curadoria-Janeiro-26.png?resize=525%2C300&ssl=1 1.5x, https:\/\/i0.wp.com\/www.andrefelizardo.com.br\/blog\/wp-content\/uploads\/2026\/02\/Curadoria-Janeiro-26.png?resize=700%2C400&ssl=1 2x, https:\/\/i0.wp.com\/www.andrefelizardo.com.br\/blog\/wp-content\/uploads\/2026\/02\/Curadoria-Janeiro-26.png?resize=1050%2C600&ssl=1 3x, https:\/\/i0.wp.com\/www.andrefelizardo.com.br\/blog\/wp-content\/uploads\/2026\/02\/Curadoria-Janeiro-26.png?resize=1400%2C800&ssl=1 4x"},"classes":[]},{"id":35,"url":"https:\/\/www.andrefelizardo.com.br\/blog\/front-end-o-que-e\/","url_meta":{"origin":4005,"position":1},"title":"Front-end. O que \u00e9?","author":"Andr\u00e9 Felizardo","date":"29 de janeiro de 2015","format":false,"excerpt":"Front-end. Voc\u00ea sabe o que \u00e9? O que ele faz? Alguns anos atr\u00e1s, o termo que mais se ouvia quanto ao profissional que trabalha com o desenvolvimento de sites era WebDesigner. E a fun\u00e7\u00e3o de WebDesigner era meio m\u00edstica, parecia ser um profissional que sabia de tudo um pouco, c\u00f3digos,\u2026","rel":"","context":"Em &quot;Tecnologia&quot;","block_context":{"text":"Tecnologia","link":"https:\/\/www.andrefelizardo.com.br\/blog\/category\/tecnologia\/"},"img":{"alt_text":"","src":"https:\/\/i0.wp.com\/www.andrefelizardo.com.br\/blog\/wp-content\/uploads\/2015\/01\/vaga-para-desenvolvedor-front-end-webdesign-agencia-diretriz-digital-marketing-branding.png?resize=350%2C200&ssl=1","width":350,"height":200,"srcset":"https:\/\/i0.wp.com\/www.andrefelizardo.com.br\/blog\/wp-content\/uploads\/2015\/01\/vaga-para-desenvolvedor-front-end-webdesign-agencia-diretriz-digital-marketing-branding.png?resize=350%2C200&ssl=1 1x, https:\/\/i0.wp.com\/www.andrefelizardo.com.br\/blog\/wp-content\/uploads\/2015\/01\/vaga-para-desenvolvedor-front-end-webdesign-agencia-diretriz-digital-marketing-branding.png?resize=525%2C300&ssl=1 1.5x"},"classes":[]},{"id":943,"url":"https:\/\/www.andrefelizardo.com.br\/blog\/javascript-comecando-do-jeito-certo\/","url_meta":{"origin":4005,"position":2},"title":"JavaScript &#8211; Come\u00e7ando do jeito certo","author":"Andr\u00e9 Felizardo","date":"30 de novembro de 2017","format":false,"excerpt":"O que \u00e9 JavaScript? JavaScript \u00e9 uma linguagem de programa\u00e7\u00e3o, que foi criada originalmente para rodar em navegadores. Na tr\u00edade do Front-end, a linguagem \u00e9 respons\u00e1vel por interagir com o usu\u00e1rio (como mensagens de erro e outros), sem a necessidade das informa\u00e7\u00f5es irem at\u00e9 o servidor. O que \u00e9 JavaScript?\u2026","rel":"","context":"Em &quot;Dev&quot;","block_context":{"text":"Dev","link":"https:\/\/www.andrefelizardo.com.br\/blog\/category\/dev\/"},"img":{"alt_text":"","src":"https:\/\/i0.wp.com\/www.andrefelizardo.com.br\/blog\/wp-content\/uploads\/2017\/11\/javascript-comecando_jeito_certo.png?resize=350%2C200&ssl=1","width":350,"height":200,"srcset":"https:\/\/i0.wp.com\/www.andrefelizardo.com.br\/blog\/wp-content\/uploads\/2017\/11\/javascript-comecando_jeito_certo.png?resize=350%2C200&ssl=1 1x, https:\/\/i0.wp.com\/www.andrefelizardo.com.br\/blog\/wp-content\/uploads\/2017\/11\/javascript-comecando_jeito_certo.png?resize=525%2C300&ssl=1 1.5x, https:\/\/i0.wp.com\/www.andrefelizardo.com.br\/blog\/wp-content\/uploads\/2017\/11\/javascript-comecando_jeito_certo.png?resize=700%2C400&ssl=1 2x"},"classes":[]},{"id":3959,"url":"https:\/\/www.andrefelizardo.com.br\/blog\/trabalho-focado-eu-precisava-ler-isso\/","url_meta":{"origin":4005,"position":3},"title":"Trabalho focado &#8211; eu precisava ler isso","author":"Andr\u00e9 Felizardo","date":"1 de mar\u00e7o de 2026","format":false,"excerpt":"Comecei o ano de 2026 decidido a ler mais, estudar mais, ser mais focado. Desde 2025 tenho sentido - e reclamado muito durante minhas sess\u00f5es de terapia - que n\u00e3o consigo mais me concentrar com a facilidade que eu me concentrava 10 anos atr\u00e1s. Ter me tornado pai 6 anos\u2026","rel":"","context":"Em &quot;Tecnologia&quot;","block_context":{"text":"Tecnologia","link":"https:\/\/www.andrefelizardo.com.br\/blog\/category\/tecnologia\/"},"img":{"alt_text":"","src":"https:\/\/i0.wp.com\/www.andrefelizardo.com.br\/blog\/wp-content\/uploads\/2026\/03\/9BA73973-30EA-40E8-81CB-1F3E6B647498-scaled.jpeg?resize=350%2C200&ssl=1","width":350,"height":200,"srcset":"https:\/\/i0.wp.com\/www.andrefelizardo.com.br\/blog\/wp-content\/uploads\/2026\/03\/9BA73973-30EA-40E8-81CB-1F3E6B647498-scaled.jpeg?resize=350%2C200&ssl=1 1x, https:\/\/i0.wp.com\/www.andrefelizardo.com.br\/blog\/wp-content\/uploads\/2026\/03\/9BA73973-30EA-40E8-81CB-1F3E6B647498-scaled.jpeg?resize=525%2C300&ssl=1 1.5x, https:\/\/i0.wp.com\/www.andrefelizardo.com.br\/blog\/wp-content\/uploads\/2026\/03\/9BA73973-30EA-40E8-81CB-1F3E6B647498-scaled.jpeg?resize=700%2C400&ssl=1 2x, https:\/\/i0.wp.com\/www.andrefelizardo.com.br\/blog\/wp-content\/uploads\/2026\/03\/9BA73973-30EA-40E8-81CB-1F3E6B647498-scaled.jpeg?resize=1050%2C600&ssl=1 3x, https:\/\/i0.wp.com\/www.andrefelizardo.com.br\/blog\/wp-content\/uploads\/2026\/03\/9BA73973-30EA-40E8-81CB-1F3E6B647498-scaled.jpeg?resize=1400%2C800&ssl=1 4x"},"classes":[]},{"id":732,"url":"https:\/\/www.andrefelizardo.com.br\/blog\/primeiro-ano-serio-do-blog-balanco-2016\/","url_meta":{"origin":4005,"position":4},"title":"Primeiro ano (s\u00e9rio) do blog &#8211; Balan\u00e7o 2016","author":"Andr\u00e9 Felizardo","date":"13 de dezembro de 2016","format":false,"excerpt":"Estamos na \u00e9poca de Retrospectivas n\u00e9, ent\u00e3o vou come\u00e7ar a minha. Esse ano foi o segundo ano do blog, mas na verdade foi o primeiro ano que eu levei o blog a s\u00e9rio, e os n\u00fameros foram impressionantes! Divulga\u00e7\u00e3o Bom, eu n\u00e3o utilizei nenhum m\u00e9todo pago este ano para conseguir\u2026","rel":"","context":"Em &quot;Curiosidades&quot;","block_context":{"text":"Curiosidades","link":"https:\/\/www.andrefelizardo.com.br\/blog\/category\/curiosidades\/"},"img":{"alt_text":"Splash Screen Ionic","src":"https:\/\/i0.wp.com\/www.andrefelizardo.com.br\/blog\/wp-content\/uploads\/2016\/07\/splash-andre-felizardo.png?resize=350%2C200&ssl=1","width":350,"height":200,"srcset":"https:\/\/i0.wp.com\/www.andrefelizardo.com.br\/blog\/wp-content\/uploads\/2016\/07\/splash-andre-felizardo.png?resize=350%2C200&ssl=1 1x, https:\/\/i0.wp.com\/www.andrefelizardo.com.br\/blog\/wp-content\/uploads\/2016\/07\/splash-andre-felizardo.png?resize=525%2C300&ssl=1 1.5x, https:\/\/i0.wp.com\/www.andrefelizardo.com.br\/blog\/wp-content\/uploads\/2016\/07\/splash-andre-felizardo.png?resize=700%2C400&ssl=1 2x, https:\/\/i0.wp.com\/www.andrefelizardo.com.br\/blog\/wp-content\/uploads\/2016\/07\/splash-andre-felizardo.png?resize=1050%2C600&ssl=1 3x, https:\/\/i0.wp.com\/www.andrefelizardo.com.br\/blog\/wp-content\/uploads\/2016\/07\/splash-andre-felizardo.png?resize=1400%2C800&ssl=1 4x"},"classes":[]},{"id":821,"url":"https:\/\/www.andrefelizardo.com.br\/blog\/projetos-paralelos\/","url_meta":{"origin":4005,"position":5},"title":"Projetos paralelos","author":"Andr\u00e9 Felizardo","date":"5 de maio de 2017","format":false,"excerpt":"Esse texto \u00e9 sobre sair da zona de conforto. O meu Blog \u00e9 a minha vis\u00e3o sobre Marketing Digital, Empreendedorismo e Tecnologia.\u00a0(t\u00e1 no t\u00edtulo!) Desde que eu comecei a trabalhar (l\u00e1 em 2007), eu trabalho com tecnologia. Meu primeiro emprego foi num curso de inform\u00e1tica e passei por praticamente todas\u2026","rel":"","context":"Em &quot;Dicas&quot;","block_context":{"text":"Dicas","link":"https:\/\/www.andrefelizardo.com.br\/blog\/category\/dicas\/"},"img":{"alt_text":"","src":"https:\/\/i0.wp.com\/www.andrefelizardo.com.br\/blog\/wp-content\/uploads\/2017\/05\/F672CBDC0F1.jpg?resize=350%2C200&ssl=1","width":350,"height":200,"srcset":"https:\/\/i0.wp.com\/www.andrefelizardo.com.br\/blog\/wp-content\/uploads\/2017\/05\/F672CBDC0F1.jpg?resize=350%2C200&ssl=1 1x, https:\/\/i0.wp.com\/www.andrefelizardo.com.br\/blog\/wp-content\/uploads\/2017\/05\/F672CBDC0F1.jpg?resize=525%2C300&ssl=1 1.5x, https:\/\/i0.wp.com\/www.andrefelizardo.com.br\/blog\/wp-content\/uploads\/2017\/05\/F672CBDC0F1.jpg?resize=700%2C400&ssl=1 2x"},"classes":[]}],"jetpack_sharing_enabled":true,"_links":{"self":[{"href":"https:\/\/www.andrefelizardo.com.br\/blog\/wp-json\/wp\/v2\/posts\/4005","targetHints":{"allow":["GET"]}}],"collection":[{"href":"https:\/\/www.andrefelizardo.com.br\/blog\/wp-json\/wp\/v2\/posts"}],"about":[{"href":"https:\/\/www.andrefelizardo.com.br\/blog\/wp-json\/wp\/v2\/types\/post"}],"author":[{"embeddable":true,"href":"https:\/\/www.andrefelizardo.com.br\/blog\/wp-json\/wp\/v2\/users\/1"}],"replies":[{"embeddable":true,"href":"https:\/\/www.andrefelizardo.com.br\/blog\/wp-json\/wp\/v2\/comments?post=4005"}],"version-history":[{"count":0,"href":"https:\/\/www.andrefelizardo.com.br\/blog\/wp-json\/wp\/v2\/posts\/4005\/revisions"}],"wp:featuredmedia":[{"embeddable":true,"href":"https:\/\/www.andrefelizardo.com.br\/blog\/wp-json\/wp\/v2\/media\/4010"}],"wp:attachment":[{"href":"https:\/\/www.andrefelizardo.com.br\/blog\/wp-json\/wp\/v2\/media?parent=4005"}],"wp:term":[{"taxonomy":"category","embeddable":true,"href":"https:\/\/www.andrefelizardo.com.br\/blog\/wp-json\/wp\/v2\/categories?post=4005"},{"taxonomy":"post_tag","embeddable":true,"href":"https:\/\/www.andrefelizardo.com.br\/blog\/wp-json\/wp\/v2\/tags?post=4005"}],"curies":[{"name":"wp","href":"https:\/\/api.w.org\/{rel}","templated":true}]}}