{"id":515,"date":"2016-03-29T17:21:11","date_gmt":"2016-03-29T17:21:11","guid":{"rendered":"http:\/\/www.andrefelizardo.com.br\/blog\/?p=515"},"modified":"2016-03-29T17:21:11","modified_gmt":"2016-03-29T17:21:11","slug":"instagram-cria-ordem-de-relevancia-para-imagens-igual-ao-facebook","status":"publish","type":"post","link":"https:\/\/www.andrefelizardo.com.br\/blog\/instagram-cria-ordem-de-relevancia-para-imagens-igual-ao-facebook\/","title":{"rendered":"Instagram cria ordem de relev\u00e2ncia para imagens, igual ao Facebook"},"content":{"rendered":"<p>O Instagram anunciou a alguns dias uma mudan\u00e7a, que est\u00e1 movimentando as opini\u00f5es do mundo do Marketing Digital.<\/p>\n<p>A partir de hoje(29)<strong>[atualiza\u00e7\u00e3o no fim do texto]<\/strong>, as imagens postadas no Instagram ser\u00e3o exibidas para os usu\u00e1rios de acordo com a<!--more--> relev\u00e2ncia, assim como o Facebook.<\/p>\n<p><a href=\"http:\/\/www.andrefelizardo.com.br\/blog\/wp-content\/uploads\/2016\/03\/Boas-pr\u00e1ticas-no-Instagram1.jpg\" rel=\"attachment wp-att-518\"><img decoding=\"async\" class=\"aligncenter wp-image-518 lazyload\" data-src=\"http:\/\/www.andrefelizardo.com.br\/blog\/wp-content\/uploads\/2016\/03\/Boas-pr\u00e1ticas-no-Instagram1-300x169.jpg\" alt=\"Instagram em um smartphone\" width=\"455\" height=\"214\" src=\"data:image\/svg+xml;base64,PHN2ZyB3aWR0aD0iMSIgaGVpZ2h0PSIxIiB4bWxucz0iaHR0cDovL3d3dy53My5vcmcvMjAwMC9zdmciPjwvc3ZnPg==\" style=\"--smush-placeholder-width: 455px; --smush-placeholder-aspect-ratio: 455\/214;\" \/><\/a><\/p>\n<h2>Instagram<\/h2>\n<p>Caso voc\u00ea n\u00e3o conhe\u00e7a, o Instagram \u00e9 uma rede social para compartilhamento de fotos e v\u00eddeos que permite a aplica\u00e7\u00e3o de filtros digitais e compartilhar as imagens com v\u00e1rias redes sociais.<\/p>\n<p>A rede foi criada em 2010, e em 2012 j\u00e1 tinha mais de 100 milh\u00f5es de usu\u00e1rios. No mesmo ano, o Facebook comprou o Instagram por cerca de 1 bilh\u00e3o de d\u00f3lares (entre dinheiro e a\u00e7\u00f5es).<\/p>\n<h2>A mudan\u00e7a<\/h2>\n<p>As fotos e v\u00eddeos ser\u00e3o priorizadas, de forma que cada usu\u00e1rio ver\u00e1 primeiramente os conte\u00fados nos quais est\u00e3o supostamente mais interessados.<\/p>\n<p>O ranking dos conte\u00fados que voc\u00ea mais se interessa ser\u00e1 baseado em v\u00e1rios fatores, dentre eles, a rela\u00e7\u00e3o do usu\u00e1rio com o perfil seguido, quantidade de curtidas e coment\u00e1rios e a hora em que a imagem foi publicada pela conta.<\/p>\n<h2>Justificativa<\/h2>\n<p>Segundo o pr\u00f3prio Instagram, a justificativa est\u00e1 na constata\u00e7\u00e3o de que os usu\u00e1rios n\u00e3o conseguem ver mais de 70% dos v\u00eddeos e imagens que s\u00e3o publicados, diariamente.<\/p>\n<p>Segue texto do comunicado:<\/p>\n<blockquote><p>&#8220;Isso significa que se o seu m\u00fasico favorito compartilhar um v\u00eddeo do show da noite passada, a publica\u00e7\u00e3o estar\u00e1 esperando por voc\u00ea quando acordar, independente de quantas contas voc\u00ea segue e em qual fuso hor\u00e1rio vive. E quando a sua melhor amiga publicar uma foto nova voc\u00ea n\u00e3o ir\u00e1 perder.&#8221;<\/p><\/blockquote>\n<h2>Corrida para ativar notifica\u00e7\u00f5es<\/h2>\n<p>Assim que essas mudan\u00e7as foram anunciadas, a pol\u00eamica come\u00e7ou entre os usu\u00e1rios. A maioria contra a mudan\u00e7a.<\/p>\n<p>Por\u00e9m, se l\u00e1 no Facebook, o usu\u00e1rio pode ir na p\u00e1gina que curtiu e clicar em\u00a0<em>Ver Primeiro<\/em>, no Instagram voc\u00ea tamb\u00e9m tem uma op\u00e7\u00e3o semelhante (que j\u00e1 estava na rede social a v\u00e1rias semanas, mas depois de anunciada essa mudan\u00e7a, todo mundo come\u00e7ou a pedir d-e-s-e-s-p-e-r-a-d-a-m-e-n-t-e isso).<\/p>\n<p>Basta que voc\u00ea v\u00e1 at\u00e9 o perfil que quer receber notifica\u00e7\u00f5es de publica\u00e7\u00e3o, clique naqueles 3 pontinhos e depois em\u00a0<em>Ativar notifica\u00e7\u00f5es de publica\u00e7\u00e3o<\/em>.<\/p>\n<p><strong>IMPORTANTE:\u00a0<\/strong>Ao ativar esse recurso, voc\u00ea indica ao algoritmo que quer ver as publica\u00e7\u00f5es do perfil em destaque, ou seja, voc\u00ea vai receber notifica\u00e7\u00f5es TODA VEZ que o perfil fizer uma nova publica\u00e7\u00e3o.<\/p>\n<h2>Atualiza\u00e7\u00f5es<\/h2>\n<p>Trabalhar com Internet \u00e9 divertido demais. Enquanto eu estava escrevendo esse texto, v\u00e1rias e v\u00e1rias atualiza\u00e7\u00f5es no mais variados portais, sobre esse assunto, mas eu vou explicar pra voc\u00ea, as informa\u00e7\u00f5es diretas da fonte.<\/p>\n<p>O Instagram esclareceu que essa data de lan\u00e7amento (que seria hoje, 29 de mar\u00e7o) n\u00e3o existe. E que a mudan\u00e7a ser\u00e1 feita sim. Por\u00e9m, os planos da empresa \u00e9 efetuar essa mudan\u00e7a nos pr\u00f3ximos meses. Ainda segundo a empresa, eles est\u00e3o fazendo testes com um &#8220;grupo \u00ednfimo&#8221; de pessoas para avaliar o impacto da altera\u00e7\u00e3o. Dizem ainda, de acordo com comunicado feito pelo Twitter, que as mudan\u00e7as ser\u00e3o devidamente comunicadas quando de fato forem executadas.\u00a0<strong>[t\u00edtulo e chamada n\u00e3o alterados]<\/strong><\/p>\n<p>Aproveita e me segue l\u00e1 no Instagram! Perfil liberado! <a href=\"http:\/\/instagram.com\/felizardo_andre\" target=\"_blank\">@felizardo_andre<\/a><\/p>\n","protected":false},"excerpt":{"rendered":"<p>O Instagram anunciou a alguns dias uma mudan\u00e7a, que est\u00e1 movimentando as opini\u00f5es do mundo do Marketing Digital. A partir de hoje(29)[atualiza\u00e7\u00e3o no fim do texto], as imagens postadas no Instagram ser\u00e3o exibidas para os usu\u00e1rios de acordo com a<\/p>\n","protected":false},"author":1,"featured_media":517,"comment_status":"open","ping_status":"open","sticky":false,"template":"","format":"standard","meta":{"_jetpack_newsletter_access":"","_jetpack_dont_email_post_to_subs":false,"_jetpack_newsletter_tier_id":0,"_jetpack_memberships_contains_paywalled_content":false,"_jetpack_memberships_contains_paid_content":false,"footnotes":""},"categories":[63,105],"tags":[22,107,38,39,43],"class_list":["post-515","post","type-post","status-publish","format-standard","has-post-thumbnail","hentry","category-aplicativos","category-marketing-digital","tag-facebook","tag-instagram","tag-marketing","tag-marketing-digital","tag-twitter"],"yoast_head":"<!-- This site is optimized with the Yoast SEO plugin v27.5 - https:\/\/yoast.com\/product\/yoast-seo-wordpress\/ -->\n<title>Instagram cria ordem de relev\u00e2ncia para imagens, igual ao Facebook - Blog do Andr\u00e9 Felizardo<\/title>\n<meta name=\"robots\" content=\"index, follow, max-snippet:-1, max-image-preview:large, max-video-preview:-1\" \/>\n<link rel=\"canonical\" href=\"https:\/\/www.andrefelizardo.com.br\/blog\/instagram-cria-ordem-de-relevancia-para-imagens-igual-ao-facebook\/\" \/>\n<meta property=\"og:locale\" content=\"pt_BR\" \/>\n<meta property=\"og:type\" content=\"article\" \/>\n<meta property=\"og:title\" content=\"Instagram cria ordem de relev\u00e2ncia para imagens, igual ao Facebook - Blog do Andr\u00e9 Felizardo\" \/>\n<meta property=\"og:description\" content=\"O Instagram anunciou a alguns dias uma mudan\u00e7a, que est\u00e1 movimentando as opini\u00f5es do mundo do Marketing Digital. A partir de hoje(29)[atualiza\u00e7\u00e3o no fim do texto], as imagens postadas no Instagram ser\u00e3o exibidas para os usu\u00e1rios de acordo com a\" \/>\n<meta property=\"og:url\" content=\"https:\/\/www.andrefelizardo.com.br\/blog\/instagram-cria-ordem-de-relevancia-para-imagens-igual-ao-facebook\/\" \/>\n<meta property=\"og:site_name\" content=\"Blog do Andr\u00e9 Felizardo\" \/>\n<meta property=\"article:published_time\" content=\"2016-03-29T17:21:11+00:00\" \/>\n<meta property=\"og:image\" content=\"https:\/\/www.andrefelizardo.com.br\/blog\/wp-content\/uploads\/2016\/03\/instagram-post-blog.png\" \/>\n\t<meta property=\"og:image:width\" content=\"960\" \/>\n\t<meta property=\"og:image:height\" content=\"540\" \/>\n\t<meta property=\"og:image:type\" content=\"image\/png\" \/>\n<meta name=\"author\" content=\"Andr\u00e9 Felizardo\" \/>\n<meta name=\"twitter:card\" content=\"summary_large_image\" \/>\n<meta name=\"twitter:label1\" content=\"Escrito por\" \/>\n\t<meta name=\"twitter:data1\" content=\"Andr\u00e9 Felizardo\" \/>\n\t<meta name=\"twitter:label2\" content=\"Est. tempo de leitura\" \/>\n\t<meta name=\"twitter:data2\" content=\"3 minutos\" \/>\n<script type=\"application\/ld+json\" class=\"yoast-schema-graph\">{\"@context\":\"https:\\\/\\\/schema.org\",\"@graph\":[{\"@type\":\"Article\",\"@id\":\"https:\\\/\\\/www.andrefelizardo.com.br\\\/blog\\\/instagram-cria-ordem-de-relevancia-para-imagens-igual-ao-facebook\\\/#article\",\"isPartOf\":{\"@id\":\"https:\\\/\\\/www.andrefelizardo.com.br\\\/blog\\\/instagram-cria-ordem-de-relevancia-para-imagens-igual-ao-facebook\\\/\"},\"author\":{\"name\":\"Andr\u00e9 Felizardo\",\"@id\":\"http:\\\/\\\/www.andrefelizardo.com.br\\\/blog\\\/#\\\/schema\\\/person\\\/7ffba68b251851fb519600e2e387a02b\"},\"headline\":\"Instagram cria ordem de relev\u00e2ncia para imagens, igual ao Facebook\",\"datePublished\":\"2016-03-29T17:21:11+00:00\",\"mainEntityOfPage\":{\"@id\":\"https:\\\/\\\/www.andrefelizardo.com.br\\\/blog\\\/instagram-cria-ordem-de-relevancia-para-imagens-igual-ao-facebook\\\/\"},\"wordCount\":589,\"commentCount\":0,\"image\":{\"@id\":\"https:\\\/\\\/www.andrefelizardo.com.br\\\/blog\\\/instagram-cria-ordem-de-relevancia-para-imagens-igual-ao-facebook\\\/#primaryimage\"},\"thumbnailUrl\":\"https:\\\/\\\/www.andrefelizardo.com.br\\\/blog\\\/wp-content\\\/uploads\\\/2016\\\/03\\\/instagram-post-blog.png\",\"keywords\":[\"facebook\",\"instagram\",\"marketing\",\"marketing digital\",\"twitter\"],\"articleSection\":[\"Aplicativos\",\"Marketing Digital\"],\"inLanguage\":\"pt-BR\",\"potentialAction\":[{\"@type\":\"CommentAction\",\"name\":\"Comment\",\"target\":[\"https:\\\/\\\/www.andrefelizardo.com.br\\\/blog\\\/instagram-cria-ordem-de-relevancia-para-imagens-igual-ao-facebook\\\/#respond\"]}]},{\"@type\":\"WebPage\",\"@id\":\"https:\\\/\\\/www.andrefelizardo.com.br\\\/blog\\\/instagram-cria-ordem-de-relevancia-para-imagens-igual-ao-facebook\\\/\",\"url\":\"https:\\\/\\\/www.andrefelizardo.com.br\\\/blog\\\/instagram-cria-ordem-de-relevancia-para-imagens-igual-ao-facebook\\\/\",\"name\":\"Instagram cria ordem de relev\u00e2ncia para imagens, igual ao Facebook - Blog do Andr\u00e9 Felizardo\",\"isPartOf\":{\"@id\":\"http:\\\/\\\/www.andrefelizardo.com.br\\\/blog\\\/#website\"},\"primaryImageOfPage\":{\"@id\":\"https:\\\/\\\/www.andrefelizardo.com.br\\\/blog\\\/instagram-cria-ordem-de-relevancia-para-imagens-igual-ao-facebook\\\/#primaryimage\"},\"image\":{\"@id\":\"https:\\\/\\\/www.andrefelizardo.com.br\\\/blog\\\/instagram-cria-ordem-de-relevancia-para-imagens-igual-ao-facebook\\\/#primaryimage\"},\"thumbnailUrl\":\"https:\\\/\\\/www.andrefelizardo.com.br\\\/blog\\\/wp-content\\\/uploads\\\/2016\\\/03\\\/instagram-post-blog.png\",\"datePublished\":\"2016-03-29T17:21:11+00:00\",\"author\":{\"@id\":\"http:\\\/\\\/www.andrefelizardo.com.br\\\/blog\\\/#\\\/schema\\\/person\\\/7ffba68b251851fb519600e2e387a02b\"},\"breadcrumb\":{\"@id\":\"https:\\\/\\\/www.andrefelizardo.com.br\\\/blog\\\/instagram-cria-ordem-de-relevancia-para-imagens-igual-ao-facebook\\\/#breadcrumb\"},\"inLanguage\":\"pt-BR\",\"potentialAction\":[{\"@type\":\"ReadAction\",\"target\":[\"https:\\\/\\\/www.andrefelizardo.com.br\\\/blog\\\/instagram-cria-ordem-de-relevancia-para-imagens-igual-ao-facebook\\\/\"]}]},{\"@type\":\"ImageObject\",\"inLanguage\":\"pt-BR\",\"@id\":\"https:\\\/\\\/www.andrefelizardo.com.br\\\/blog\\\/instagram-cria-ordem-de-relevancia-para-imagens-igual-ao-facebook\\\/#primaryimage\",\"url\":\"https:\\\/\\\/www.andrefelizardo.com.br\\\/blog\\\/wp-content\\\/uploads\\\/2016\\\/03\\\/instagram-post-blog.png\",\"contentUrl\":\"https:\\\/\\\/www.andrefelizardo.com.br\\\/blog\\\/wp-content\\\/uploads\\\/2016\\\/03\\\/instagram-post-blog.png\",\"width\":960,\"height\":540,\"caption\":\"Instagram Logo\"},{\"@type\":\"BreadcrumbList\",\"@id\":\"https:\\\/\\\/www.andrefelizardo.com.br\\\/blog\\\/instagram-cria-ordem-de-relevancia-para-imagens-igual-ao-facebook\\\/#breadcrumb\",\"itemListElement\":[{\"@type\":\"ListItem\",\"position\":1,\"name\":\"In\u00edcio\",\"item\":\"http:\\\/\\\/www.andrefelizardo.com.br\\\/blog\\\/\"},{\"@type\":\"ListItem\",\"position\":2,\"name\":\"Instagram cria ordem de relev\u00e2ncia para imagens, igual ao Facebook\"}]},{\"@type\":\"WebSite\",\"@id\":\"http:\\\/\\\/www.andrefelizardo.com.br\\\/blog\\\/#website\",\"url\":\"http:\\\/\\\/www.andrefelizardo.com.br\\\/blog\\\/\",\"name\":\"Blog do Andr\u00e9 Felizardo\",\"description\":\"Programa\u00e7\u00e3o de dev para dev\",\"potentialAction\":[{\"@type\":\"SearchAction\",\"target\":{\"@type\":\"EntryPoint\",\"urlTemplate\":\"http:\\\/\\\/www.andrefelizardo.com.br\\\/blog\\\/?s={search_term_string}\"},\"query-input\":{\"@type\":\"PropertyValueSpecification\",\"valueRequired\":true,\"valueName\":\"search_term_string\"}}],\"inLanguage\":\"pt-BR\"},{\"@type\":\"Person\",\"@id\":\"http:\\\/\\\/www.andrefelizardo.com.br\\\/blog\\\/#\\\/schema\\\/person\\\/7ffba68b251851fb519600e2e387a02b\",\"name\":\"Andr\u00e9 Felizardo\",\"image\":{\"@type\":\"ImageObject\",\"inLanguage\":\"pt-BR\",\"@id\":\"https:\\\/\\\/www.andrefelizardo.com.br\\\/blog\\\/wp-content\\\/wphb-cache\\\/gravatar\\\/9f9\\\/9f92d8b773ef5acf9b462d6dab41d783x96.jpg\",\"url\":\"https:\\\/\\\/www.andrefelizardo.com.br\\\/blog\\\/wp-content\\\/wphb-cache\\\/gravatar\\\/9f9\\\/9f92d8b773ef5acf9b462d6dab41d783x96.jpg\",\"contentUrl\":\"https:\\\/\\\/www.andrefelizardo.com.br\\\/blog\\\/wp-content\\\/wphb-cache\\\/gravatar\\\/9f9\\\/9f92d8b773ef5acf9b462d6dab41d783x96.jpg\",\"caption\":\"Andr\u00e9 Felizardo\"},\"sameAs\":[\"http:\\\/\\\/www.andrefelizardo.com.br\"],\"url\":\"https:\\\/\\\/www.andrefelizardo.com.br\\\/blog\\\/author\\\/andrefelizardo\\\/\"}]}<\/script>\n<!-- \/ Yoast SEO plugin. -->","yoast_head_json":{"title":"Instagram cria ordem de relev\u00e2ncia para imagens, igual ao Facebook - Blog do Andr\u00e9 Felizardo","robots":{"index":"index","follow":"follow","max-snippet":"max-snippet:-1","max-image-preview":"max-image-preview:large","max-video-preview":"max-video-preview:-1"},"canonical":"https:\/\/www.andrefelizardo.com.br\/blog\/instagram-cria-ordem-de-relevancia-para-imagens-igual-ao-facebook\/","og_locale":"pt_BR","og_type":"article","og_title":"Instagram cria ordem de relev\u00e2ncia para imagens, igual ao Facebook - Blog do Andr\u00e9 Felizardo","og_description":"O Instagram anunciou a alguns dias uma mudan\u00e7a, que est\u00e1 movimentando as opini\u00f5es do mundo do Marketing Digital. A partir de hoje(29)[atualiza\u00e7\u00e3o no fim do texto], as imagens postadas no Instagram ser\u00e3o exibidas para os usu\u00e1rios de acordo com a","og_url":"https:\/\/www.andrefelizardo.com.br\/blog\/instagram-cria-ordem-de-relevancia-para-imagens-igual-ao-facebook\/","og_site_name":"Blog do Andr\u00e9 Felizardo","article_published_time":"2016-03-29T17:21:11+00:00","og_image":[{"width":960,"height":540,"url":"https:\/\/www.andrefelizardo.com.br\/blog\/wp-content\/uploads\/2016\/03\/instagram-post-blog.png","type":"image\/png"}],"author":"Andr\u00e9 Felizardo","twitter_card":"summary_large_image","twitter_misc":{"Escrito por":"Andr\u00e9 Felizardo","Est. tempo de leitura":"3 minutos"},"schema":{"@context":"https:\/\/schema.org","@graph":[{"@type":"Article","@id":"https:\/\/www.andrefelizardo.com.br\/blog\/instagram-cria-ordem-de-relevancia-para-imagens-igual-ao-facebook\/#article","isPartOf":{"@id":"https:\/\/www.andrefelizardo.com.br\/blog\/instagram-cria-ordem-de-relevancia-para-imagens-igual-ao-facebook\/"},"author":{"name":"Andr\u00e9 Felizardo","@id":"http:\/\/www.andrefelizardo.com.br\/blog\/#\/schema\/person\/7ffba68b251851fb519600e2e387a02b"},"headline":"Instagram cria ordem de relev\u00e2ncia para imagens, igual ao Facebook","datePublished":"2016-03-29T17:21:11+00:00","mainEntityOfPage":{"@id":"https:\/\/www.andrefelizardo.com.br\/blog\/instagram-cria-ordem-de-relevancia-para-imagens-igual-ao-facebook\/"},"wordCount":589,"commentCount":0,"image":{"@id":"https:\/\/www.andrefelizardo.com.br\/blog\/instagram-cria-ordem-de-relevancia-para-imagens-igual-ao-facebook\/#primaryimage"},"thumbnailUrl":"https:\/\/www.andrefelizardo.com.br\/blog\/wp-content\/uploads\/2016\/03\/instagram-post-blog.png","keywords":["facebook","instagram","marketing","marketing digital","twitter"],"articleSection":["Aplicativos","Marketing Digital"],"inLanguage":"pt-BR","potentialAction":[{"@type":"CommentAction","name":"Comment","target":["https:\/\/www.andrefelizardo.com.br\/blog\/instagram-cria-ordem-de-relevancia-para-imagens-igual-ao-facebook\/#respond"]}]},{"@type":"WebPage","@id":"https:\/\/www.andrefelizardo.com.br\/blog\/instagram-cria-ordem-de-relevancia-para-imagens-igual-ao-facebook\/","url":"https:\/\/www.andrefelizardo.com.br\/blog\/instagram-cria-ordem-de-relevancia-para-imagens-igual-ao-facebook\/","name":"Instagram cria ordem de relev\u00e2ncia para imagens, igual ao Facebook - Blog do Andr\u00e9 Felizardo","isPartOf":{"@id":"http:\/\/www.andrefelizardo.com.br\/blog\/#website"},"primaryImageOfPage":{"@id":"https:\/\/www.andrefelizardo.com.br\/blog\/instagram-cria-ordem-de-relevancia-para-imagens-igual-ao-facebook\/#primaryimage"},"image":{"@id":"https:\/\/www.andrefelizardo.com.br\/blog\/instagram-cria-ordem-de-relevancia-para-imagens-igual-ao-facebook\/#primaryimage"},"thumbnailUrl":"https:\/\/www.andrefelizardo.com.br\/blog\/wp-content\/uploads\/2016\/03\/instagram-post-blog.png","datePublished":"2016-03-29T17:21:11+00:00","author":{"@id":"http:\/\/www.andrefelizardo.com.br\/blog\/#\/schema\/person\/7ffba68b251851fb519600e2e387a02b"},"breadcrumb":{"@id":"https:\/\/www.andrefelizardo.com.br\/blog\/instagram-cria-ordem-de-relevancia-para-imagens-igual-ao-facebook\/#breadcrumb"},"inLanguage":"pt-BR","potentialAction":[{"@type":"ReadAction","target":["https:\/\/www.andrefelizardo.com.br\/blog\/instagram-cria-ordem-de-relevancia-para-imagens-igual-ao-facebook\/"]}]},{"@type":"ImageObject","inLanguage":"pt-BR","@id":"https:\/\/www.andrefelizardo.com.br\/blog\/instagram-cria-ordem-de-relevancia-para-imagens-igual-ao-facebook\/#primaryimage","url":"https:\/\/www.andrefelizardo.com.br\/blog\/wp-content\/uploads\/2016\/03\/instagram-post-blog.png","contentUrl":"https:\/\/www.andrefelizardo.com.br\/blog\/wp-content\/uploads\/2016\/03\/instagram-post-blog.png","width":960,"height":540,"caption":"Instagram Logo"},{"@type":"BreadcrumbList","@id":"https:\/\/www.andrefelizardo.com.br\/blog\/instagram-cria-ordem-de-relevancia-para-imagens-igual-ao-facebook\/#breadcrumb","itemListElement":[{"@type":"ListItem","position":1,"name":"In\u00edcio","item":"http:\/\/www.andrefelizardo.com.br\/blog\/"},{"@type":"ListItem","position":2,"name":"Instagram cria ordem de relev\u00e2ncia para imagens, igual ao Facebook"}]},{"@type":"WebSite","@id":"http:\/\/www.andrefelizardo.com.br\/blog\/#website","url":"http:\/\/www.andrefelizardo.com.br\/blog\/","name":"Blog do Andr\u00e9 Felizardo","description":"Programa\u00e7\u00e3o de dev para dev","potentialAction":[{"@type":"SearchAction","target":{"@type":"EntryPoint","urlTemplate":"http:\/\/www.andrefelizardo.com.br\/blog\/?s={search_term_string}"},"query-input":{"@type":"PropertyValueSpecification","valueRequired":true,"valueName":"search_term_string"}}],"inLanguage":"pt-BR"},{"@type":"Person","@id":"http:\/\/www.andrefelizardo.com.br\/blog\/#\/schema\/person\/7ffba68b251851fb519600e2e387a02b","name":"Andr\u00e9 Felizardo","image":{"@type":"ImageObject","inLanguage":"pt-BR","@id":"https:\/\/www.andrefelizardo.com.br\/blog\/wp-content\/wphb-cache\/gravatar\/9f9\/9f92d8b773ef5acf9b462d6dab41d783x96.jpg","url":"https:\/\/www.andrefelizardo.com.br\/blog\/wp-content\/wphb-cache\/gravatar\/9f9\/9f92d8b773ef5acf9b462d6dab41d783x96.jpg","contentUrl":"https:\/\/www.andrefelizardo.com.br\/blog\/wp-content\/wphb-cache\/gravatar\/9f9\/9f92d8b773ef5acf9b462d6dab41d783x96.jpg","caption":"Andr\u00e9 Felizardo"},"sameAs":["http:\/\/www.andrefelizardo.com.br"],"url":"https:\/\/www.andrefelizardo.com.br\/blog\/author\/andrefelizardo\/"}]}},"jetpack_featured_media_url":"https:\/\/www.andrefelizardo.com.br\/blog\/wp-content\/uploads\/2016\/03\/instagram-post-blog.png","jetpack_shortlink":"https:\/\/wp.me\/p6EP66-8j","jetpack-related-posts":[{"id":821,"url":"https:\/\/www.andrefelizardo.com.br\/blog\/projetos-paralelos\/","url_meta":{"origin":515,"position":0},"title":"Projetos paralelos","author":"Andr\u00e9 Felizardo","date":"5 de maio de 2017","format":false,"excerpt":"Esse texto \u00e9 sobre sair da zona de conforto. O meu Blog \u00e9 a minha vis\u00e3o sobre Marketing Digital, Empreendedorismo e Tecnologia.\u00a0(t\u00e1 no t\u00edtulo!) Desde que eu comecei a trabalhar (l\u00e1 em 2007), eu trabalho com tecnologia. Meu primeiro emprego foi num curso de inform\u00e1tica e passei por praticamente todas\u2026","rel":"","context":"Em &quot;Dicas&quot;","block_context":{"text":"Dicas","link":"https:\/\/www.andrefelizardo.com.br\/blog\/category\/dicas\/"},"img":{"alt_text":"","src":"https:\/\/i0.wp.com\/www.andrefelizardo.com.br\/blog\/wp-content\/uploads\/2017\/05\/F672CBDC0F1.jpg?resize=350%2C200&ssl=1","width":350,"height":200,"srcset":"https:\/\/i0.wp.com\/www.andrefelizardo.com.br\/blog\/wp-content\/uploads\/2017\/05\/F672CBDC0F1.jpg?resize=350%2C200&ssl=1 1x, https:\/\/i0.wp.com\/www.andrefelizardo.com.br\/blog\/wp-content\/uploads\/2017\/05\/F672CBDC0F1.jpg?resize=525%2C300&ssl=1 1.5x, https:\/\/i0.wp.com\/www.andrefelizardo.com.br\/blog\/wp-content\/uploads\/2017\/05\/F672CBDC0F1.jpg?resize=700%2C400&ssl=1 2x"},"classes":[]},{"id":227,"url":"https:\/\/www.andrefelizardo.com.br\/blog\/o-que-e-marketing-digital\/","url_meta":{"origin":515,"position":1},"title":"O que \u00e9 marketing digital?","author":"Andr\u00e9 Felizardo","date":"28 de agosto de 2015","format":false,"excerpt":"Marketing Digital \u00e9 um dos assuntos mais comentados da d\u00e9cada atual. Atualmente no Google existem mais de 187 milh\u00f5es de resultados para a pergunta: O que \u00e9 Marketing Digital? Ao contr\u00e1rio dos canais de marketing tradicional, onde quem controla s\u00e3o os grupos empresariais (como TV e outros), na Internet o\u2026","rel":"","context":"Em &quot;Marketing&quot;","block_context":{"text":"Marketing","link":"https:\/\/www.andrefelizardo.com.br\/blog\/category\/marketing\/"},"img":{"alt_text":"O que \u00e9 Marketing Digital?","src":"https:\/\/i0.wp.com\/www.andrefelizardo.com.br\/blog\/wp-content\/uploads\/2015\/08\/o-que-e-marketing-digital.jpg?resize=350%2C200&ssl=1","width":350,"height":200,"srcset":"https:\/\/i0.wp.com\/www.andrefelizardo.com.br\/blog\/wp-content\/uploads\/2015\/08\/o-que-e-marketing-digital.jpg?resize=350%2C200&ssl=1 1x, https:\/\/i0.wp.com\/www.andrefelizardo.com.br\/blog\/wp-content\/uploads\/2015\/08\/o-que-e-marketing-digital.jpg?resize=525%2C300&ssl=1 1.5x, https:\/\/i0.wp.com\/www.andrefelizardo.com.br\/blog\/wp-content\/uploads\/2015\/08\/o-que-e-marketing-digital.jpg?resize=700%2C400&ssl=1 2x, https:\/\/i0.wp.com\/www.andrefelizardo.com.br\/blog\/wp-content\/uploads\/2015\/08\/o-que-e-marketing-digital.jpg?resize=1050%2C600&ssl=1 3x"},"classes":[]},{"id":732,"url":"https:\/\/www.andrefelizardo.com.br\/blog\/primeiro-ano-serio-do-blog-balanco-2016\/","url_meta":{"origin":515,"position":2},"title":"Primeiro ano (s\u00e9rio) do blog &#8211; Balan\u00e7o 2016","author":"Andr\u00e9 Felizardo","date":"13 de dezembro de 2016","format":false,"excerpt":"Estamos na \u00e9poca de Retrospectivas n\u00e9, ent\u00e3o vou come\u00e7ar a minha. Esse ano foi o segundo ano do blog, mas na verdade foi o primeiro ano que eu levei o blog a s\u00e9rio, e os n\u00fameros foram impressionantes! Divulga\u00e7\u00e3o Bom, eu n\u00e3o utilizei nenhum m\u00e9todo pago este ano para conseguir\u2026","rel":"","context":"Em &quot;Curiosidades&quot;","block_context":{"text":"Curiosidades","link":"https:\/\/www.andrefelizardo.com.br\/blog\/category\/curiosidades\/"},"img":{"alt_text":"Splash Screen Ionic","src":"https:\/\/i0.wp.com\/www.andrefelizardo.com.br\/blog\/wp-content\/uploads\/2016\/07\/splash-andre-felizardo.png?resize=350%2C200&ssl=1","width":350,"height":200,"srcset":"https:\/\/i0.wp.com\/www.andrefelizardo.com.br\/blog\/wp-content\/uploads\/2016\/07\/splash-andre-felizardo.png?resize=350%2C200&ssl=1 1x, https:\/\/i0.wp.com\/www.andrefelizardo.com.br\/blog\/wp-content\/uploads\/2016\/07\/splash-andre-felizardo.png?resize=525%2C300&ssl=1 1.5x, https:\/\/i0.wp.com\/www.andrefelizardo.com.br\/blog\/wp-content\/uploads\/2016\/07\/splash-andre-felizardo.png?resize=700%2C400&ssl=1 2x, https:\/\/i0.wp.com\/www.andrefelizardo.com.br\/blog\/wp-content\/uploads\/2016\/07\/splash-andre-felizardo.png?resize=1050%2C600&ssl=1 3x, https:\/\/i0.wp.com\/www.andrefelizardo.com.br\/blog\/wp-content\/uploads\/2016\/07\/splash-andre-felizardo.png?resize=1400%2C800&ssl=1 4x"},"classes":[]},{"id":504,"url":"https:\/\/www.andrefelizardo.com.br\/blog\/facebook-reactions-o-que-muda-para-as-marcas\/","url_meta":{"origin":515,"position":3},"title":"Facebook Reactions: O que muda para as marcas?","author":"Andr\u00e9 Felizardo","date":"26 de fevereiro de 2016","format":false,"excerpt":"O Facebook lan\u00e7ou essa semana, mundialmente, o Facebook Reactions ou Facebook Rea\u00e7\u00f5es, traduzindo. S\u00e3o novas op\u00e7\u00f5es ao curtir,\u00a0acompanhe comigo aqui embaixo o que muda para sua marca. Finalmente! A alguns meses, se voc\u00ea acompanha as novidades da rede social do tio Mark Zuckerberg, foi divulgado que ter\u00edamos mais bot\u00f5es al\u00e9m\u2026","rel":"","context":"Em &quot;Marketing&quot;","block_context":{"text":"Marketing","link":"https:\/\/www.andrefelizardo.com.br\/blog\/category\/marketing\/"},"img":{"alt_text":"Facebook Reactions","src":"https:\/\/i0.wp.com\/www.andrefelizardo.com.br\/blog\/wp-content\/uploads\/2016\/02\/facebook-reactions.png?resize=350%2C200&ssl=1","width":350,"height":200,"srcset":"https:\/\/i0.wp.com\/www.andrefelizardo.com.br\/blog\/wp-content\/uploads\/2016\/02\/facebook-reactions.png?resize=350%2C200&ssl=1 1x, https:\/\/i0.wp.com\/www.andrefelizardo.com.br\/blog\/wp-content\/uploads\/2016\/02\/facebook-reactions.png?resize=525%2C300&ssl=1 1.5x, https:\/\/i0.wp.com\/www.andrefelizardo.com.br\/blog\/wp-content\/uploads\/2016\/02\/facebook-reactions.png?resize=700%2C400&ssl=1 2x, https:\/\/i0.wp.com\/www.andrefelizardo.com.br\/blog\/wp-content\/uploads\/2016\/02\/facebook-reactions.png?resize=1050%2C600&ssl=1 3x, https:\/\/i0.wp.com\/www.andrefelizardo.com.br\/blog\/wp-content\/uploads\/2016\/02\/facebook-reactions.png?resize=1400%2C800&ssl=1 4x"},"classes":[]},{"id":852,"url":"https:\/\/www.andrefelizardo.com.br\/blog\/firebase-nao-desenvolva-o-backend\/","url_meta":{"origin":515,"position":4},"title":"Firebase &#8211; N\u00e3o desenvolva o backend","author":"Andr\u00e9 Felizardo","date":"2 de julho de 2017","format":false,"excerpt":"Voc\u00ea j\u00e1 ouviu falar no Firebase? Firebase \u00e9 um servi\u00e7o do Google para agilizar o desenvolvimento de sites e aplicativos, disponibilizando ferramentas backend automatizadas. Ent\u00e3o, se voc\u00ea precisa desenvolver algo muito r\u00e1pido, focar nas regras de neg\u00f3cio sem precisar modelar banco, criar servi\u00e7o de autentica\u00e7\u00e3o e outros o Firebase \u00e9\u2026","rel":"","context":"Em &quot;Dev&quot;","block_context":{"text":"Dev","link":"https:\/\/www.andrefelizardo.com.br\/blog\/category\/dev\/"},"img":{"alt_text":"","src":"https:\/\/i0.wp.com\/www.andrefelizardo.com.br\/blog\/wp-content\/uploads\/2017\/06\/firebase.png?resize=350%2C200&ssl=1","width":350,"height":200,"srcset":"https:\/\/i0.wp.com\/www.andrefelizardo.com.br\/blog\/wp-content\/uploads\/2017\/06\/firebase.png?resize=350%2C200&ssl=1 1x, https:\/\/i0.wp.com\/www.andrefelizardo.com.br\/blog\/wp-content\/uploads\/2017\/06\/firebase.png?resize=525%2C300&ssl=1 1.5x, https:\/\/i0.wp.com\/www.andrefelizardo.com.br\/blog\/wp-content\/uploads\/2017\/06\/firebase.png?resize=700%2C400&ssl=1 2x"},"classes":[]},{"id":3,"url":"https:\/\/www.andrefelizardo.com.br\/blog\/inbound-marketing\/","url_meta":{"origin":515,"position":5},"title":"O que \u00e9 Inbound Marketing?","author":"Andr\u00e9 Felizardo","date":"29 de setembro de 2015","format":false,"excerpt":"Eu n\u00e3o sei se aconteceu com voc\u00ea. Mas desde que comecei a pesquisar e a ler sobre Marketing Digital, sempre apareceram refer\u00eancias sobre Inbound Marketing. Esse texto \u00e9 pra te ajudar a entender melhor como funciona essa tend\u00eancia mundial, e que todas as empresas que querem crescer devem seguir. O\u2026","rel":"","context":"Em &quot;Marketing&quot;","block_context":{"text":"Marketing","link":"https:\/\/www.andrefelizardo.com.br\/blog\/category\/marketing\/"},"img":{"alt_text":"Funil de Inbound Marketing","src":"https:\/\/i0.wp.com\/www.andrefelizardo.com.br\/blog\/wp-content\/uploads\/2015\/09\/inbound-marketing-funil.jpg?resize=350%2C200&ssl=1","width":350,"height":200,"srcset":"https:\/\/i0.wp.com\/www.andrefelizardo.com.br\/blog\/wp-content\/uploads\/2015\/09\/inbound-marketing-funil.jpg?resize=350%2C200&ssl=1 1x, https:\/\/i0.wp.com\/www.andrefelizardo.com.br\/blog\/wp-content\/uploads\/2015\/09\/inbound-marketing-funil.jpg?resize=525%2C300&ssl=1 1.5x"},"classes":[]}],"jetpack_sharing_enabled":true,"_links":{"self":[{"href":"https:\/\/www.andrefelizardo.com.br\/blog\/wp-json\/wp\/v2\/posts\/515","targetHints":{"allow":["GET"]}}],"collection":[{"href":"https:\/\/www.andrefelizardo.com.br\/blog\/wp-json\/wp\/v2\/posts"}],"about":[{"href":"https:\/\/www.andrefelizardo.com.br\/blog\/wp-json\/wp\/v2\/types\/post"}],"author":[{"embeddable":true,"href":"https:\/\/www.andrefelizardo.com.br\/blog\/wp-json\/wp\/v2\/users\/1"}],"replies":[{"embeddable":true,"href":"https:\/\/www.andrefelizardo.com.br\/blog\/wp-json\/wp\/v2\/comments?post=515"}],"version-history":[{"count":0,"href":"https:\/\/www.andrefelizardo.com.br\/blog\/wp-json\/wp\/v2\/posts\/515\/revisions"}],"wp:featuredmedia":[{"embeddable":true,"href":"https:\/\/www.andrefelizardo.com.br\/blog\/wp-json\/wp\/v2\/media\/517"}],"wp:attachment":[{"href":"https:\/\/www.andrefelizardo.com.br\/blog\/wp-json\/wp\/v2\/media?parent=515"}],"wp:term":[{"taxonomy":"category","embeddable":true,"href":"https:\/\/www.andrefelizardo.com.br\/blog\/wp-json\/wp\/v2\/categories?post=515"},{"taxonomy":"post_tag","embeddable":true,"href":"https:\/\/www.andrefelizardo.com.br\/blog\/wp-json\/wp\/v2\/tags?post=515"}],"curies":[{"name":"wp","href":"https:\/\/api.w.org\/{rel}","templated":true}]}}