{"id":60,"date":"2015-05-18T10:21:37","date_gmt":"2015-05-18T10:21:37","guid":{"rendered":"http:\/\/felizardos.wc.lt\/blog\/?p=60"},"modified":"2016-01-05T13:45:30","modified_gmt":"2016-01-05T13:45:30","slug":"4-passos-para-decidir-de-vez-abrir-seu-negocio","status":"publish","type":"post","link":"https:\/\/www.andrefelizardo.com.br\/blog\/4-passos-para-decidir-de-vez-abrir-seu-negocio\/","title":{"rendered":"4 passos para decidir abrir seu pr\u00f3prio neg\u00f3cio"},"content":{"rendered":"<p>Vamos combinar que tomar a decis\u00e3o de deixar um emprego bem-sucedido para abrir seu pr\u00f3prio neg\u00f3cio\u00a0n\u00e3o \u00e9 exatamente f\u00e1cil, especialmente para quem j\u00e1 passou dos 30 anos, tem d\u00edvidas para pagar todo m\u00eas e nunca teve um neg\u00f3cio antes. S\u00e3o muitas vari\u00e1veis a pensar e levar em conta, certo? Al\u00e9m de tudo, \u00e9 preciso dar um n\u00f3 naquele frio na barriga e encarar a realidade. Se voc\u00ea est\u00e1 nessa situa\u00e7\u00e3o, quatro passos relativamente simples podem <!--more-->ajud\u00e1-lo (a) a tomar essa importante decis\u00e3o. As dicas foram dadas pelo professor Hao Zhao, do Rensselaer Polytechnic Institute, \u00e0 revista Entrepreneur.<\/p>\n<p><a href=\"http:\/\/www.andrefelizardo.com.br\/blog\/wp-content\/uploads\/2015\/05\/negocio-proprio.jpg\"><img decoding=\"async\" class=\"aligncenter size-content wp-image-274 lazyload\" data-src=\"http:\/\/www.andrefelizardo.com.br\/blog\/wp-content\/uploads\/2015\/05\/negocio-proprio-620x264.jpg\" alt=\"Abrir neg\u00f3cio pr\u00f3prio\" width=\"620\" height=\"264\" src=\"data:image\/svg+xml;base64,PHN2ZyB3aWR0aD0iMSIgaGVpZ2h0PSIxIiB4bWxucz0iaHR0cDovL3d3dy53My5vcmcvMjAwMC9zdmciPjwvc3ZnPg==\" style=\"--smush-placeholder-width: 620px; --smush-placeholder-aspect-ratio: 620\/264;\" \/><\/a><\/p>\n<p>&nbsp;<\/p>\n<p><strong>1. Decida se voc\u00ea est\u00e1 realmente apaixonado por empreender.<\/strong> O professor Zhao enfatiza que empreender n\u00e3o \u00e9 para qualquer um. Especialmente em momentos como agora, em que ter um neg\u00f3cio \u00e9 um tema que est\u00e1 em alta, \u00e9 preciso redobrar o cuidado ao olhar para o empreendedorismo como uma carreira extremamente atraente, cheia de pontos positivos. Zhao ressalta que o empreendedor precisa de muita automotiva\u00e7\u00e3o e for\u00e7a de esp\u00edrito. \u00c9 preciso ser honesto ao responder a si mesmo se voc\u00ea \u00e9 realmente uma pessoa persistente e preparada para enfrentar dificuldades, deixando a zona de conforto que vive atualmente.<\/p>\n<p><strong>2. Estude profundamente o mercado.<\/strong> Antes de lan\u00e7ar uma empresa, identifique quem compete pelo mesmo mercado, conhe\u00e7a seus consumidores e encontre outros empreendedores que possam inspir\u00e1-lo (a). \u201cO sucesso exige conhecimento sobre o produto e o mercado, assim como cuidado no planejamento e na execu\u00e7\u00e3o\u201d, diz o professor Zhao. Uma op\u00e7\u00e3o \u00e9 lan\u00e7ar seu neg\u00f3cio antes de deixar o emprego. Quando ele estiver mais robusto, voc\u00ea poder\u00e1 mergulha de cabe\u00e7a.<\/p>\n<p><strong>3. Crie uma situa\u00e7\u00e3o de seguran\u00e7a.<\/strong> Se voc\u00ea est\u00e1 realmente levando a s\u00e9rio a ideia de abrir o neg\u00f3cio, comece a guardar o dinheiro necess\u00e1rio para fazer isso com seguran\u00e7a. Uma ideia pode ser economizar o equivalente a alguns meses de sal\u00e1rio (pelo menos dois), para que voc\u00ea possa conter sua ansiedade antes do lan\u00e7amento do neg\u00f3cio. Corte despesas desnecess\u00e1rias e use uma boa parte do seu tempo livre para montar um plano de neg\u00f3cios, estudar a concorr\u00eancia, criar produtos ou solu\u00e7\u00f5es.<\/p>\n<p><strong>4. Recorra \u00e0 ajuda da fam\u00edlia e dos amigos.<\/strong> O apoio das pessoas mais pr\u00f3ximas a voc\u00ea ser\u00e1 fundamental enquanto voc\u00ea estiver se preparando para o novo neg\u00f3cio. Elas podem, inclusive, ajudar a identificar suas for\u00e7as e fraquezas, seus talentos e os pontos a melhorar. Muita gente tem dificuldade de identificar seus talentos naturais \u2013 uma tarefa que pode ser feita com o apoio de pessoas nas quais voc\u00ea realmente confia.<\/p>\n<p style=\"text-align: right;\">Vi em <a href=\"http:\/\/revistapegn.globo.com\/Como-comecar\/noticia\/2014\/11\/4-passos-para-decidir-de-vez-abrir-seu-negocio.html\" target=\"_blank\">PEGN<\/a><\/p>\n<p style=\"text-align: left;\">Chegou at\u00e9 aqui? Compartilhe esse texto com seus amigos, e inspire-os!<\/p>\n","protected":false},"excerpt":{"rendered":"<p>Vamos combinar que tomar a decis\u00e3o de deixar um emprego bem-sucedido para abrir seu pr\u00f3prio neg\u00f3cio\u00a0n\u00e3o \u00e9 exatamente f\u00e1cil, especialmente para quem j\u00e1 passou dos 30 anos, tem d\u00edvidas para pagar todo m\u00eas e nunca teve um neg\u00f3cio antes. S\u00e3o muitas vari\u00e1veis a pensar e levar em conta, certo? Al\u00e9m de tudo, \u00e9 preciso dar [&hellip;]<\/p>\n","protected":false},"author":1,"featured_media":274,"comment_status":"open","ping_status":"open","sticky":false,"template":"","format":"standard","meta":{"_jetpack_newsletter_access":"","_jetpack_dont_email_post_to_subs":false,"_jetpack_newsletter_tier_id":0,"_jetpack_memberships_contains_paywalled_content":false,"_jetpack_memberships_contains_paid_content":false,"footnotes":""},"categories":[3],"tags":[18,19,21],"class_list":["post-60","post","type-post","status-publish","format-standard","has-post-thumbnail","hentry","category-empreendedorismo","tag-empreendedor","tag-empreendedorismo","tag-empreender"],"yoast_head":"<!-- This site is optimized with the Yoast SEO plugin v27.5 - https:\/\/yoast.com\/product\/yoast-seo-wordpress\/ -->\n<title>4 passos para decidir abrir seu pr\u00f3prio neg\u00f3cio - Blog do Andr\u00e9 Felizardo<\/title>\n<meta name=\"description\" content=\"Se voc\u00ea tem vontade de abrir o seu pr\u00f3prio neg\u00f3cio, mas tem d\u00favidas de como come\u00e7ar, esse texto \u00e9 pra voc\u00ea.\" \/>\n<meta name=\"robots\" content=\"index, follow, max-snippet:-1, max-image-preview:large, max-video-preview:-1\" \/>\n<link rel=\"canonical\" href=\"http:\/\/www.andrefelizardo.com.br\/blog\/4-passos-para-decidir-de-vez-abrir-seu-negocio\/\" \/>\n<meta property=\"og:locale\" content=\"pt_BR\" \/>\n<meta property=\"og:type\" content=\"article\" \/>\n<meta property=\"og:title\" content=\"4 passos para decidir abrir seu pr\u00f3prio neg\u00f3cio - Blog do Andr\u00e9 Felizardo\" \/>\n<meta property=\"og:description\" content=\"Se voc\u00ea tem vontade de abrir o seu pr\u00f3prio neg\u00f3cio, mas tem d\u00favidas de como come\u00e7ar, esse texto \u00e9 pra voc\u00ea.\" \/>\n<meta property=\"og:url\" content=\"http:\/\/www.andrefelizardo.com.br\/blog\/4-passos-para-decidir-de-vez-abrir-seu-negocio\/\" \/>\n<meta property=\"og:site_name\" content=\"Blog do Andr\u00e9 Felizardo\" \/>\n<meta property=\"article:published_time\" content=\"2015-05-18T10:21:37+00:00\" \/>\n<meta property=\"article:modified_time\" content=\"2016-01-05T13:45:30+00:00\" \/>\n<meta property=\"og:image\" content=\"http:\/\/www.andrefelizardo.com.br\/blog\/wp-content\/uploads\/2015\/05\/negocio-proprio.jpg\" \/>\n\t<meta property=\"og:image:width\" content=\"1000\" \/>\n\t<meta property=\"og:image:height\" content=\"665\" \/>\n\t<meta property=\"og:image:type\" content=\"image\/jpeg\" \/>\n<meta name=\"author\" content=\"Andr\u00e9 Felizardo\" \/>\n<meta name=\"twitter:card\" content=\"summary_large_image\" \/>\n<meta name=\"twitter:label1\" content=\"Escrito por\" \/>\n\t<meta name=\"twitter:data1\" content=\"Andr\u00e9 Felizardo\" \/>\n\t<meta name=\"twitter:label2\" content=\"Est. tempo de leitura\" \/>\n\t<meta name=\"twitter:data2\" content=\"2 minutos\" \/>\n<script type=\"application\/ld+json\" class=\"yoast-schema-graph\">{\"@context\":\"https:\\\/\\\/schema.org\",\"@graph\":[{\"@type\":\"Article\",\"@id\":\"http:\\\/\\\/www.andrefelizardo.com.br\\\/blog\\\/4-passos-para-decidir-de-vez-abrir-seu-negocio\\\/#article\",\"isPartOf\":{\"@id\":\"http:\\\/\\\/www.andrefelizardo.com.br\\\/blog\\\/4-passos-para-decidir-de-vez-abrir-seu-negocio\\\/\"},\"author\":{\"name\":\"Andr\u00e9 Felizardo\",\"@id\":\"http:\\\/\\\/www.andrefelizardo.com.br\\\/blog\\\/#\\\/schema\\\/person\\\/7ffba68b251851fb519600e2e387a02b\"},\"headline\":\"4 passos para decidir abrir seu pr\u00f3prio neg\u00f3cio\",\"datePublished\":\"2015-05-18T10:21:37+00:00\",\"dateModified\":\"2016-01-05T13:45:30+00:00\",\"mainEntityOfPage\":{\"@id\":\"http:\\\/\\\/www.andrefelizardo.com.br\\\/blog\\\/4-passos-para-decidir-de-vez-abrir-seu-negocio\\\/\"},\"wordCount\":471,\"commentCount\":3,\"image\":{\"@id\":\"http:\\\/\\\/www.andrefelizardo.com.br\\\/blog\\\/4-passos-para-decidir-de-vez-abrir-seu-negocio\\\/#primaryimage\"},\"thumbnailUrl\":\"https:\\\/\\\/www.andrefelizardo.com.br\\\/blog\\\/wp-content\\\/uploads\\\/2015\\\/05\\\/negocio-proprio.jpg\",\"keywords\":[\"empreendedor\",\"empreendedorismo\",\"empreender\"],\"articleSection\":[\"Empreendedorismo\"],\"inLanguage\":\"pt-BR\",\"potentialAction\":[{\"@type\":\"CommentAction\",\"name\":\"Comment\",\"target\":[\"http:\\\/\\\/www.andrefelizardo.com.br\\\/blog\\\/4-passos-para-decidir-de-vez-abrir-seu-negocio\\\/#respond\"]}]},{\"@type\":\"WebPage\",\"@id\":\"http:\\\/\\\/www.andrefelizardo.com.br\\\/blog\\\/4-passos-para-decidir-de-vez-abrir-seu-negocio\\\/\",\"url\":\"http:\\\/\\\/www.andrefelizardo.com.br\\\/blog\\\/4-passos-para-decidir-de-vez-abrir-seu-negocio\\\/\",\"name\":\"4 passos para decidir abrir seu pr\u00f3prio neg\u00f3cio - Blog do Andr\u00e9 Felizardo\",\"isPartOf\":{\"@id\":\"http:\\\/\\\/www.andrefelizardo.com.br\\\/blog\\\/#website\"},\"primaryImageOfPage\":{\"@id\":\"http:\\\/\\\/www.andrefelizardo.com.br\\\/blog\\\/4-passos-para-decidir-de-vez-abrir-seu-negocio\\\/#primaryimage\"},\"image\":{\"@id\":\"http:\\\/\\\/www.andrefelizardo.com.br\\\/blog\\\/4-passos-para-decidir-de-vez-abrir-seu-negocio\\\/#primaryimage\"},\"thumbnailUrl\":\"https:\\\/\\\/www.andrefelizardo.com.br\\\/blog\\\/wp-content\\\/uploads\\\/2015\\\/05\\\/negocio-proprio.jpg\",\"datePublished\":\"2015-05-18T10:21:37+00:00\",\"dateModified\":\"2016-01-05T13:45:30+00:00\",\"author\":{\"@id\":\"http:\\\/\\\/www.andrefelizardo.com.br\\\/blog\\\/#\\\/schema\\\/person\\\/7ffba68b251851fb519600e2e387a02b\"},\"description\":\"Se voc\u00ea tem vontade de abrir o seu pr\u00f3prio neg\u00f3cio, mas tem d\u00favidas de como come\u00e7ar, esse texto \u00e9 pra voc\u00ea.\",\"breadcrumb\":{\"@id\":\"http:\\\/\\\/www.andrefelizardo.com.br\\\/blog\\\/4-passos-para-decidir-de-vez-abrir-seu-negocio\\\/#breadcrumb\"},\"inLanguage\":\"pt-BR\",\"potentialAction\":[{\"@type\":\"ReadAction\",\"target\":[\"http:\\\/\\\/www.andrefelizardo.com.br\\\/blog\\\/4-passos-para-decidir-de-vez-abrir-seu-negocio\\\/\"]}]},{\"@type\":\"ImageObject\",\"inLanguage\":\"pt-BR\",\"@id\":\"http:\\\/\\\/www.andrefelizardo.com.br\\\/blog\\\/4-passos-para-decidir-de-vez-abrir-seu-negocio\\\/#primaryimage\",\"url\":\"https:\\\/\\\/www.andrefelizardo.com.br\\\/blog\\\/wp-content\\\/uploads\\\/2015\\\/05\\\/negocio-proprio.jpg\",\"contentUrl\":\"https:\\\/\\\/www.andrefelizardo.com.br\\\/blog\\\/wp-content\\\/uploads\\\/2015\\\/05\\\/negocio-proprio.jpg\",\"width\":1000,\"height\":665,\"caption\":\"Abrir neg\u00f3cio pr\u00f3prio\"},{\"@type\":\"BreadcrumbList\",\"@id\":\"http:\\\/\\\/www.andrefelizardo.com.br\\\/blog\\\/4-passos-para-decidir-de-vez-abrir-seu-negocio\\\/#breadcrumb\",\"itemListElement\":[{\"@type\":\"ListItem\",\"position\":1,\"name\":\"In\u00edcio\",\"item\":\"http:\\\/\\\/www.andrefelizardo.com.br\\\/blog\\\/\"},{\"@type\":\"ListItem\",\"position\":2,\"name\":\"4 passos para decidir abrir seu pr\u00f3prio neg\u00f3cio\"}]},{\"@type\":\"WebSite\",\"@id\":\"http:\\\/\\\/www.andrefelizardo.com.br\\\/blog\\\/#website\",\"url\":\"http:\\\/\\\/www.andrefelizardo.com.br\\\/blog\\\/\",\"name\":\"Blog do Andr\u00e9 Felizardo\",\"description\":\"Programa\u00e7\u00e3o de dev para dev\",\"potentialAction\":[{\"@type\":\"SearchAction\",\"target\":{\"@type\":\"EntryPoint\",\"urlTemplate\":\"http:\\\/\\\/www.andrefelizardo.com.br\\\/blog\\\/?s={search_term_string}\"},\"query-input\":{\"@type\":\"PropertyValueSpecification\",\"valueRequired\":true,\"valueName\":\"search_term_string\"}}],\"inLanguage\":\"pt-BR\"},{\"@type\":\"Person\",\"@id\":\"http:\\\/\\\/www.andrefelizardo.com.br\\\/blog\\\/#\\\/schema\\\/person\\\/7ffba68b251851fb519600e2e387a02b\",\"name\":\"Andr\u00e9 Felizardo\",\"image\":{\"@type\":\"ImageObject\",\"inLanguage\":\"pt-BR\",\"@id\":\"https:\\\/\\\/www.andrefelizardo.com.br\\\/blog\\\/wp-content\\\/wphb-cache\\\/gravatar\\\/9f9\\\/9f92d8b773ef5acf9b462d6dab41d783x96.jpg\",\"url\":\"https:\\\/\\\/www.andrefelizardo.com.br\\\/blog\\\/wp-content\\\/wphb-cache\\\/gravatar\\\/9f9\\\/9f92d8b773ef5acf9b462d6dab41d783x96.jpg\",\"contentUrl\":\"https:\\\/\\\/www.andrefelizardo.com.br\\\/blog\\\/wp-content\\\/wphb-cache\\\/gravatar\\\/9f9\\\/9f92d8b773ef5acf9b462d6dab41d783x96.jpg\",\"caption\":\"Andr\u00e9 Felizardo\"},\"sameAs\":[\"http:\\\/\\\/www.andrefelizardo.com.br\"],\"url\":\"https:\\\/\\\/www.andrefelizardo.com.br\\\/blog\\\/author\\\/andrefelizardo\\\/\"}]}<\/script>\n<!-- \/ Yoast SEO plugin. -->","yoast_head_json":{"title":"4 passos para decidir abrir seu pr\u00f3prio neg\u00f3cio - Blog do Andr\u00e9 Felizardo","description":"Se voc\u00ea tem vontade de abrir o seu pr\u00f3prio neg\u00f3cio, mas tem d\u00favidas de como come\u00e7ar, esse texto \u00e9 pra voc\u00ea.","robots":{"index":"index","follow":"follow","max-snippet":"max-snippet:-1","max-image-preview":"max-image-preview:large","max-video-preview":"max-video-preview:-1"},"canonical":"http:\/\/www.andrefelizardo.com.br\/blog\/4-passos-para-decidir-de-vez-abrir-seu-negocio\/","og_locale":"pt_BR","og_type":"article","og_title":"4 passos para decidir abrir seu pr\u00f3prio neg\u00f3cio - Blog do Andr\u00e9 Felizardo","og_description":"Se voc\u00ea tem vontade de abrir o seu pr\u00f3prio neg\u00f3cio, mas tem d\u00favidas de como come\u00e7ar, esse texto \u00e9 pra voc\u00ea.","og_url":"http:\/\/www.andrefelizardo.com.br\/blog\/4-passos-para-decidir-de-vez-abrir-seu-negocio\/","og_site_name":"Blog do Andr\u00e9 Felizardo","article_published_time":"2015-05-18T10:21:37+00:00","article_modified_time":"2016-01-05T13:45:30+00:00","og_image":[{"width":1000,"height":665,"url":"http:\/\/www.andrefelizardo.com.br\/blog\/wp-content\/uploads\/2015\/05\/negocio-proprio.jpg","type":"image\/jpeg"}],"author":"Andr\u00e9 Felizardo","twitter_card":"summary_large_image","twitter_misc":{"Escrito por":"Andr\u00e9 Felizardo","Est. tempo de leitura":"2 minutos"},"schema":{"@context":"https:\/\/schema.org","@graph":[{"@type":"Article","@id":"http:\/\/www.andrefelizardo.com.br\/blog\/4-passos-para-decidir-de-vez-abrir-seu-negocio\/#article","isPartOf":{"@id":"http:\/\/www.andrefelizardo.com.br\/blog\/4-passos-para-decidir-de-vez-abrir-seu-negocio\/"},"author":{"name":"Andr\u00e9 Felizardo","@id":"http:\/\/www.andrefelizardo.com.br\/blog\/#\/schema\/person\/7ffba68b251851fb519600e2e387a02b"},"headline":"4 passos para decidir abrir seu pr\u00f3prio neg\u00f3cio","datePublished":"2015-05-18T10:21:37+00:00","dateModified":"2016-01-05T13:45:30+00:00","mainEntityOfPage":{"@id":"http:\/\/www.andrefelizardo.com.br\/blog\/4-passos-para-decidir-de-vez-abrir-seu-negocio\/"},"wordCount":471,"commentCount":3,"image":{"@id":"http:\/\/www.andrefelizardo.com.br\/blog\/4-passos-para-decidir-de-vez-abrir-seu-negocio\/#primaryimage"},"thumbnailUrl":"https:\/\/www.andrefelizardo.com.br\/blog\/wp-content\/uploads\/2015\/05\/negocio-proprio.jpg","keywords":["empreendedor","empreendedorismo","empreender"],"articleSection":["Empreendedorismo"],"inLanguage":"pt-BR","potentialAction":[{"@type":"CommentAction","name":"Comment","target":["http:\/\/www.andrefelizardo.com.br\/blog\/4-passos-para-decidir-de-vez-abrir-seu-negocio\/#respond"]}]},{"@type":"WebPage","@id":"http:\/\/www.andrefelizardo.com.br\/blog\/4-passos-para-decidir-de-vez-abrir-seu-negocio\/","url":"http:\/\/www.andrefelizardo.com.br\/blog\/4-passos-para-decidir-de-vez-abrir-seu-negocio\/","name":"4 passos para decidir abrir seu pr\u00f3prio neg\u00f3cio - Blog do Andr\u00e9 Felizardo","isPartOf":{"@id":"http:\/\/www.andrefelizardo.com.br\/blog\/#website"},"primaryImageOfPage":{"@id":"http:\/\/www.andrefelizardo.com.br\/blog\/4-passos-para-decidir-de-vez-abrir-seu-negocio\/#primaryimage"},"image":{"@id":"http:\/\/www.andrefelizardo.com.br\/blog\/4-passos-para-decidir-de-vez-abrir-seu-negocio\/#primaryimage"},"thumbnailUrl":"https:\/\/www.andrefelizardo.com.br\/blog\/wp-content\/uploads\/2015\/05\/negocio-proprio.jpg","datePublished":"2015-05-18T10:21:37+00:00","dateModified":"2016-01-05T13:45:30+00:00","author":{"@id":"http:\/\/www.andrefelizardo.com.br\/blog\/#\/schema\/person\/7ffba68b251851fb519600e2e387a02b"},"description":"Se voc\u00ea tem vontade de abrir o seu pr\u00f3prio neg\u00f3cio, mas tem d\u00favidas de como come\u00e7ar, esse texto \u00e9 pra voc\u00ea.","breadcrumb":{"@id":"http:\/\/www.andrefelizardo.com.br\/blog\/4-passos-para-decidir-de-vez-abrir-seu-negocio\/#breadcrumb"},"inLanguage":"pt-BR","potentialAction":[{"@type":"ReadAction","target":["http:\/\/www.andrefelizardo.com.br\/blog\/4-passos-para-decidir-de-vez-abrir-seu-negocio\/"]}]},{"@type":"ImageObject","inLanguage":"pt-BR","@id":"http:\/\/www.andrefelizardo.com.br\/blog\/4-passos-para-decidir-de-vez-abrir-seu-negocio\/#primaryimage","url":"https:\/\/www.andrefelizardo.com.br\/blog\/wp-content\/uploads\/2015\/05\/negocio-proprio.jpg","contentUrl":"https:\/\/www.andrefelizardo.com.br\/blog\/wp-content\/uploads\/2015\/05\/negocio-proprio.jpg","width":1000,"height":665,"caption":"Abrir neg\u00f3cio pr\u00f3prio"},{"@type":"BreadcrumbList","@id":"http:\/\/www.andrefelizardo.com.br\/blog\/4-passos-para-decidir-de-vez-abrir-seu-negocio\/#breadcrumb","itemListElement":[{"@type":"ListItem","position":1,"name":"In\u00edcio","item":"http:\/\/www.andrefelizardo.com.br\/blog\/"},{"@type":"ListItem","position":2,"name":"4 passos para decidir abrir seu pr\u00f3prio neg\u00f3cio"}]},{"@type":"WebSite","@id":"http:\/\/www.andrefelizardo.com.br\/blog\/#website","url":"http:\/\/www.andrefelizardo.com.br\/blog\/","name":"Blog do Andr\u00e9 Felizardo","description":"Programa\u00e7\u00e3o de dev para dev","potentialAction":[{"@type":"SearchAction","target":{"@type":"EntryPoint","urlTemplate":"http:\/\/www.andrefelizardo.com.br\/blog\/?s={search_term_string}"},"query-input":{"@type":"PropertyValueSpecification","valueRequired":true,"valueName":"search_term_string"}}],"inLanguage":"pt-BR"},{"@type":"Person","@id":"http:\/\/www.andrefelizardo.com.br\/blog\/#\/schema\/person\/7ffba68b251851fb519600e2e387a02b","name":"Andr\u00e9 Felizardo","image":{"@type":"ImageObject","inLanguage":"pt-BR","@id":"https:\/\/www.andrefelizardo.com.br\/blog\/wp-content\/wphb-cache\/gravatar\/9f9\/9f92d8b773ef5acf9b462d6dab41d783x96.jpg","url":"https:\/\/www.andrefelizardo.com.br\/blog\/wp-content\/wphb-cache\/gravatar\/9f9\/9f92d8b773ef5acf9b462d6dab41d783x96.jpg","contentUrl":"https:\/\/www.andrefelizardo.com.br\/blog\/wp-content\/wphb-cache\/gravatar\/9f9\/9f92d8b773ef5acf9b462d6dab41d783x96.jpg","caption":"Andr\u00e9 Felizardo"},"sameAs":["http:\/\/www.andrefelizardo.com.br"],"url":"https:\/\/www.andrefelizardo.com.br\/blog\/author\/andrefelizardo\/"}]}},"jetpack_featured_media_url":"https:\/\/www.andrefelizardo.com.br\/blog\/wp-content\/uploads\/2015\/05\/negocio-proprio.jpg","jetpack_shortlink":"https:\/\/wp.me\/p6EP66-Y","jetpack-related-posts":[{"id":63,"url":"https:\/\/www.andrefelizardo.com.br\/blog\/o-que-e-empreender\/","url_meta":{"origin":60,"position":0},"title":"O que \u00e9 empreender?","author":"Andr\u00e9 Felizardo","date":"24 de maio de 2015","format":false,"excerpt":"Empreender \u00e9 a palavra do momento, mas, qual \u00e9 a defini\u00e7\u00e3o de empreender? De acordo com defini\u00e7\u00e3o do Google: verbo transitivo direto: p\u00f4r em execu\u00e7\u00e3o, realizar, decidir realizar (tarefa dif\u00edcil e trabalhosa), tentar. Uma defini\u00e7\u00e3o que considero perfeita \u00e9 uma frase de\u00a0Guy Kawasaki : \"A verdade \u00e9 que 'empreendedor' n\u00e3o\u2026","rel":"","context":"Em &quot;Empreendedorismo&quot;","block_context":{"text":"Empreendedorismo","link":"https:\/\/www.andrefelizardo.com.br\/blog\/category\/empreendedorismo\/"},"img":{"alt_text":"O que \u00e9 empreender?","src":"https:\/\/i0.wp.com\/www.andrefelizardo.com.br\/blog\/wp-content\/uploads\/2015\/05\/agenda.jpg?resize=350%2C200&ssl=1","width":350,"height":200,"srcset":"https:\/\/i0.wp.com\/www.andrefelizardo.com.br\/blog\/wp-content\/uploads\/2015\/05\/agenda.jpg?resize=350%2C200&ssl=1 1x, https:\/\/i0.wp.com\/www.andrefelizardo.com.br\/blog\/wp-content\/uploads\/2015\/05\/agenda.jpg?resize=525%2C300&ssl=1 1.5x, https:\/\/i0.wp.com\/www.andrefelizardo.com.br\/blog\/wp-content\/uploads\/2015\/05\/agenda.jpg?resize=700%2C400&ssl=1 2x"},"classes":[]},{"id":382,"url":"https:\/\/www.andrefelizardo.com.br\/blog\/por-que-ter-um-site\/","url_meta":{"origin":60,"position":1},"title":"Por que ter um site?","author":"Andr\u00e9 Felizardo","date":"4 de outubro de 2015","format":false,"excerpt":"Muitas vezes, quando algu\u00e9m est\u00e1 iniciando um neg\u00f3cio pr\u00f3prio, normalmente um pequeno neg\u00f3cio, fica aquela d\u00favida:\u00a0Preciso ter um site? Por que ter um site? Para alguns neg\u00f3cios, ter um site n\u00e3o \u00e9 obrigat\u00f3rio, j\u00e1 para outros \u00e9 essencial. Abordarei nesse texto os motivos principais para o maior n\u00famero de neg\u00f3cios,\u2026","rel":"","context":"Em &quot;Empreendedorismo&quot;","block_context":{"text":"Empreendedorismo","link":"https:\/\/www.andrefelizardo.com.br\/blog\/category\/empreendedorismo\/"},"img":{"alt_text":"sites","src":"https:\/\/i0.wp.com\/www.andrefelizardo.com.br\/blog\/wp-content\/uploads\/2015\/10\/sites-620x264.png?resize=350%2C200","width":350,"height":200,"srcset":"https:\/\/i0.wp.com\/www.andrefelizardo.com.br\/blog\/wp-content\/uploads\/2015\/10\/sites-620x264.png?resize=350%2C200 1x, https:\/\/i0.wp.com\/www.andrefelizardo.com.br\/blog\/wp-content\/uploads\/2015\/10\/sites-620x264.png?resize=525%2C300 1.5x"},"classes":[]},{"id":140,"url":"https:\/\/www.andrefelizardo.com.br\/blog\/os-maiores-desafios-do-empreendedorismo-feminino\/","url_meta":{"origin":60,"position":2},"title":"Os maiores desafios do empreendedorismo feminino","author":"Andr\u00e9 Felizardo","date":"9 de junho de 2015","format":false,"excerpt":"Existe a lenda que a mulher \u00e9 a Mulher Maravilha\u201d, afirma Ana Fontes, criadora da Rede Mulher Empreendedora. \u201cIsso \u00e9 ruim porque significa que voc\u00ea tem que fazer tudo. Essa responsabilidade fica na nossa cabe\u00e7a\u201d, diz. As dificuldades que as empreendedoras enfrentam no mundo dos neg\u00f3cios foram parte da discuss\u00e3o\u2026","rel":"","context":"Em &quot;Empreendedorismo&quot;","block_context":{"text":"Empreendedorismo","link":"https:\/\/www.andrefelizardo.com.br\/blog\/category\/empreendedorismo\/"},"img":{"alt_text":"Empreendedorismo Ferminino","src":"https:\/\/i0.wp.com\/www.andrefelizardo.com.br\/blog\/wp-content\/uploads\/2015\/06\/mulher-no-empreendedorismo.jpg?resize=350%2C200&ssl=1","width":350,"height":200,"srcset":"https:\/\/i0.wp.com\/www.andrefelizardo.com.br\/blog\/wp-content\/uploads\/2015\/06\/mulher-no-empreendedorismo.jpg?resize=350%2C200&ssl=1 1x, https:\/\/i0.wp.com\/www.andrefelizardo.com.br\/blog\/wp-content\/uploads\/2015\/06\/mulher-no-empreendedorismo.jpg?resize=525%2C300&ssl=1 1.5x, https:\/\/i0.wp.com\/www.andrefelizardo.com.br\/blog\/wp-content\/uploads\/2015\/06\/mulher-no-empreendedorismo.jpg?resize=700%2C400&ssl=1 2x, https:\/\/i0.wp.com\/www.andrefelizardo.com.br\/blog\/wp-content\/uploads\/2015\/06\/mulher-no-empreendedorismo.jpg?resize=1050%2C600&ssl=1 3x"},"classes":[]},{"id":821,"url":"https:\/\/www.andrefelizardo.com.br\/blog\/projetos-paralelos\/","url_meta":{"origin":60,"position":3},"title":"Projetos paralelos","author":"Andr\u00e9 Felizardo","date":"5 de maio de 2017","format":false,"excerpt":"Esse texto \u00e9 sobre sair da zona de conforto. O meu Blog \u00e9 a minha vis\u00e3o sobre Marketing Digital, Empreendedorismo e Tecnologia.\u00a0(t\u00e1 no t\u00edtulo!) Desde que eu comecei a trabalhar (l\u00e1 em 2007), eu trabalho com tecnologia. Meu primeiro emprego foi num curso de inform\u00e1tica e passei por praticamente todas\u2026","rel":"","context":"Em &quot;Dicas&quot;","block_context":{"text":"Dicas","link":"https:\/\/www.andrefelizardo.com.br\/blog\/category\/dicas\/"},"img":{"alt_text":"","src":"https:\/\/i0.wp.com\/www.andrefelizardo.com.br\/blog\/wp-content\/uploads\/2017\/05\/F672CBDC0F1.jpg?resize=350%2C200&ssl=1","width":350,"height":200,"srcset":"https:\/\/i0.wp.com\/www.andrefelizardo.com.br\/blog\/wp-content\/uploads\/2017\/05\/F672CBDC0F1.jpg?resize=350%2C200&ssl=1 1x, https:\/\/i0.wp.com\/www.andrefelizardo.com.br\/blog\/wp-content\/uploads\/2017\/05\/F672CBDC0F1.jpg?resize=525%2C300&ssl=1 1.5x, https:\/\/i0.wp.com\/www.andrefelizardo.com.br\/blog\/wp-content\/uploads\/2017\/05\/F672CBDC0F1.jpg?resize=700%2C400&ssl=1 2x"},"classes":[]},{"id":92,"url":"https:\/\/www.andrefelizardo.com.br\/blog\/como-planejar-e-organizar-suas-ideias-7-passos-praticos\/","url_meta":{"origin":60,"position":4},"title":"Como planejar e organizar suas ideias &#8211; 7 passos pr\u00e1ticos","author":"Andr\u00e9 Felizardo","date":"28 de maio de 2015","format":false,"excerpt":"Planejamento \u00e9 uma das coisas mais importantes da vida, seja no campo pessoal ou empresarial. Por\u00e9m muitas vezes erramos no planejamento mais b\u00e1sico, que \u00e9 planejar o planejamento, ou pr\u00e9-planejamento. Se voc\u00ea erra no primeiro passo, se torna uma bola de neve e seus planos se tornam uma dor de\u2026","rel":"","context":"Em &quot;Empreendedorismo&quot;","block_context":{"text":"Empreendedorismo","link":"https:\/\/www.andrefelizardo.com.br\/blog\/category\/empreendedorismo\/"},"img":{"alt_text":"Organize suas ideias - imagem mesa de trabalho organizada","src":"https:\/\/i0.wp.com\/www.andrefelizardo.com.br\/blog\/wp-content\/uploads\/2015\/05\/notebook-livros-revista-iphone-desenho.jpg?resize=350%2C200&ssl=1","width":350,"height":200,"srcset":"https:\/\/i0.wp.com\/www.andrefelizardo.com.br\/blog\/wp-content\/uploads\/2015\/05\/notebook-livros-revista-iphone-desenho.jpg?resize=350%2C200&ssl=1 1x, https:\/\/i0.wp.com\/www.andrefelizardo.com.br\/blog\/wp-content\/uploads\/2015\/05\/notebook-livros-revista-iphone-desenho.jpg?resize=525%2C300&ssl=1 1.5x, https:\/\/i0.wp.com\/www.andrefelizardo.com.br\/blog\/wp-content\/uploads\/2015\/05\/notebook-livros-revista-iphone-desenho.jpg?resize=700%2C400&ssl=1 2x"},"classes":[]},{"id":20,"url":"https:\/\/www.andrefelizardo.com.br\/blog\/30-coisas-que-voce-deve-comecar-a-fazer-para-si-mesmo-agora\/","url_meta":{"origin":60,"position":5},"title":"30 coisas que voc\u00ea deve come\u00e7ar a fazer para si mesmo agora!","author":"Andr\u00e9 Felizardo","date":"8 de maio de 2015","format":false,"excerpt":"Empreender n\u00e3o \u00e9 f\u00e1cil. E tem suas v\u00e1rias dificuldades. Mas, empreender \u00e9 uma busca em melhorar seus produtos\/servi\u00e7os e melhorar a si mesmo, constantemente. O texto que voc\u00ea vai ler foi escrito por Marc e Angel (traduzido pelo siteLifeBuzz.com). 1. Comece a passar o tempo com as pessoas certas \u00a0\u2026","rel":"","context":"Em &quot;Empreendedorismo&quot;","block_context":{"text":"Empreendedorismo","link":"https:\/\/www.andrefelizardo.com.br\/blog\/category\/empreendedorismo\/"},"img":{"alt_text":"Passe o tempo com as pessoas certas","src":"https:\/\/i0.wp.com\/www.andrefelizardo.com.br\/blog\/wp-content\/uploads\/2015\/05\/andre_felizardo-30-coisas-1.jpg?resize=350%2C200&ssl=1","width":350,"height":200,"srcset":"https:\/\/i0.wp.com\/www.andrefelizardo.com.br\/blog\/wp-content\/uploads\/2015\/05\/andre_felizardo-30-coisas-1.jpg?resize=350%2C200&ssl=1 1x, https:\/\/i0.wp.com\/www.andrefelizardo.com.br\/blog\/wp-content\/uploads\/2015\/05\/andre_felizardo-30-coisas-1.jpg?resize=525%2C300&ssl=1 1.5x"},"classes":[]}],"jetpack_sharing_enabled":true,"_links":{"self":[{"href":"https:\/\/www.andrefelizardo.com.br\/blog\/wp-json\/wp\/v2\/posts\/60","targetHints":{"allow":["GET"]}}],"collection":[{"href":"https:\/\/www.andrefelizardo.com.br\/blog\/wp-json\/wp\/v2\/posts"}],"about":[{"href":"https:\/\/www.andrefelizardo.com.br\/blog\/wp-json\/wp\/v2\/types\/post"}],"author":[{"embeddable":true,"href":"https:\/\/www.andrefelizardo.com.br\/blog\/wp-json\/wp\/v2\/users\/1"}],"replies":[{"embeddable":true,"href":"https:\/\/www.andrefelizardo.com.br\/blog\/wp-json\/wp\/v2\/comments?post=60"}],"version-history":[{"count":0,"href":"https:\/\/www.andrefelizardo.com.br\/blog\/wp-json\/wp\/v2\/posts\/60\/revisions"}],"wp:featuredmedia":[{"embeddable":true,"href":"https:\/\/www.andrefelizardo.com.br\/blog\/wp-json\/wp\/v2\/media\/274"}],"wp:attachment":[{"href":"https:\/\/www.andrefelizardo.com.br\/blog\/wp-json\/wp\/v2\/media?parent=60"}],"wp:term":[{"taxonomy":"category","embeddable":true,"href":"https:\/\/www.andrefelizardo.com.br\/blog\/wp-json\/wp\/v2\/categories?post=60"},{"taxonomy":"post_tag","embeddable":true,"href":"https:\/\/www.andrefelizardo.com.br\/blog\/wp-json\/wp\/v2\/tags?post=60"}],"curies":[{"name":"wp","href":"https:\/\/api.w.org\/{rel}","templated":true}]}}