{"id":63,"date":"2015-05-24T22:59:21","date_gmt":"2015-05-24T22:59:21","guid":{"rendered":"http:\/\/felizardos.wc.lt\/blog\/?p=63"},"modified":"2016-01-05T13:44:12","modified_gmt":"2016-01-05T13:44:12","slug":"o-que-e-empreender","status":"publish","type":"post","link":"https:\/\/www.andrefelizardo.com.br\/blog\/o-que-e-empreender\/","title":{"rendered":"O que \u00e9 empreender?"},"content":{"rendered":"<p>Empreender \u00e9 a palavra do momento, mas, qual \u00e9 a defini\u00e7\u00e3o de empreender?<\/p>\n<p>De acordo com defini\u00e7\u00e3o do Google: <em>verbo transitivo direto: p\u00f4r em execu\u00e7\u00e3o, realizar, decidir realizar (tarefa dif\u00edcil e trabalhosa), tentar.<\/em><\/p>\n<p>Uma defini\u00e7\u00e3o que considero perfeita \u00e9 uma frase de<!--more-->\u00a0<em>Guy Kawasaki<\/em> : &#8220;A verdade \u00e9 que &#8216;empreendedor&#8217; n\u00e3o \u00e9 o cargo. \u00c9 o estado mental de algu\u00e9m que deseja mudar o futuro.&#8221;<\/p>\n<p><img decoding=\"async\" class=\"aligncenter size-content wp-image-292 lazyload\" data-src=\"http:\/\/www.andrefelizardo.com.br\/blog\/wp-content\/uploads\/2015\/05\/agenda-620x264.jpg\" alt=\"O que \u00e9 empreender?\" width=\"620\" height=\"264\" src=\"data:image\/svg+xml;base64,PHN2ZyB3aWR0aD0iMSIgaGVpZ2h0PSIxIiB4bWxucz0iaHR0cDovL3d3dy53My5vcmcvMjAwMC9zdmciPjwvc3ZnPg==\" style=\"--smush-placeholder-width: 620px; --smush-placeholder-aspect-ratio: 620\/264;\" \/><\/p>\n<p>Muitas s\u00e3o as defini\u00e7\u00f5es de empreendedor e empreendedorismo, mas apesar de todas as defini\u00e7\u00f5es \u00e9 dif\u00edcil que exista uma pessoa que tenha todas as caracter\u00edsticas corretas. O bom empreendedor \u00e9 aquele que usa muito bem as caracter\u00edsticas que tem e as torna um diferencial.<\/p>\n<p>Alguns aspectos que definem o empreendedorismo s\u00e3o:<\/p>\n<ul>\n<li><a href=\"#autonomia\">Autonomia<\/a><\/li>\n<li><a href=\"#comprometimento\">Comprometimento<\/a><\/li>\n<li><a href=\"#diferenciacao\">Diferencia\u00e7\u00e3o<\/a><\/li>\n<li><a href=\"#risco\">Risco Calculado<\/a><\/li>\n<\/ul>\n<blockquote><p><a name=\"autonomia\"><\/a>Autonomia<\/p><\/blockquote>\n<p>O empreendedor tem que exercer autonomia ao decidir que decis\u00f5es devem ser tomadas no seu neg\u00f3cio. Costuma ser o principal motivos para que as pessoas decidam empreender, pois ter\u00e3o liberdade em definir as regras e m\u00e9todos para construir um neg\u00f3cio pr\u00f3prio.<\/p>\n<blockquote><p><a name=\"comprometimento\"><\/a>Comprometimento<\/p><\/blockquote>\n<p>O comprometimento muitas vezes parece o \u00f3bvio, mas \u00e9 importante fris\u00e1-lo. Se o empreendedor n\u00e3o se comprometer em acordar cedo, em buscar clientes, em fazer o melhor, em atingir metas, nada acontece, e o neg\u00f3cio n\u00e3o vai pra frente. \u00c9 o comprometimento que para se levantar e vencer os desafios.<\/p>\n<blockquote><p><a name=\"diferenciacao\"><\/a>Diferencia\u00e7\u00e3o<\/p><\/blockquote>\n<p>Para empreender tamb\u00e9m \u00e9 necess\u00e1rio uma pitada de inova\u00e7\u00e3o. Algo deve ser diferente do que j\u00e1 era feito, seja um produto, processo interno, estruturas de log\u00edstica s\u00e3o algumas das formas onde se pode inovar e n\u00e3o cair na mesmice.<\/p>\n<blockquote><p><a name=\"risco\"><\/a>Risco Calculado<\/p><\/blockquote>\n<p>N\u00e3o tem como ser bem sucedido sem correr alguns riscos. Como o ditado popular: &#8216;Quem n\u00e3o arrisca n\u00e3o petisca&#8217;. Com o risco vem a possibilidade de dar errado, mas tamb\u00e9m a possibilidade de dar certo. Aprender com os pr\u00f3prios erros \u00e9 extremamente importante, e isso s\u00f3 acontece quando arriscamos.<\/p>\n<p>Lembre-se que empreender n\u00e3o apenas criar um neg\u00f3cio de sucesso. Antes do neg\u00f3cio de sucesso vem a gera\u00e7\u00e3o de valor para a sociedade, seja estimulando a economia, gerando empregos, solucionando problemas das pessoas.<\/p>\n<p>E para gerar valor para a sociedade a pessoa n\u00e3o precisa ter um pr\u00f3prio neg\u00f3cio.<\/p>\n<p>Mas, se voc\u00ea quiser <a href=\"http:\/\/www.andrefelizardo.com.br\/blog\/4-passos-para-decidir-de-vez-abrir-seu-negocio\/\" target=\"_blank\">abrir o seu pr\u00f3prio neg\u00f3cio mas ainda n\u00e3o sabe como, clique aqui<\/a>.<\/p>\n<p>Chegou at\u00e9 aqui? Compartilhe esse texto com seus amigos, e inspire-os!<\/p>\n<p>&nbsp;<\/p>\n","protected":false},"excerpt":{"rendered":"<p>Empreender \u00e9 a palavra do momento, mas, qual \u00e9 a defini\u00e7\u00e3o de empreender? De acordo com defini\u00e7\u00e3o do Google: verbo transitivo direto: p\u00f4r em execu\u00e7\u00e3o, realizar, decidir realizar (tarefa dif\u00edcil e trabalhosa), tentar. Uma defini\u00e7\u00e3o que considero perfeita \u00e9 uma frase de<\/p>\n","protected":false},"author":1,"featured_media":292,"comment_status":"open","ping_status":"open","sticky":false,"template":"","format":"standard","meta":{"_jetpack_newsletter_access":"","_jetpack_dont_email_post_to_subs":false,"_jetpack_newsletter_tier_id":0,"_jetpack_memberships_contains_paywalled_content":false,"_jetpack_memberships_contains_paid_content":false,"footnotes":""},"categories":[3],"tags":[18,19,21],"class_list":["post-63","post","type-post","status-publish","format-standard","has-post-thumbnail","hentry","category-empreendedorismo","tag-empreendedor","tag-empreendedorismo","tag-empreender"],"yoast_head":"<!-- This site is optimized with the Yoast SEO plugin v27.5 - https:\/\/yoast.com\/product\/yoast-seo-wordpress\/ -->\n<title>O que \u00e9 empreender? - Blog do Andr\u00e9 Felizardo<\/title>\n<meta name=\"robots\" content=\"index, follow, max-snippet:-1, max-image-preview:large, max-video-preview:-1\" \/>\n<link rel=\"canonical\" href=\"https:\/\/www.andrefelizardo.com.br\/blog\/o-que-e-empreender\/\" \/>\n<meta property=\"og:locale\" content=\"pt_BR\" \/>\n<meta property=\"og:type\" content=\"article\" \/>\n<meta property=\"og:title\" content=\"O que \u00e9 empreender? - Blog do Andr\u00e9 Felizardo\" \/>\n<meta property=\"og:description\" content=\"Empreender \u00e9 a palavra do momento, mas, qual \u00e9 a defini\u00e7\u00e3o de empreender? De acordo com defini\u00e7\u00e3o do Google: verbo transitivo direto: p\u00f4r em execu\u00e7\u00e3o, realizar, decidir realizar (tarefa dif\u00edcil e trabalhosa), tentar. Uma defini\u00e7\u00e3o que considero perfeita \u00e9 uma frase de\" \/>\n<meta property=\"og:url\" content=\"https:\/\/www.andrefelizardo.com.br\/blog\/o-que-e-empreender\/\" \/>\n<meta property=\"og:site_name\" content=\"Blog do Andr\u00e9 Felizardo\" \/>\n<meta property=\"article:published_time\" content=\"2015-05-24T22:59:21+00:00\" \/>\n<meta property=\"article:modified_time\" content=\"2016-01-05T13:44:12+00:00\" \/>\n<meta property=\"og:image\" content=\"https:\/\/www.andrefelizardo.com.br\/blog\/wp-content\/uploads\/2015\/05\/agenda.jpg\" \/>\n\t<meta property=\"og:image:width\" content=\"1000\" \/>\n\t<meta property=\"og:image:height\" content=\"662\" \/>\n\t<meta property=\"og:image:type\" content=\"image\/jpeg\" \/>\n<meta name=\"author\" content=\"Andr\u00e9 Felizardo\" \/>\n<meta name=\"twitter:card\" content=\"summary_large_image\" \/>\n<meta name=\"twitter:label1\" content=\"Escrito por\" \/>\n\t<meta name=\"twitter:data1\" content=\"Andr\u00e9 Felizardo\" \/>\n\t<meta name=\"twitter:label2\" content=\"Est. tempo de leitura\" \/>\n\t<meta name=\"twitter:data2\" content=\"2 minutos\" \/>\n<script type=\"application\/ld+json\" class=\"yoast-schema-graph\">{\"@context\":\"https:\\\/\\\/schema.org\",\"@graph\":[{\"@type\":\"Article\",\"@id\":\"https:\\\/\\\/www.andrefelizardo.com.br\\\/blog\\\/o-que-e-empreender\\\/#article\",\"isPartOf\":{\"@id\":\"https:\\\/\\\/www.andrefelizardo.com.br\\\/blog\\\/o-que-e-empreender\\\/\"},\"author\":{\"name\":\"Andr\u00e9 Felizardo\",\"@id\":\"http:\\\/\\\/www.andrefelizardo.com.br\\\/blog\\\/#\\\/schema\\\/person\\\/7ffba68b251851fb519600e2e387a02b\"},\"headline\":\"O que \u00e9 empreender?\",\"datePublished\":\"2015-05-24T22:59:21+00:00\",\"dateModified\":\"2016-01-05T13:44:12+00:00\",\"mainEntityOfPage\":{\"@id\":\"https:\\\/\\\/www.andrefelizardo.com.br\\\/blog\\\/o-que-e-empreender\\\/\"},\"wordCount\":419,\"commentCount\":1,\"image\":{\"@id\":\"https:\\\/\\\/www.andrefelizardo.com.br\\\/blog\\\/o-que-e-empreender\\\/#primaryimage\"},\"thumbnailUrl\":\"https:\\\/\\\/www.andrefelizardo.com.br\\\/blog\\\/wp-content\\\/uploads\\\/2015\\\/05\\\/agenda.jpg\",\"keywords\":[\"empreendedor\",\"empreendedorismo\",\"empreender\"],\"articleSection\":[\"Empreendedorismo\"],\"inLanguage\":\"pt-BR\",\"potentialAction\":[{\"@type\":\"CommentAction\",\"name\":\"Comment\",\"target\":[\"https:\\\/\\\/www.andrefelizardo.com.br\\\/blog\\\/o-que-e-empreender\\\/#respond\"]}]},{\"@type\":\"WebPage\",\"@id\":\"https:\\\/\\\/www.andrefelizardo.com.br\\\/blog\\\/o-que-e-empreender\\\/\",\"url\":\"https:\\\/\\\/www.andrefelizardo.com.br\\\/blog\\\/o-que-e-empreender\\\/\",\"name\":\"O que \u00e9 empreender? - Blog do Andr\u00e9 Felizardo\",\"isPartOf\":{\"@id\":\"http:\\\/\\\/www.andrefelizardo.com.br\\\/blog\\\/#website\"},\"primaryImageOfPage\":{\"@id\":\"https:\\\/\\\/www.andrefelizardo.com.br\\\/blog\\\/o-que-e-empreender\\\/#primaryimage\"},\"image\":{\"@id\":\"https:\\\/\\\/www.andrefelizardo.com.br\\\/blog\\\/o-que-e-empreender\\\/#primaryimage\"},\"thumbnailUrl\":\"https:\\\/\\\/www.andrefelizardo.com.br\\\/blog\\\/wp-content\\\/uploads\\\/2015\\\/05\\\/agenda.jpg\",\"datePublished\":\"2015-05-24T22:59:21+00:00\",\"dateModified\":\"2016-01-05T13:44:12+00:00\",\"author\":{\"@id\":\"http:\\\/\\\/www.andrefelizardo.com.br\\\/blog\\\/#\\\/schema\\\/person\\\/7ffba68b251851fb519600e2e387a02b\"},\"breadcrumb\":{\"@id\":\"https:\\\/\\\/www.andrefelizardo.com.br\\\/blog\\\/o-que-e-empreender\\\/#breadcrumb\"},\"inLanguage\":\"pt-BR\",\"potentialAction\":[{\"@type\":\"ReadAction\",\"target\":[\"https:\\\/\\\/www.andrefelizardo.com.br\\\/blog\\\/o-que-e-empreender\\\/\"]}]},{\"@type\":\"ImageObject\",\"inLanguage\":\"pt-BR\",\"@id\":\"https:\\\/\\\/www.andrefelizardo.com.br\\\/blog\\\/o-que-e-empreender\\\/#primaryimage\",\"url\":\"https:\\\/\\\/www.andrefelizardo.com.br\\\/blog\\\/wp-content\\\/uploads\\\/2015\\\/05\\\/agenda.jpg\",\"contentUrl\":\"https:\\\/\\\/www.andrefelizardo.com.br\\\/blog\\\/wp-content\\\/uploads\\\/2015\\\/05\\\/agenda.jpg\",\"width\":1000,\"height\":662,\"caption\":\"O que \u00e9 empreender?\"},{\"@type\":\"BreadcrumbList\",\"@id\":\"https:\\\/\\\/www.andrefelizardo.com.br\\\/blog\\\/o-que-e-empreender\\\/#breadcrumb\",\"itemListElement\":[{\"@type\":\"ListItem\",\"position\":1,\"name\":\"In\u00edcio\",\"item\":\"http:\\\/\\\/www.andrefelizardo.com.br\\\/blog\\\/\"},{\"@type\":\"ListItem\",\"position\":2,\"name\":\"O que \u00e9 empreender?\"}]},{\"@type\":\"WebSite\",\"@id\":\"http:\\\/\\\/www.andrefelizardo.com.br\\\/blog\\\/#website\",\"url\":\"http:\\\/\\\/www.andrefelizardo.com.br\\\/blog\\\/\",\"name\":\"Blog do Andr\u00e9 Felizardo\",\"description\":\"Programa\u00e7\u00e3o de dev para dev\",\"potentialAction\":[{\"@type\":\"SearchAction\",\"target\":{\"@type\":\"EntryPoint\",\"urlTemplate\":\"http:\\\/\\\/www.andrefelizardo.com.br\\\/blog\\\/?s={search_term_string}\"},\"query-input\":{\"@type\":\"PropertyValueSpecification\",\"valueRequired\":true,\"valueName\":\"search_term_string\"}}],\"inLanguage\":\"pt-BR\"},{\"@type\":\"Person\",\"@id\":\"http:\\\/\\\/www.andrefelizardo.com.br\\\/blog\\\/#\\\/schema\\\/person\\\/7ffba68b251851fb519600e2e387a02b\",\"name\":\"Andr\u00e9 Felizardo\",\"image\":{\"@type\":\"ImageObject\",\"inLanguage\":\"pt-BR\",\"@id\":\"https:\\\/\\\/www.andrefelizardo.com.br\\\/blog\\\/wp-content\\\/wphb-cache\\\/gravatar\\\/9f9\\\/9f92d8b773ef5acf9b462d6dab41d783x96.jpg\",\"url\":\"https:\\\/\\\/www.andrefelizardo.com.br\\\/blog\\\/wp-content\\\/wphb-cache\\\/gravatar\\\/9f9\\\/9f92d8b773ef5acf9b462d6dab41d783x96.jpg\",\"contentUrl\":\"https:\\\/\\\/www.andrefelizardo.com.br\\\/blog\\\/wp-content\\\/wphb-cache\\\/gravatar\\\/9f9\\\/9f92d8b773ef5acf9b462d6dab41d783x96.jpg\",\"caption\":\"Andr\u00e9 Felizardo\"},\"sameAs\":[\"http:\\\/\\\/www.andrefelizardo.com.br\"],\"url\":\"https:\\\/\\\/www.andrefelizardo.com.br\\\/blog\\\/author\\\/andrefelizardo\\\/\"}]}<\/script>\n<!-- \/ Yoast SEO plugin. -->","yoast_head_json":{"title":"O que \u00e9 empreender? - Blog do Andr\u00e9 Felizardo","robots":{"index":"index","follow":"follow","max-snippet":"max-snippet:-1","max-image-preview":"max-image-preview:large","max-video-preview":"max-video-preview:-1"},"canonical":"https:\/\/www.andrefelizardo.com.br\/blog\/o-que-e-empreender\/","og_locale":"pt_BR","og_type":"article","og_title":"O que \u00e9 empreender? - Blog do Andr\u00e9 Felizardo","og_description":"Empreender \u00e9 a palavra do momento, mas, qual \u00e9 a defini\u00e7\u00e3o de empreender? De acordo com defini\u00e7\u00e3o do Google: verbo transitivo direto: p\u00f4r em execu\u00e7\u00e3o, realizar, decidir realizar (tarefa dif\u00edcil e trabalhosa), tentar. Uma defini\u00e7\u00e3o que considero perfeita \u00e9 uma frase de","og_url":"https:\/\/www.andrefelizardo.com.br\/blog\/o-que-e-empreender\/","og_site_name":"Blog do Andr\u00e9 Felizardo","article_published_time":"2015-05-24T22:59:21+00:00","article_modified_time":"2016-01-05T13:44:12+00:00","og_image":[{"width":1000,"height":662,"url":"https:\/\/www.andrefelizardo.com.br\/blog\/wp-content\/uploads\/2015\/05\/agenda.jpg","type":"image\/jpeg"}],"author":"Andr\u00e9 Felizardo","twitter_card":"summary_large_image","twitter_misc":{"Escrito por":"Andr\u00e9 Felizardo","Est. tempo de leitura":"2 minutos"},"schema":{"@context":"https:\/\/schema.org","@graph":[{"@type":"Article","@id":"https:\/\/www.andrefelizardo.com.br\/blog\/o-que-e-empreender\/#article","isPartOf":{"@id":"https:\/\/www.andrefelizardo.com.br\/blog\/o-que-e-empreender\/"},"author":{"name":"Andr\u00e9 Felizardo","@id":"http:\/\/www.andrefelizardo.com.br\/blog\/#\/schema\/person\/7ffba68b251851fb519600e2e387a02b"},"headline":"O que \u00e9 empreender?","datePublished":"2015-05-24T22:59:21+00:00","dateModified":"2016-01-05T13:44:12+00:00","mainEntityOfPage":{"@id":"https:\/\/www.andrefelizardo.com.br\/blog\/o-que-e-empreender\/"},"wordCount":419,"commentCount":1,"image":{"@id":"https:\/\/www.andrefelizardo.com.br\/blog\/o-que-e-empreender\/#primaryimage"},"thumbnailUrl":"https:\/\/www.andrefelizardo.com.br\/blog\/wp-content\/uploads\/2015\/05\/agenda.jpg","keywords":["empreendedor","empreendedorismo","empreender"],"articleSection":["Empreendedorismo"],"inLanguage":"pt-BR","potentialAction":[{"@type":"CommentAction","name":"Comment","target":["https:\/\/www.andrefelizardo.com.br\/blog\/o-que-e-empreender\/#respond"]}]},{"@type":"WebPage","@id":"https:\/\/www.andrefelizardo.com.br\/blog\/o-que-e-empreender\/","url":"https:\/\/www.andrefelizardo.com.br\/blog\/o-que-e-empreender\/","name":"O que \u00e9 empreender? - Blog do Andr\u00e9 Felizardo","isPartOf":{"@id":"http:\/\/www.andrefelizardo.com.br\/blog\/#website"},"primaryImageOfPage":{"@id":"https:\/\/www.andrefelizardo.com.br\/blog\/o-que-e-empreender\/#primaryimage"},"image":{"@id":"https:\/\/www.andrefelizardo.com.br\/blog\/o-que-e-empreender\/#primaryimage"},"thumbnailUrl":"https:\/\/www.andrefelizardo.com.br\/blog\/wp-content\/uploads\/2015\/05\/agenda.jpg","datePublished":"2015-05-24T22:59:21+00:00","dateModified":"2016-01-05T13:44:12+00:00","author":{"@id":"http:\/\/www.andrefelizardo.com.br\/blog\/#\/schema\/person\/7ffba68b251851fb519600e2e387a02b"},"breadcrumb":{"@id":"https:\/\/www.andrefelizardo.com.br\/blog\/o-que-e-empreender\/#breadcrumb"},"inLanguage":"pt-BR","potentialAction":[{"@type":"ReadAction","target":["https:\/\/www.andrefelizardo.com.br\/blog\/o-que-e-empreender\/"]}]},{"@type":"ImageObject","inLanguage":"pt-BR","@id":"https:\/\/www.andrefelizardo.com.br\/blog\/o-que-e-empreender\/#primaryimage","url":"https:\/\/www.andrefelizardo.com.br\/blog\/wp-content\/uploads\/2015\/05\/agenda.jpg","contentUrl":"https:\/\/www.andrefelizardo.com.br\/blog\/wp-content\/uploads\/2015\/05\/agenda.jpg","width":1000,"height":662,"caption":"O que \u00e9 empreender?"},{"@type":"BreadcrumbList","@id":"https:\/\/www.andrefelizardo.com.br\/blog\/o-que-e-empreender\/#breadcrumb","itemListElement":[{"@type":"ListItem","position":1,"name":"In\u00edcio","item":"http:\/\/www.andrefelizardo.com.br\/blog\/"},{"@type":"ListItem","position":2,"name":"O que \u00e9 empreender?"}]},{"@type":"WebSite","@id":"http:\/\/www.andrefelizardo.com.br\/blog\/#website","url":"http:\/\/www.andrefelizardo.com.br\/blog\/","name":"Blog do Andr\u00e9 Felizardo","description":"Programa\u00e7\u00e3o de dev para dev","potentialAction":[{"@type":"SearchAction","target":{"@type":"EntryPoint","urlTemplate":"http:\/\/www.andrefelizardo.com.br\/blog\/?s={search_term_string}"},"query-input":{"@type":"PropertyValueSpecification","valueRequired":true,"valueName":"search_term_string"}}],"inLanguage":"pt-BR"},{"@type":"Person","@id":"http:\/\/www.andrefelizardo.com.br\/blog\/#\/schema\/person\/7ffba68b251851fb519600e2e387a02b","name":"Andr\u00e9 Felizardo","image":{"@type":"ImageObject","inLanguage":"pt-BR","@id":"https:\/\/www.andrefelizardo.com.br\/blog\/wp-content\/wphb-cache\/gravatar\/9f9\/9f92d8b773ef5acf9b462d6dab41d783x96.jpg","url":"https:\/\/www.andrefelizardo.com.br\/blog\/wp-content\/wphb-cache\/gravatar\/9f9\/9f92d8b773ef5acf9b462d6dab41d783x96.jpg","contentUrl":"https:\/\/www.andrefelizardo.com.br\/blog\/wp-content\/wphb-cache\/gravatar\/9f9\/9f92d8b773ef5acf9b462d6dab41d783x96.jpg","caption":"Andr\u00e9 Felizardo"},"sameAs":["http:\/\/www.andrefelizardo.com.br"],"url":"https:\/\/www.andrefelizardo.com.br\/blog\/author\/andrefelizardo\/"}]}},"jetpack_featured_media_url":"https:\/\/www.andrefelizardo.com.br\/blog\/wp-content\/uploads\/2015\/05\/agenda.jpg","jetpack_shortlink":"https:\/\/wp.me\/p6EP66-11","jetpack-related-posts":[{"id":60,"url":"https:\/\/www.andrefelizardo.com.br\/blog\/4-passos-para-decidir-de-vez-abrir-seu-negocio\/","url_meta":{"origin":63,"position":0},"title":"4 passos para decidir abrir seu pr\u00f3prio neg\u00f3cio","author":"Andr\u00e9 Felizardo","date":"18 de maio de 2015","format":false,"excerpt":"Vamos combinar que tomar a decis\u00e3o de deixar um emprego bem-sucedido para abrir seu pr\u00f3prio neg\u00f3cio\u00a0n\u00e3o \u00e9 exatamente f\u00e1cil, especialmente para quem j\u00e1 passou dos 30 anos, tem d\u00edvidas para pagar todo m\u00eas e nunca teve um neg\u00f3cio antes. S\u00e3o muitas vari\u00e1veis a pensar e levar em conta, certo? Al\u00e9m\u2026","rel":"","context":"Em &quot;Empreendedorismo&quot;","block_context":{"text":"Empreendedorismo","link":"https:\/\/www.andrefelizardo.com.br\/blog\/category\/empreendedorismo\/"},"img":{"alt_text":"Abrir neg\u00f3cio pr\u00f3prio","src":"https:\/\/i0.wp.com\/www.andrefelizardo.com.br\/blog\/wp-content\/uploads\/2015\/05\/negocio-proprio.jpg?resize=350%2C200&ssl=1","width":350,"height":200,"srcset":"https:\/\/i0.wp.com\/www.andrefelizardo.com.br\/blog\/wp-content\/uploads\/2015\/05\/negocio-proprio.jpg?resize=350%2C200&ssl=1 1x, https:\/\/i0.wp.com\/www.andrefelizardo.com.br\/blog\/wp-content\/uploads\/2015\/05\/negocio-proprio.jpg?resize=525%2C300&ssl=1 1.5x, https:\/\/i0.wp.com\/www.andrefelizardo.com.br\/blog\/wp-content\/uploads\/2015\/05\/negocio-proprio.jpg?resize=700%2C400&ssl=1 2x"},"classes":[]},{"id":140,"url":"https:\/\/www.andrefelizardo.com.br\/blog\/os-maiores-desafios-do-empreendedorismo-feminino\/","url_meta":{"origin":63,"position":1},"title":"Os maiores desafios do empreendedorismo feminino","author":"Andr\u00e9 Felizardo","date":"9 de junho de 2015","format":false,"excerpt":"Existe a lenda que a mulher \u00e9 a Mulher Maravilha\u201d, afirma Ana Fontes, criadora da Rede Mulher Empreendedora. \u201cIsso \u00e9 ruim porque significa que voc\u00ea tem que fazer tudo. Essa responsabilidade fica na nossa cabe\u00e7a\u201d, diz. As dificuldades que as empreendedoras enfrentam no mundo dos neg\u00f3cios foram parte da discuss\u00e3o\u2026","rel":"","context":"Em &quot;Empreendedorismo&quot;","block_context":{"text":"Empreendedorismo","link":"https:\/\/www.andrefelizardo.com.br\/blog\/category\/empreendedorismo\/"},"img":{"alt_text":"Empreendedorismo Ferminino","src":"https:\/\/i0.wp.com\/www.andrefelizardo.com.br\/blog\/wp-content\/uploads\/2015\/06\/mulher-no-empreendedorismo.jpg?resize=350%2C200&ssl=1","width":350,"height":200,"srcset":"https:\/\/i0.wp.com\/www.andrefelizardo.com.br\/blog\/wp-content\/uploads\/2015\/06\/mulher-no-empreendedorismo.jpg?resize=350%2C200&ssl=1 1x, https:\/\/i0.wp.com\/www.andrefelizardo.com.br\/blog\/wp-content\/uploads\/2015\/06\/mulher-no-empreendedorismo.jpg?resize=525%2C300&ssl=1 1.5x, https:\/\/i0.wp.com\/www.andrefelizardo.com.br\/blog\/wp-content\/uploads\/2015\/06\/mulher-no-empreendedorismo.jpg?resize=700%2C400&ssl=1 2x, https:\/\/i0.wp.com\/www.andrefelizardo.com.br\/blog\/wp-content\/uploads\/2015\/06\/mulher-no-empreendedorismo.jpg?resize=1050%2C600&ssl=1 3x"},"classes":[]},{"id":821,"url":"https:\/\/www.andrefelizardo.com.br\/blog\/projetos-paralelos\/","url_meta":{"origin":63,"position":2},"title":"Projetos paralelos","author":"Andr\u00e9 Felizardo","date":"5 de maio de 2017","format":false,"excerpt":"Esse texto \u00e9 sobre sair da zona de conforto. O meu Blog \u00e9 a minha vis\u00e3o sobre Marketing Digital, Empreendedorismo e Tecnologia.\u00a0(t\u00e1 no t\u00edtulo!) Desde que eu comecei a trabalhar (l\u00e1 em 2007), eu trabalho com tecnologia. Meu primeiro emprego foi num curso de inform\u00e1tica e passei por praticamente todas\u2026","rel":"","context":"Em &quot;Dicas&quot;","block_context":{"text":"Dicas","link":"https:\/\/www.andrefelizardo.com.br\/blog\/category\/dicas\/"},"img":{"alt_text":"","src":"https:\/\/i0.wp.com\/www.andrefelizardo.com.br\/blog\/wp-content\/uploads\/2017\/05\/F672CBDC0F1.jpg?resize=350%2C200&ssl=1","width":350,"height":200,"srcset":"https:\/\/i0.wp.com\/www.andrefelizardo.com.br\/blog\/wp-content\/uploads\/2017\/05\/F672CBDC0F1.jpg?resize=350%2C200&ssl=1 1x, https:\/\/i0.wp.com\/www.andrefelizardo.com.br\/blog\/wp-content\/uploads\/2017\/05\/F672CBDC0F1.jpg?resize=525%2C300&ssl=1 1.5x, https:\/\/i0.wp.com\/www.andrefelizardo.com.br\/blog\/wp-content\/uploads\/2017\/05\/F672CBDC0F1.jpg?resize=700%2C400&ssl=1 2x"},"classes":[]},{"id":20,"url":"https:\/\/www.andrefelizardo.com.br\/blog\/30-coisas-que-voce-deve-comecar-a-fazer-para-si-mesmo-agora\/","url_meta":{"origin":63,"position":3},"title":"30 coisas que voc\u00ea deve come\u00e7ar a fazer para si mesmo agora!","author":"Andr\u00e9 Felizardo","date":"8 de maio de 2015","format":false,"excerpt":"Empreender n\u00e3o \u00e9 f\u00e1cil. E tem suas v\u00e1rias dificuldades. Mas, empreender \u00e9 uma busca em melhorar seus produtos\/servi\u00e7os e melhorar a si mesmo, constantemente. O texto que voc\u00ea vai ler foi escrito por Marc e Angel (traduzido pelo siteLifeBuzz.com). 1. Comece a passar o tempo com as pessoas certas \u00a0\u2026","rel":"","context":"Em &quot;Empreendedorismo&quot;","block_context":{"text":"Empreendedorismo","link":"https:\/\/www.andrefelizardo.com.br\/blog\/category\/empreendedorismo\/"},"img":{"alt_text":"Passe o tempo com as pessoas certas","src":"https:\/\/i0.wp.com\/www.andrefelizardo.com.br\/blog\/wp-content\/uploads\/2015\/05\/andre_felizardo-30-coisas-1.jpg?resize=350%2C200&ssl=1","width":350,"height":200,"srcset":"https:\/\/i0.wp.com\/www.andrefelizardo.com.br\/blog\/wp-content\/uploads\/2015\/05\/andre_felizardo-30-coisas-1.jpg?resize=350%2C200&ssl=1 1x, https:\/\/i0.wp.com\/www.andrefelizardo.com.br\/blog\/wp-content\/uploads\/2015\/05\/andre_felizardo-30-coisas-1.jpg?resize=525%2C300&ssl=1 1.5x"},"classes":[]},{"id":404,"url":"https:\/\/www.andrefelizardo.com.br\/blog\/tipos-de-site-encontre-o-ideal-para-sua-empresa\/","url_meta":{"origin":63,"position":4},"title":"Tipos de Site &#8211; Encontre o ideal para sua empresa","author":"Andr\u00e9 Felizardo","date":"12 de outubro de 2015","format":false,"excerpt":"Um dos primeiro passos para colocar sua empresa\/ideia no mundo digital, com uma boa identidade \u00e9 ter um site. Por\u00e9m mesmo identificando essa necessidade, alguns empreendedores acreditam que ter um site \u00e9 muito caro ou dif\u00edcil. Nos primeiros contatos com os clientes, eu gosto de passar os v\u00e1rios tipos poss\u00edveis\u2026","rel":"","context":"Em &quot;Empreendedorismo&quot;","block_context":{"text":"Empreendedorismo","link":"https:\/\/www.andrefelizardo.com.br\/blog\/category\/empreendedorismo\/"},"img":{"alt_text":"sites","src":"https:\/\/i0.wp.com\/www.andrefelizardo.com.br\/blog\/wp-content\/uploads\/2015\/10\/sites.png?resize=350%2C200&ssl=1","width":350,"height":200,"srcset":"https:\/\/i0.wp.com\/www.andrefelizardo.com.br\/blog\/wp-content\/uploads\/2015\/10\/sites.png?resize=350%2C200&ssl=1 1x, https:\/\/i0.wp.com\/www.andrefelizardo.com.br\/blog\/wp-content\/uploads\/2015\/10\/sites.png?resize=525%2C300&ssl=1 1.5x"},"classes":[]},{"id":92,"url":"https:\/\/www.andrefelizardo.com.br\/blog\/como-planejar-e-organizar-suas-ideias-7-passos-praticos\/","url_meta":{"origin":63,"position":5},"title":"Como planejar e organizar suas ideias &#8211; 7 passos pr\u00e1ticos","author":"Andr\u00e9 Felizardo","date":"28 de maio de 2015","format":false,"excerpt":"Planejamento \u00e9 uma das coisas mais importantes da vida, seja no campo pessoal ou empresarial. Por\u00e9m muitas vezes erramos no planejamento mais b\u00e1sico, que \u00e9 planejar o planejamento, ou pr\u00e9-planejamento. Se voc\u00ea erra no primeiro passo, se torna uma bola de neve e seus planos se tornam uma dor de\u2026","rel":"","context":"Em &quot;Empreendedorismo&quot;","block_context":{"text":"Empreendedorismo","link":"https:\/\/www.andrefelizardo.com.br\/blog\/category\/empreendedorismo\/"},"img":{"alt_text":"Organize suas ideias - imagem mesa de trabalho organizada","src":"https:\/\/i0.wp.com\/www.andrefelizardo.com.br\/blog\/wp-content\/uploads\/2015\/05\/notebook-livros-revista-iphone-desenho.jpg?resize=350%2C200&ssl=1","width":350,"height":200,"srcset":"https:\/\/i0.wp.com\/www.andrefelizardo.com.br\/blog\/wp-content\/uploads\/2015\/05\/notebook-livros-revista-iphone-desenho.jpg?resize=350%2C200&ssl=1 1x, https:\/\/i0.wp.com\/www.andrefelizardo.com.br\/blog\/wp-content\/uploads\/2015\/05\/notebook-livros-revista-iphone-desenho.jpg?resize=525%2C300&ssl=1 1.5x, https:\/\/i0.wp.com\/www.andrefelizardo.com.br\/blog\/wp-content\/uploads\/2015\/05\/notebook-livros-revista-iphone-desenho.jpg?resize=700%2C400&ssl=1 2x"},"classes":[]}],"jetpack_sharing_enabled":true,"_links":{"self":[{"href":"https:\/\/www.andrefelizardo.com.br\/blog\/wp-json\/wp\/v2\/posts\/63","targetHints":{"allow":["GET"]}}],"collection":[{"href":"https:\/\/www.andrefelizardo.com.br\/blog\/wp-json\/wp\/v2\/posts"}],"about":[{"href":"https:\/\/www.andrefelizardo.com.br\/blog\/wp-json\/wp\/v2\/types\/post"}],"author":[{"embeddable":true,"href":"https:\/\/www.andrefelizardo.com.br\/blog\/wp-json\/wp\/v2\/users\/1"}],"replies":[{"embeddable":true,"href":"https:\/\/www.andrefelizardo.com.br\/blog\/wp-json\/wp\/v2\/comments?post=63"}],"version-history":[{"count":0,"href":"https:\/\/www.andrefelizardo.com.br\/blog\/wp-json\/wp\/v2\/posts\/63\/revisions"}],"wp:featuredmedia":[{"embeddable":true,"href":"https:\/\/www.andrefelizardo.com.br\/blog\/wp-json\/wp\/v2\/media\/292"}],"wp:attachment":[{"href":"https:\/\/www.andrefelizardo.com.br\/blog\/wp-json\/wp\/v2\/media?parent=63"}],"wp:term":[{"taxonomy":"category","embeddable":true,"href":"https:\/\/www.andrefelizardo.com.br\/blog\/wp-json\/wp\/v2\/categories?post=63"},{"taxonomy":"post_tag","embeddable":true,"href":"https:\/\/www.andrefelizardo.com.br\/blog\/wp-json\/wp\/v2\/tags?post=63"}],"curies":[{"name":"wp","href":"https:\/\/api.w.org\/{rel}","templated":true}]}}