{"id":92,"date":"2015-05-28T20:11:10","date_gmt":"2015-05-28T20:11:10","guid":{"rendered":"http:\/\/felizardos.wc.lt\/blog\/?p=92"},"modified":"2016-01-05T13:27:50","modified_gmt":"2016-01-05T13:27:50","slug":"como-planejar-e-organizar-suas-ideias-7-passos-praticos","status":"publish","type":"post","link":"https:\/\/www.andrefelizardo.com.br\/blog\/como-planejar-e-organizar-suas-ideias-7-passos-praticos\/","title":{"rendered":"Como planejar e organizar suas ideias &#8211; 7 passos pr\u00e1ticos"},"content":{"rendered":"<p>Planejamento \u00e9 uma das coisas mais importantes da vida, seja no campo pessoal ou empresarial.<\/p>\n<p>Por\u00e9m muitas vezes erramos no planejamento mais b\u00e1sico, que \u00e9 planejar o planejamento, ou pr\u00e9-planejamento.<\/p>\n<p>Se voc\u00ea erra no primeiro passo, se torna uma bola de neve e seus planos se tornam uma dor de cabe\u00e7a.<\/p>\n<p>Vamos a parte pr\u00e1tica:<\/p>\n<p><!--more--><\/p>\n<p><img decoding=\"async\" class=\"size-content wp-image-238 aligncenter lazyload\" data-src=\"http:\/\/www.andrefelizardo.com.br\/blog\/wp-content\/uploads\/2015\/05\/notebook-livros-revista-iphone-desenho-620x264.jpg\" alt=\"Organize suas ideias - imagem mesa de trabalho organizada\" width=\"620\" height=\"264\" src=\"data:image\/svg+xml;base64,PHN2ZyB3aWR0aD0iMSIgaGVpZ2h0PSIxIiB4bWxucz0iaHR0cDovL3d3dy53My5vcmcvMjAwMC9zdmciPjwvc3ZnPg==\" style=\"--smush-placeholder-width: 620px; --smush-placeholder-aspect-ratio: 620\/264;\" \/><\/p>\n<blockquote><p>1. Checklist<\/p><\/blockquote>\n<p><strong>Checklist<\/strong> \u00e9 fundamental. Checklist nada mais \u00e9 do que aquela lista de verifica\u00e7\u00f5es, que voc\u00ea vai marcando o que j\u00e1 fez. Com uma checklist voc\u00ea vai vendo o que j\u00e1 fez, e o que falta. No passo 7 tem uma \u00f3tima dica de como fazer uma checklist perfeita!<\/p>\n<blockquote><p>2. Menos \u00e9 mais<\/p><\/blockquote>\n<p>N\u00e3o tem como ter tudo e se preocupar com tudo ao mesmo tempo.<br \/>\nVoc\u00ea deve <strong>eliminar o sup\u00e9rfluo e o excesso<\/strong>. Quanto menos coisas voc\u00ea tiver para se preocupar, mais voc\u00ea ter\u00e1 tempo de se preocupar com o que realmente importa.<\/p>\n<blockquote><p>3. Reduza as compras\/gastos<\/p><\/blockquote>\n<p>Muitas vezes o que compramos tem pouca liga\u00e7\u00e3o com a necessidade daquele objeto, mas sim a necessidade de preencher algum vazio ou problema de nossa vida gastando. Quantas vezes voc\u00ea j\u00e1 ouviu que algu\u00e9m foi fazer compras quando estava triste? Por\u00e9m, mais uma vez, menos \u00e9 mais. Siga os conselhos do item 2 e lembre-se. Priorize o seu dinheiro, n\u00e3o tenha gastos desnecess\u00e1rios.<\/p>\n<blockquote><p>4. Categorizar<\/p><\/blockquote>\n<p>Para uma melhor organiza\u00e7\u00e3o devemos distribuir as coisas que queremos organizar ou planejar, por categorias. Podemos dividir a nossa vida em:<\/p>\n<ul>\n<li>Pessoal\/Individual;<\/li>\n<li>Carreira;<\/li>\n<li>Familiar;<\/li>\n<li>Empresarial;<\/li>\n<li>Social.<\/li>\n<\/ul>\n<p>O que voc\u00ea quer conquistar em cada uma dessas categorias? E acredite, n\u00e3o d\u00e1 para ser feliz esquecendo de alguma delas.<\/p>\n<blockquote><p>5. N\u00e3o utilizar papel<\/p><\/blockquote>\n<p>Voc\u00ea deve ter se perguntado porque n\u00e3o usar papel. Alguma vez j\u00e1 escreveu uma \u00f3tima ideia num papel e depois&#8230;n\u00e3o achou mais esse papel? Pois \u00e9, pode ser um pouco dif\u00edcil pra voc\u00ea no in\u00edcio se acostumar a n\u00e3o usar papel, mas al\u00e9m de n\u00e3o se perder num monte de folhas, que depois de alguns dias parecem n\u00e3o representar nada, voc\u00ea ainda est\u00e1 contribuindo para a sustentabilidade do planeta.<\/p>\n<blockquote><p>6. H\u00e1bitos positivos<\/p><\/blockquote>\n<p>Tenha h\u00e1bitos positivos. Acorde uma hora mais cedo para tomar um caf\u00e9 mais refor\u00e7ado, ou ler as not\u00edcias antes de ir trabalhar. Tire um tempo para se exercitar, comece com pequenas caminhadas, afinal \u00e9 de gra\u00e7a e voc\u00ea pode fazer em qualquer dia e hor\u00e1rio. Aprenda a ser positivo e se motivar com pequenos novos h\u00e1bitos.<\/p>\n<blockquote><p>7. Use um App (<a href=\"http:\/\/felizardos.wc.lt\/blog\/como-usar-o-wunderlist\/\" target=\"_blank\">Wunderlist<\/a>)<\/p><\/blockquote>\n<p>Existem diversos apps para criar checklists e se organizar da melhor forma. Posso citar rapidamente o Google Keep, Todoist, Trello.<\/p>\n<p>Mas vai aqui um dos melhores o Wunderlist!<\/p>\n<p><a href=\"http:\/\/felizardos.wc.lt\/blog\/como-usar-o-wunderlist\/\" target=\"_blank\">Clique aqui para aprender a usar o Wunderlist<\/a>, esse app \u00e9 muito bom, e voc\u00ea pode usar no PC, Smartphone ou Tablet.<\/p>\n<p>Gostou da nossa lista? Compartilhe com seus amigos!<\/p>\n","protected":false},"excerpt":{"rendered":"<p>Planejamento \u00e9 uma das coisas mais importantes da vida, seja no campo pessoal ou empresarial. Por\u00e9m muitas vezes erramos no planejamento mais b\u00e1sico, que \u00e9 planejar o planejamento, ou pr\u00e9-planejamento. Se voc\u00ea erra no primeiro passo, se torna uma bola de neve e seus planos se tornam uma dor de cabe\u00e7a. Vamos a parte pr\u00e1tica:<\/p>\n","protected":false},"author":1,"featured_media":238,"comment_status":"open","ping_status":"open","sticky":false,"template":"","format":"standard","meta":{"_jetpack_newsletter_access":"","_jetpack_dont_email_post_to_subs":false,"_jetpack_newsletter_tier_id":0,"_jetpack_memberships_contains_paywalled_content":false,"_jetpack_memberships_contains_paid_content":false,"footnotes":""},"categories":[3,4],"tags":[12,16,29,33],"class_list":["post-92","post","type-post","status-publish","format-standard","has-post-thumbnail","hentry","category-empreendedorismo","category-geral","tag-app","tag-dicas","tag-listas","tag-organizacao"],"yoast_head":"<!-- This site is optimized with the Yoast SEO plugin v27.5 - https:\/\/yoast.com\/product\/yoast-seo-wordpress\/ -->\n<title>Como planejar e organizar suas ideias - 7 passos pr\u00e1ticos - Blog do Andr\u00e9 Felizardo<\/title>\n<meta name=\"description\" content=\"Voc\u00ea tem dificuldades de passar todas as ideias que passam pela sua cabe\u00e7a para o papel? N\u00e3o fique triste, isso \u00e9 normal. Siga essas dicas de planejamento.\" \/>\n<meta name=\"robots\" content=\"index, follow, max-snippet:-1, max-image-preview:large, max-video-preview:-1\" \/>\n<link rel=\"canonical\" href=\"http:\/\/www.andrefelizardo.com.br\/blog\/como-planejar-e-organizar-suas-ideias-7-passos-praticos\/\" \/>\n<meta property=\"og:locale\" content=\"pt_BR\" \/>\n<meta property=\"og:type\" content=\"article\" \/>\n<meta property=\"og:title\" content=\"Como planejar e organizar suas ideias - 7 passos pr\u00e1ticos - Blog do Andr\u00e9 Felizardo\" \/>\n<meta property=\"og:description\" content=\"Voc\u00ea tem dificuldades de passar todas as ideias que passam pela sua cabe\u00e7a para o papel? N\u00e3o fique triste, isso \u00e9 normal. Siga essas dicas de planejamento.\" \/>\n<meta property=\"og:url\" content=\"http:\/\/www.andrefelizardo.com.br\/blog\/como-planejar-e-organizar-suas-ideias-7-passos-praticos\/\" \/>\n<meta property=\"og:site_name\" content=\"Blog do Andr\u00e9 Felizardo\" \/>\n<meta property=\"article:published_time\" content=\"2015-05-28T20:11:10+00:00\" \/>\n<meta property=\"article:modified_time\" content=\"2016-01-05T13:27:50+00:00\" \/>\n<meta property=\"og:image\" content=\"http:\/\/www.andrefelizardo.com.br\/blog\/wp-content\/uploads\/2015\/05\/notebook-livros-revista-iphone-desenho.jpg\" \/>\n\t<meta property=\"og:image:width\" content=\"1000\" \/>\n\t<meta property=\"og:image:height\" content=\"671\" \/>\n\t<meta property=\"og:image:type\" content=\"image\/jpeg\" \/>\n<meta name=\"author\" content=\"Andr\u00e9 Felizardo\" \/>\n<meta name=\"twitter:card\" content=\"summary_large_image\" \/>\n<meta name=\"twitter:label1\" content=\"Escrito por\" \/>\n\t<meta name=\"twitter:data1\" content=\"Andr\u00e9 Felizardo\" \/>\n\t<meta name=\"twitter:label2\" content=\"Est. tempo de leitura\" \/>\n\t<meta name=\"twitter:data2\" content=\"2 minutos\" \/>\n<script type=\"application\/ld+json\" class=\"yoast-schema-graph\">{\"@context\":\"https:\\\/\\\/schema.org\",\"@graph\":[{\"@type\":\"Article\",\"@id\":\"http:\\\/\\\/www.andrefelizardo.com.br\\\/blog\\\/como-planejar-e-organizar-suas-ideias-7-passos-praticos\\\/#article\",\"isPartOf\":{\"@id\":\"http:\\\/\\\/www.andrefelizardo.com.br\\\/blog\\\/como-planejar-e-organizar-suas-ideias-7-passos-praticos\\\/\"},\"author\":{\"name\":\"Andr\u00e9 Felizardo\",\"@id\":\"http:\\\/\\\/www.andrefelizardo.com.br\\\/blog\\\/#\\\/schema\\\/person\\\/7ffba68b251851fb519600e2e387a02b\"},\"headline\":\"Como planejar e organizar suas ideias &#8211; 7 passos pr\u00e1ticos\",\"datePublished\":\"2015-05-28T20:11:10+00:00\",\"dateModified\":\"2016-01-05T13:27:50+00:00\",\"mainEntityOfPage\":{\"@id\":\"http:\\\/\\\/www.andrefelizardo.com.br\\\/blog\\\/como-planejar-e-organizar-suas-ideias-7-passos-praticos\\\/\"},\"wordCount\":487,\"commentCount\":3,\"image\":{\"@id\":\"http:\\\/\\\/www.andrefelizardo.com.br\\\/blog\\\/como-planejar-e-organizar-suas-ideias-7-passos-praticos\\\/#primaryimage\"},\"thumbnailUrl\":\"https:\\\/\\\/www.andrefelizardo.com.br\\\/blog\\\/wp-content\\\/uploads\\\/2015\\\/05\\\/notebook-livros-revista-iphone-desenho.jpg\",\"keywords\":[\"app\",\"dicas\",\"listas\",\"organiza\u00e7\u00e3o\"],\"articleSection\":[\"Empreendedorismo\",\"Geral\"],\"inLanguage\":\"pt-BR\",\"potentialAction\":[{\"@type\":\"CommentAction\",\"name\":\"Comment\",\"target\":[\"http:\\\/\\\/www.andrefelizardo.com.br\\\/blog\\\/como-planejar-e-organizar-suas-ideias-7-passos-praticos\\\/#respond\"]}]},{\"@type\":\"WebPage\",\"@id\":\"http:\\\/\\\/www.andrefelizardo.com.br\\\/blog\\\/como-planejar-e-organizar-suas-ideias-7-passos-praticos\\\/\",\"url\":\"http:\\\/\\\/www.andrefelizardo.com.br\\\/blog\\\/como-planejar-e-organizar-suas-ideias-7-passos-praticos\\\/\",\"name\":\"Como planejar e organizar suas ideias - 7 passos pr\u00e1ticos - Blog do Andr\u00e9 Felizardo\",\"isPartOf\":{\"@id\":\"http:\\\/\\\/www.andrefelizardo.com.br\\\/blog\\\/#website\"},\"primaryImageOfPage\":{\"@id\":\"http:\\\/\\\/www.andrefelizardo.com.br\\\/blog\\\/como-planejar-e-organizar-suas-ideias-7-passos-praticos\\\/#primaryimage\"},\"image\":{\"@id\":\"http:\\\/\\\/www.andrefelizardo.com.br\\\/blog\\\/como-planejar-e-organizar-suas-ideias-7-passos-praticos\\\/#primaryimage\"},\"thumbnailUrl\":\"https:\\\/\\\/www.andrefelizardo.com.br\\\/blog\\\/wp-content\\\/uploads\\\/2015\\\/05\\\/notebook-livros-revista-iphone-desenho.jpg\",\"datePublished\":\"2015-05-28T20:11:10+00:00\",\"dateModified\":\"2016-01-05T13:27:50+00:00\",\"author\":{\"@id\":\"http:\\\/\\\/www.andrefelizardo.com.br\\\/blog\\\/#\\\/schema\\\/person\\\/7ffba68b251851fb519600e2e387a02b\"},\"description\":\"Voc\u00ea tem dificuldades de passar todas as ideias que passam pela sua cabe\u00e7a para o papel? N\u00e3o fique triste, isso \u00e9 normal. Siga essas dicas de planejamento.\",\"breadcrumb\":{\"@id\":\"http:\\\/\\\/www.andrefelizardo.com.br\\\/blog\\\/como-planejar-e-organizar-suas-ideias-7-passos-praticos\\\/#breadcrumb\"},\"inLanguage\":\"pt-BR\",\"potentialAction\":[{\"@type\":\"ReadAction\",\"target\":[\"http:\\\/\\\/www.andrefelizardo.com.br\\\/blog\\\/como-planejar-e-organizar-suas-ideias-7-passos-praticos\\\/\"]}]},{\"@type\":\"ImageObject\",\"inLanguage\":\"pt-BR\",\"@id\":\"http:\\\/\\\/www.andrefelizardo.com.br\\\/blog\\\/como-planejar-e-organizar-suas-ideias-7-passos-praticos\\\/#primaryimage\",\"url\":\"https:\\\/\\\/www.andrefelizardo.com.br\\\/blog\\\/wp-content\\\/uploads\\\/2015\\\/05\\\/notebook-livros-revista-iphone-desenho.jpg\",\"contentUrl\":\"https:\\\/\\\/www.andrefelizardo.com.br\\\/blog\\\/wp-content\\\/uploads\\\/2015\\\/05\\\/notebook-livros-revista-iphone-desenho.jpg\",\"width\":1000,\"height\":671,\"caption\":\"Organize suas ideias - imagem mesa de trabalho organizada\"},{\"@type\":\"BreadcrumbList\",\"@id\":\"http:\\\/\\\/www.andrefelizardo.com.br\\\/blog\\\/como-planejar-e-organizar-suas-ideias-7-passos-praticos\\\/#breadcrumb\",\"itemListElement\":[{\"@type\":\"ListItem\",\"position\":1,\"name\":\"In\u00edcio\",\"item\":\"http:\\\/\\\/www.andrefelizardo.com.br\\\/blog\\\/\"},{\"@type\":\"ListItem\",\"position\":2,\"name\":\"Como planejar e organizar suas ideias &#8211; 7 passos pr\u00e1ticos\"}]},{\"@type\":\"WebSite\",\"@id\":\"http:\\\/\\\/www.andrefelizardo.com.br\\\/blog\\\/#website\",\"url\":\"http:\\\/\\\/www.andrefelizardo.com.br\\\/blog\\\/\",\"name\":\"Blog do Andr\u00e9 Felizardo\",\"description\":\"Programa\u00e7\u00e3o de dev para dev\",\"potentialAction\":[{\"@type\":\"SearchAction\",\"target\":{\"@type\":\"EntryPoint\",\"urlTemplate\":\"http:\\\/\\\/www.andrefelizardo.com.br\\\/blog\\\/?s={search_term_string}\"},\"query-input\":{\"@type\":\"PropertyValueSpecification\",\"valueRequired\":true,\"valueName\":\"search_term_string\"}}],\"inLanguage\":\"pt-BR\"},{\"@type\":\"Person\",\"@id\":\"http:\\\/\\\/www.andrefelizardo.com.br\\\/blog\\\/#\\\/schema\\\/person\\\/7ffba68b251851fb519600e2e387a02b\",\"name\":\"Andr\u00e9 Felizardo\",\"image\":{\"@type\":\"ImageObject\",\"inLanguage\":\"pt-BR\",\"@id\":\"https:\\\/\\\/www.andrefelizardo.com.br\\\/blog\\\/wp-content\\\/wphb-cache\\\/gravatar\\\/9f9\\\/9f92d8b773ef5acf9b462d6dab41d783x96.jpg\",\"url\":\"https:\\\/\\\/www.andrefelizardo.com.br\\\/blog\\\/wp-content\\\/wphb-cache\\\/gravatar\\\/9f9\\\/9f92d8b773ef5acf9b462d6dab41d783x96.jpg\",\"contentUrl\":\"https:\\\/\\\/www.andrefelizardo.com.br\\\/blog\\\/wp-content\\\/wphb-cache\\\/gravatar\\\/9f9\\\/9f92d8b773ef5acf9b462d6dab41d783x96.jpg\",\"caption\":\"Andr\u00e9 Felizardo\"},\"sameAs\":[\"http:\\\/\\\/www.andrefelizardo.com.br\"],\"url\":\"https:\\\/\\\/www.andrefelizardo.com.br\\\/blog\\\/author\\\/andrefelizardo\\\/\"}]}<\/script>\n<!-- \/ Yoast SEO plugin. -->","yoast_head_json":{"title":"Como planejar e organizar suas ideias - 7 passos pr\u00e1ticos - Blog do Andr\u00e9 Felizardo","description":"Voc\u00ea tem dificuldades de passar todas as ideias que passam pela sua cabe\u00e7a para o papel? N\u00e3o fique triste, isso \u00e9 normal. Siga essas dicas de planejamento.","robots":{"index":"index","follow":"follow","max-snippet":"max-snippet:-1","max-image-preview":"max-image-preview:large","max-video-preview":"max-video-preview:-1"},"canonical":"http:\/\/www.andrefelizardo.com.br\/blog\/como-planejar-e-organizar-suas-ideias-7-passos-praticos\/","og_locale":"pt_BR","og_type":"article","og_title":"Como planejar e organizar suas ideias - 7 passos pr\u00e1ticos - Blog do Andr\u00e9 Felizardo","og_description":"Voc\u00ea tem dificuldades de passar todas as ideias que passam pela sua cabe\u00e7a para o papel? N\u00e3o fique triste, isso \u00e9 normal. Siga essas dicas de planejamento.","og_url":"http:\/\/www.andrefelizardo.com.br\/blog\/como-planejar-e-organizar-suas-ideias-7-passos-praticos\/","og_site_name":"Blog do Andr\u00e9 Felizardo","article_published_time":"2015-05-28T20:11:10+00:00","article_modified_time":"2016-01-05T13:27:50+00:00","og_image":[{"width":1000,"height":671,"url":"http:\/\/www.andrefelizardo.com.br\/blog\/wp-content\/uploads\/2015\/05\/notebook-livros-revista-iphone-desenho.jpg","type":"image\/jpeg"}],"author":"Andr\u00e9 Felizardo","twitter_card":"summary_large_image","twitter_misc":{"Escrito por":"Andr\u00e9 Felizardo","Est. tempo de leitura":"2 minutos"},"schema":{"@context":"https:\/\/schema.org","@graph":[{"@type":"Article","@id":"http:\/\/www.andrefelizardo.com.br\/blog\/como-planejar-e-organizar-suas-ideias-7-passos-praticos\/#article","isPartOf":{"@id":"http:\/\/www.andrefelizardo.com.br\/blog\/como-planejar-e-organizar-suas-ideias-7-passos-praticos\/"},"author":{"name":"Andr\u00e9 Felizardo","@id":"http:\/\/www.andrefelizardo.com.br\/blog\/#\/schema\/person\/7ffba68b251851fb519600e2e387a02b"},"headline":"Como planejar e organizar suas ideias &#8211; 7 passos pr\u00e1ticos","datePublished":"2015-05-28T20:11:10+00:00","dateModified":"2016-01-05T13:27:50+00:00","mainEntityOfPage":{"@id":"http:\/\/www.andrefelizardo.com.br\/blog\/como-planejar-e-organizar-suas-ideias-7-passos-praticos\/"},"wordCount":487,"commentCount":3,"image":{"@id":"http:\/\/www.andrefelizardo.com.br\/blog\/como-planejar-e-organizar-suas-ideias-7-passos-praticos\/#primaryimage"},"thumbnailUrl":"https:\/\/www.andrefelizardo.com.br\/blog\/wp-content\/uploads\/2015\/05\/notebook-livros-revista-iphone-desenho.jpg","keywords":["app","dicas","listas","organiza\u00e7\u00e3o"],"articleSection":["Empreendedorismo","Geral"],"inLanguage":"pt-BR","potentialAction":[{"@type":"CommentAction","name":"Comment","target":["http:\/\/www.andrefelizardo.com.br\/blog\/como-planejar-e-organizar-suas-ideias-7-passos-praticos\/#respond"]}]},{"@type":"WebPage","@id":"http:\/\/www.andrefelizardo.com.br\/blog\/como-planejar-e-organizar-suas-ideias-7-passos-praticos\/","url":"http:\/\/www.andrefelizardo.com.br\/blog\/como-planejar-e-organizar-suas-ideias-7-passos-praticos\/","name":"Como planejar e organizar suas ideias - 7 passos pr\u00e1ticos - Blog do Andr\u00e9 Felizardo","isPartOf":{"@id":"http:\/\/www.andrefelizardo.com.br\/blog\/#website"},"primaryImageOfPage":{"@id":"http:\/\/www.andrefelizardo.com.br\/blog\/como-planejar-e-organizar-suas-ideias-7-passos-praticos\/#primaryimage"},"image":{"@id":"http:\/\/www.andrefelizardo.com.br\/blog\/como-planejar-e-organizar-suas-ideias-7-passos-praticos\/#primaryimage"},"thumbnailUrl":"https:\/\/www.andrefelizardo.com.br\/blog\/wp-content\/uploads\/2015\/05\/notebook-livros-revista-iphone-desenho.jpg","datePublished":"2015-05-28T20:11:10+00:00","dateModified":"2016-01-05T13:27:50+00:00","author":{"@id":"http:\/\/www.andrefelizardo.com.br\/blog\/#\/schema\/person\/7ffba68b251851fb519600e2e387a02b"},"description":"Voc\u00ea tem dificuldades de passar todas as ideias que passam pela sua cabe\u00e7a para o papel? N\u00e3o fique triste, isso \u00e9 normal. Siga essas dicas de planejamento.","breadcrumb":{"@id":"http:\/\/www.andrefelizardo.com.br\/blog\/como-planejar-e-organizar-suas-ideias-7-passos-praticos\/#breadcrumb"},"inLanguage":"pt-BR","potentialAction":[{"@type":"ReadAction","target":["http:\/\/www.andrefelizardo.com.br\/blog\/como-planejar-e-organizar-suas-ideias-7-passos-praticos\/"]}]},{"@type":"ImageObject","inLanguage":"pt-BR","@id":"http:\/\/www.andrefelizardo.com.br\/blog\/como-planejar-e-organizar-suas-ideias-7-passos-praticos\/#primaryimage","url":"https:\/\/www.andrefelizardo.com.br\/blog\/wp-content\/uploads\/2015\/05\/notebook-livros-revista-iphone-desenho.jpg","contentUrl":"https:\/\/www.andrefelizardo.com.br\/blog\/wp-content\/uploads\/2015\/05\/notebook-livros-revista-iphone-desenho.jpg","width":1000,"height":671,"caption":"Organize suas ideias - imagem mesa de trabalho organizada"},{"@type":"BreadcrumbList","@id":"http:\/\/www.andrefelizardo.com.br\/blog\/como-planejar-e-organizar-suas-ideias-7-passos-praticos\/#breadcrumb","itemListElement":[{"@type":"ListItem","position":1,"name":"In\u00edcio","item":"http:\/\/www.andrefelizardo.com.br\/blog\/"},{"@type":"ListItem","position":2,"name":"Como planejar e organizar suas ideias &#8211; 7 passos pr\u00e1ticos"}]},{"@type":"WebSite","@id":"http:\/\/www.andrefelizardo.com.br\/blog\/#website","url":"http:\/\/www.andrefelizardo.com.br\/blog\/","name":"Blog do Andr\u00e9 Felizardo","description":"Programa\u00e7\u00e3o de dev para dev","potentialAction":[{"@type":"SearchAction","target":{"@type":"EntryPoint","urlTemplate":"http:\/\/www.andrefelizardo.com.br\/blog\/?s={search_term_string}"},"query-input":{"@type":"PropertyValueSpecification","valueRequired":true,"valueName":"search_term_string"}}],"inLanguage":"pt-BR"},{"@type":"Person","@id":"http:\/\/www.andrefelizardo.com.br\/blog\/#\/schema\/person\/7ffba68b251851fb519600e2e387a02b","name":"Andr\u00e9 Felizardo","image":{"@type":"ImageObject","inLanguage":"pt-BR","@id":"https:\/\/www.andrefelizardo.com.br\/blog\/wp-content\/wphb-cache\/gravatar\/9f9\/9f92d8b773ef5acf9b462d6dab41d783x96.jpg","url":"https:\/\/www.andrefelizardo.com.br\/blog\/wp-content\/wphb-cache\/gravatar\/9f9\/9f92d8b773ef5acf9b462d6dab41d783x96.jpg","contentUrl":"https:\/\/www.andrefelizardo.com.br\/blog\/wp-content\/wphb-cache\/gravatar\/9f9\/9f92d8b773ef5acf9b462d6dab41d783x96.jpg","caption":"Andr\u00e9 Felizardo"},"sameAs":["http:\/\/www.andrefelizardo.com.br"],"url":"https:\/\/www.andrefelizardo.com.br\/blog\/author\/andrefelizardo\/"}]}},"jetpack_featured_media_url":"https:\/\/www.andrefelizardo.com.br\/blog\/wp-content\/uploads\/2015\/05\/notebook-livros-revista-iphone-desenho.jpg","jetpack_shortlink":"https:\/\/wp.me\/p6EP66-1u","jetpack-related-posts":[{"id":98,"url":"https:\/\/www.andrefelizardo.com.br\/blog\/como-usar-o-wunderlist\/","url_meta":{"origin":92,"position":0},"title":"Como usar o Wunderlist","author":"Andr\u00e9 Felizardo","date":"28 de maio de 2015","format":false,"excerpt":"Voc\u00ea j\u00e1 ouviu falar no Wunderlist? Ele \u00e9 um app para ajudar voc\u00ea a planejar suas tarefas, viagens criando checklists, compartilhando com amigos entre outros v\u00e1rios recursos. De forma geral o app gratuito vai te suprir, mas grandes empresas podem ter a necessidade de pagar uma conta premium para o\u2026","rel":"","context":"Em &quot;Tecnologia&quot;","block_context":{"text":"Tecnologia","link":"https:\/\/www.andrefelizardo.com.br\/blog\/category\/tecnologia\/"},"img":{"alt_text":"Wunderlist logotipo","src":"https:\/\/i0.wp.com\/www.andrefelizardo.com.br\/blog\/wp-content\/uploads\/2015\/05\/wunderlist.png?resize=350%2C200&ssl=1","width":350,"height":200,"srcset":"https:\/\/i0.wp.com\/www.andrefelizardo.com.br\/blog\/wp-content\/uploads\/2015\/05\/wunderlist.png?resize=350%2C200&ssl=1 1x, https:\/\/i0.wp.com\/www.andrefelizardo.com.br\/blog\/wp-content\/uploads\/2015\/05\/wunderlist.png?resize=525%2C300&ssl=1 1.5x, https:\/\/i0.wp.com\/www.andrefelizardo.com.br\/blog\/wp-content\/uploads\/2015\/05\/wunderlist.png?resize=700%2C400&ssl=1 2x"},"classes":[]},{"id":20,"url":"https:\/\/www.andrefelizardo.com.br\/blog\/30-coisas-que-voce-deve-comecar-a-fazer-para-si-mesmo-agora\/","url_meta":{"origin":92,"position":1},"title":"30 coisas que voc\u00ea deve come\u00e7ar a fazer para si mesmo agora!","author":"Andr\u00e9 Felizardo","date":"8 de maio de 2015","format":false,"excerpt":"Empreender n\u00e3o \u00e9 f\u00e1cil. E tem suas v\u00e1rias dificuldades. Mas, empreender \u00e9 uma busca em melhorar seus produtos\/servi\u00e7os e melhorar a si mesmo, constantemente. O texto que voc\u00ea vai ler foi escrito por Marc e Angel (traduzido pelo siteLifeBuzz.com). 1. Comece a passar o tempo com as pessoas certas \u00a0\u2026","rel":"","context":"Em &quot;Empreendedorismo&quot;","block_context":{"text":"Empreendedorismo","link":"https:\/\/www.andrefelizardo.com.br\/blog\/category\/empreendedorismo\/"},"img":{"alt_text":"Passe o tempo com as pessoas certas","src":"https:\/\/i0.wp.com\/www.andrefelizardo.com.br\/blog\/wp-content\/uploads\/2015\/05\/andre_felizardo-30-coisas-1.jpg?resize=350%2C200&ssl=1","width":350,"height":200,"srcset":"https:\/\/i0.wp.com\/www.andrefelizardo.com.br\/blog\/wp-content\/uploads\/2015\/05\/andre_felizardo-30-coisas-1.jpg?resize=350%2C200&ssl=1 1x, https:\/\/i0.wp.com\/www.andrefelizardo.com.br\/blog\/wp-content\/uploads\/2015\/05\/andre_felizardo-30-coisas-1.jpg?resize=525%2C300&ssl=1 1.5x"},"classes":[]},{"id":227,"url":"https:\/\/www.andrefelizardo.com.br\/blog\/o-que-e-marketing-digital\/","url_meta":{"origin":92,"position":2},"title":"O que \u00e9 marketing digital?","author":"Andr\u00e9 Felizardo","date":"28 de agosto de 2015","format":false,"excerpt":"Marketing Digital \u00e9 um dos assuntos mais comentados da d\u00e9cada atual. Atualmente no Google existem mais de 187 milh\u00f5es de resultados para a pergunta: O que \u00e9 Marketing Digital? Ao contr\u00e1rio dos canais de marketing tradicional, onde quem controla s\u00e3o os grupos empresariais (como TV e outros), na Internet o\u2026","rel":"","context":"Em &quot;Marketing&quot;","block_context":{"text":"Marketing","link":"https:\/\/www.andrefelizardo.com.br\/blog\/category\/marketing\/"},"img":{"alt_text":"O que \u00e9 Marketing Digital?","src":"https:\/\/i0.wp.com\/www.andrefelizardo.com.br\/blog\/wp-content\/uploads\/2015\/08\/o-que-e-marketing-digital.jpg?resize=350%2C200&ssl=1","width":350,"height":200,"srcset":"https:\/\/i0.wp.com\/www.andrefelizardo.com.br\/blog\/wp-content\/uploads\/2015\/08\/o-que-e-marketing-digital.jpg?resize=350%2C200&ssl=1 1x, https:\/\/i0.wp.com\/www.andrefelizardo.com.br\/blog\/wp-content\/uploads\/2015\/08\/o-que-e-marketing-digital.jpg?resize=525%2C300&ssl=1 1.5x, https:\/\/i0.wp.com\/www.andrefelizardo.com.br\/blog\/wp-content\/uploads\/2015\/08\/o-que-e-marketing-digital.jpg?resize=700%2C400&ssl=1 2x, https:\/\/i0.wp.com\/www.andrefelizardo.com.br\/blog\/wp-content\/uploads\/2015\/08\/o-que-e-marketing-digital.jpg?resize=1050%2C600&ssl=1 3x"},"classes":[]},{"id":3893,"url":"https:\/\/www.andrefelizardo.com.br\/blog\/curadoria-de-janeiro-26\/","url_meta":{"origin":92,"position":3},"title":"Curadoria de Janeiro 26","author":"Andr\u00e9 Felizardo","date":"6 de fevereiro de 2026","format":false,"excerpt":"Toda vez que come\u00e7a um novo ano eu fico pensativo sobre o qu\u00e3o genial \u00e9 essa ideia de dividir o tempo. \u00c9 s\u00f3 um monte de dia atr\u00e1s do outro, mas esse ciclo de 12 meses acaba sempre motivando uns (e deprimindo alguns outros) na virada. Eu sou dos que\u2026","rel":"","context":"Em &quot;Tecnologia&quot;","block_context":{"text":"Tecnologia","link":"https:\/\/www.andrefelizardo.com.br\/blog\/category\/tecnologia\/"},"img":{"alt_text":"","src":"https:\/\/i0.wp.com\/www.andrefelizardo.com.br\/blog\/wp-content\/uploads\/2026\/02\/Curadoria-Janeiro-26.png?resize=350%2C200&ssl=1","width":350,"height":200,"srcset":"https:\/\/i0.wp.com\/www.andrefelizardo.com.br\/blog\/wp-content\/uploads\/2026\/02\/Curadoria-Janeiro-26.png?resize=350%2C200&ssl=1 1x, https:\/\/i0.wp.com\/www.andrefelizardo.com.br\/blog\/wp-content\/uploads\/2026\/02\/Curadoria-Janeiro-26.png?resize=525%2C300&ssl=1 1.5x, https:\/\/i0.wp.com\/www.andrefelizardo.com.br\/blog\/wp-content\/uploads\/2026\/02\/Curadoria-Janeiro-26.png?resize=700%2C400&ssl=1 2x, https:\/\/i0.wp.com\/www.andrefelizardo.com.br\/blog\/wp-content\/uploads\/2026\/02\/Curadoria-Janeiro-26.png?resize=1050%2C600&ssl=1 3x, https:\/\/i0.wp.com\/www.andrefelizardo.com.br\/blog\/wp-content\/uploads\/2026\/02\/Curadoria-Janeiro-26.png?resize=1400%2C800&ssl=1 4x"},"classes":[]},{"id":60,"url":"https:\/\/www.andrefelizardo.com.br\/blog\/4-passos-para-decidir-de-vez-abrir-seu-negocio\/","url_meta":{"origin":92,"position":4},"title":"4 passos para decidir abrir seu pr\u00f3prio neg\u00f3cio","author":"Andr\u00e9 Felizardo","date":"18 de maio de 2015","format":false,"excerpt":"Vamos combinar que tomar a decis\u00e3o de deixar um emprego bem-sucedido para abrir seu pr\u00f3prio neg\u00f3cio\u00a0n\u00e3o \u00e9 exatamente f\u00e1cil, especialmente para quem j\u00e1 passou dos 30 anos, tem d\u00edvidas para pagar todo m\u00eas e nunca teve um neg\u00f3cio antes. S\u00e3o muitas vari\u00e1veis a pensar e levar em conta, certo? Al\u00e9m\u2026","rel":"","context":"Em &quot;Empreendedorismo&quot;","block_context":{"text":"Empreendedorismo","link":"https:\/\/www.andrefelizardo.com.br\/blog\/category\/empreendedorismo\/"},"img":{"alt_text":"Abrir neg\u00f3cio pr\u00f3prio","src":"https:\/\/i0.wp.com\/www.andrefelizardo.com.br\/blog\/wp-content\/uploads\/2015\/05\/negocio-proprio.jpg?resize=350%2C200&ssl=1","width":350,"height":200,"srcset":"https:\/\/i0.wp.com\/www.andrefelizardo.com.br\/blog\/wp-content\/uploads\/2015\/05\/negocio-proprio.jpg?resize=350%2C200&ssl=1 1x, https:\/\/i0.wp.com\/www.andrefelizardo.com.br\/blog\/wp-content\/uploads\/2015\/05\/negocio-proprio.jpg?resize=525%2C300&ssl=1 1.5x, https:\/\/i0.wp.com\/www.andrefelizardo.com.br\/blog\/wp-content\/uploads\/2015\/05\/negocio-proprio.jpg?resize=700%2C400&ssl=1 2x"},"classes":[]},{"id":963,"url":"https:\/\/www.andrefelizardo.com.br\/blog\/o-que-e-vue-js\/","url_meta":{"origin":92,"position":5},"title":"O que \u00e9 Vue.js","author":"Andr\u00e9 Felizardo","date":"10 de janeiro de 2018","format":false,"excerpt":"Vue.js \u00e9 uma biblioteca\u00a0JavaScript\u00a0acess\u00edvel, vers\u00e1til e perform\u00e1tica. E apesar do site oficial dizer que Vue.js \u00e9 um framework JavaScript Progressivo, eu j\u00e1 vou come\u00e7ar discordando :) Entendemos por framework, aquela solu\u00e7\u00e3o 'fechada' quando voc\u00ea j\u00e1 tem definido por exemplo a estrutura de diret\u00f3rios, ou a forma como voc\u00ea faz uma\u2026","rel":"","context":"Em &quot;Dev&quot;","block_context":{"text":"Dev","link":"https:\/\/www.andrefelizardo.com.br\/blog\/category\/dev\/"},"img":{"alt_text":"","src":"https:\/\/i0.wp.com\/www.andrefelizardo.com.br\/blog\/wp-content\/uploads\/2018\/01\/vuejs.png?resize=350%2C200&ssl=1","width":350,"height":200,"srcset":"https:\/\/i0.wp.com\/www.andrefelizardo.com.br\/blog\/wp-content\/uploads\/2018\/01\/vuejs.png?resize=350%2C200&ssl=1 1x, https:\/\/i0.wp.com\/www.andrefelizardo.com.br\/blog\/wp-content\/uploads\/2018\/01\/vuejs.png?resize=525%2C300&ssl=1 1.5x, https:\/\/i0.wp.com\/www.andrefelizardo.com.br\/blog\/wp-content\/uploads\/2018\/01\/vuejs.png?resize=700%2C400&ssl=1 2x"},"classes":[]}],"jetpack_sharing_enabled":true,"_links":{"self":[{"href":"https:\/\/www.andrefelizardo.com.br\/blog\/wp-json\/wp\/v2\/posts\/92","targetHints":{"allow":["GET"]}}],"collection":[{"href":"https:\/\/www.andrefelizardo.com.br\/blog\/wp-json\/wp\/v2\/posts"}],"about":[{"href":"https:\/\/www.andrefelizardo.com.br\/blog\/wp-json\/wp\/v2\/types\/post"}],"author":[{"embeddable":true,"href":"https:\/\/www.andrefelizardo.com.br\/blog\/wp-json\/wp\/v2\/users\/1"}],"replies":[{"embeddable":true,"href":"https:\/\/www.andrefelizardo.com.br\/blog\/wp-json\/wp\/v2\/comments?post=92"}],"version-history":[{"count":0,"href":"https:\/\/www.andrefelizardo.com.br\/blog\/wp-json\/wp\/v2\/posts\/92\/revisions"}],"wp:featuredmedia":[{"embeddable":true,"href":"https:\/\/www.andrefelizardo.com.br\/blog\/wp-json\/wp\/v2\/media\/238"}],"wp:attachment":[{"href":"https:\/\/www.andrefelizardo.com.br\/blog\/wp-json\/wp\/v2\/media?parent=92"}],"wp:term":[{"taxonomy":"category","embeddable":true,"href":"https:\/\/www.andrefelizardo.com.br\/blog\/wp-json\/wp\/v2\/categories?post=92"},{"taxonomy":"post_tag","embeddable":true,"href":"https:\/\/www.andrefelizardo.com.br\/blog\/wp-json\/wp\/v2\/tags?post=92"}],"curies":[{"name":"wp","href":"https:\/\/api.w.org\/{rel}","templated":true}]}}